{"id":486327,"date":"2025-10-24T08:31:11","date_gmt":"2025-10-24T08:31:11","guid":{"rendered":"https:\/\/www.europesays.com\/fr\/486327\/"},"modified":"2025-10-24T08:31:11","modified_gmt":"2025-10-24T08:31:11","slug":"la-delinquance-en-baisse-dans-le-centre-de-marseille","status":"publish","type":"post","link":"https:\/\/www.europesays.com\/fr\/486327\/","title":{"rendered":"La d\u00e9linquance en baisse dans le centre de Marseille"},"content":{"rendered":"\n<p>Quand on met les moyens, \u00e7a marche&#8230; C\u2019est en substance ce que laisse entendre la pr\u00e9fecture de police des Bouches-du-Rh\u00f4ne sur les r\u00e9seaux sociaux. Dans un post en date du mercredi 22\u00a0octobre, elle revient sur les chiffres de la d\u00e9linquance dans le centre-ville de Marseille\u00a0: une diminution de 7% pour les coups et blessures volontaires en janvier\u00a02025 par rapport \u00e0 la m\u00eame p\u00e9riode en 2024, de 33,5% sur les vols \u00e0 main arm\u00e9e, de 12,5% sur les vols par effraction. Quant aux vols \u00e0 la tire, ils diminuent de 12%, les vols d\u2019automobiles de 16,5%.<\/p>\n<p> Des effectifs d\u00e9ploy\u00e9s\n              <\/p>\n<p>Ce r\u00e9sultat est \u00e0 rapprocher de l\u2019action engag\u00e9e cet \u00e9t\u00e9 rappelle l\u2019institution. La division centre a b\u00e9n\u00e9fici\u00e9 de 25\u00a0policiers cette ann\u00e9e et une compagnie de CRS est en poste quotidiennement dans le secteur, histoire de \u00ab\u00a0saturer la voie publique\u00a0\u00bb \u00e0 des fins dissuasives. Le but\u00a0: \u00ab\u00a0ass\u00e9cher le trafic, siphonner l\u2019argent des r\u00e9seaux et interpeller leur main-d\u2019\u0153uvre\u00a0\u00bb, pr\u00e9cise-t-elle. Un dispositif \u00e9tabli gr\u00e2ce au travail des collectifs d\u2019habitants, les associations, en lien avec les \u00e9lus, se f\u00e9licite la pr\u00e9fecture de police.<\/p>\n<p>En septembre, le rouage judiciaire a aussi \u00e9t\u00e9 lanc\u00e9. Le procureur de la R\u00e9publique de Marseille, Nicolas Bessone, annon\u00e7ant officiellement, suite \u00e0 une attaque au couteau \u00e0 Belsunce, qu\u2019un groupe local de traitement de la d\u00e9linquance serait cr\u00e9\u00e9 pour le quartier.<\/p>\n<p>Le maire de Marseille n\u2019a pas manqu\u00e9 de r\u00e9agir affirmant qu\u2019\u00ab\u00a0apaiser le quotidien des habitants et des commer\u00e7ants en centre-ville\u00a0\u00bb \u00e9tait une \u00ab\u00a0priorit\u00e9 partag\u00e9e.\u00a0\u00bb Et d\u2019en profiter pour mettre en avant l\u2019action de sa police municipale qui \u00ab\u00a0m\u00e8ne depuis des mois des actions sp\u00e9cifiques dans le centre-ville\u00a0\u00bb.<\/p>\n","protected":false},"excerpt":{"rendered":"Quand on met les moyens, \u00e7a marche&#8230; C\u2019est en substance ce que laisse entendre la pr\u00e9fecture de police&hellip;\n","protected":false},"author":2,"featured_media":486328,"comment_status":"","ping_status":"","sticky":false,"template":"","format":"standard","meta":{"footnotes":""},"categories":[2814],"tags":[1111,11,834,1777,674,1011,27,884,12,882,25],"class_list":{"0":"post-486327","1":"post","2":"type-post","3":"status-publish","4":"format-standard","5":"has-post-thumbnail","7":"category-marseille","8":"tag-actu","9":"tag-actualites","10":"tag-attaque","11":"tag-eu","12":"tag-europe","13":"tag-fr","14":"tag-france","15":"tag-marseille","16":"tag-news","17":"tag-provence-alpes-cote-dazur","18":"tag-republique-francaise"},"share_on_mastodon":{"url":"https:\/\/pubeurope.com\/@fr\/115428215016250597","error":""},"_links":{"self":[{"href":"https:\/\/www.europesays.com\/fr\/wp-json\/wp\/v2\/posts\/486327","targetHints":{"allow":["GET"]}}],"collection":[{"href":"https:\/\/www.europesays.com\/fr\/wp-json\/wp\/v2\/posts"}],"about":[{"href":"https:\/\/www.europesays.com\/fr\/wp-json\/wp\/v2\/types\/post"}],"author":[{"embeddable":true,"href":"https:\/\/www.europesays.com\/fr\/wp-json\/wp\/v2\/users\/2"}],"replies":[{"embeddable":true,"href":"https:\/\/www.europesays.com\/fr\/wp-json\/wp\/v2\/comments?post=486327"}],"version-history":[{"count":0,"href":"https:\/\/www.europesays.com\/fr\/wp-json\/wp\/v2\/posts\/486327\/revisions"}],"wp:featuredmedia":[{"embeddable":true,"href":"https:\/\/www.europesays.com\/fr\/wp-json\/wp\/v2\/media\/486328"}],"wp:attachment":[{"href":"https:\/\/www.europesays.com\/fr\/wp-json\/wp\/v2\/media?parent=486327"}],"wp:term":[{"taxonomy":"category","embeddable":true,"href":"https:\/\/www.europesays.com\/fr\/wp-json\/wp\/v2\/categories?post=486327"},{"taxonomy":"post_tag","embeddable":true,"href":"https:\/\/www.europesays.com\/fr\/wp-json\/wp\/v2\/tags?post=486327"}],"curies":[{"name":"wp","href":"https:\/\/api.w.org\/{rel}","templated":true}]}}