{"id":486329,"date":"2025-10-24T08:32:17","date_gmt":"2025-10-24T08:32:17","guid":{"rendered":"https:\/\/www.europesays.com\/fr\/486329\/"},"modified":"2025-10-24T08:32:17","modified_gmt":"2025-10-24T08:32:17","slug":"claude-ravel-promet-la-fete-de-la-course-a-pied-ce-dimanche","status":"publish","type":"post","link":"https:\/\/www.europesays.com\/fr\/486329\/","title":{"rendered":"Claude Ravel promet \u00ab\u00a0la f\u00eate de la course \u00e0 pied\u00a0\u00bb ce dimanche !"},"content":{"rendered":"<p>L&rsquo;effervescence monte \u00e0 l&rsquo;approche de la 46e \u00e9dition de Marseille-Cassis ! Ce dimanche 26 octobre, 20 000 coureurs s&rsquo;\u00e9lanceront du V\u00e9lodrome pour affronter les 20 kilom\u00e8tres mythiques jusqu&rsquo;au port de Cassis. <\/p>\n<p>Claude Ravel, pr\u00e9sident de la Sco Ste Marguerite et organisateur historique, invit\u00e9 ce matin de Maritima, se r\u00e9jouit d&rsquo;un engouement toujours aussi fort pour <a href=\"https:\/\/maritima.fr\/actualites\/sports\/marseille\/9570\/46e-edition-de-marseille-cassis-20-000-coureurs-dont-deux-champions-du-monde\" target=\"_blank\" rel=\"noopener\">cette course Marseille-Cassis<\/a> class\u00e9e parmi les plus belles du monde, malgr\u00e9 une difficult\u00e9 bien r\u00e9elle.<\/p>\n<p>\u00a0<\/p>\n<p><strong>Un succ\u00e8s populaire jamais d\u00e9menti<\/strong><\/p>\n<p>\u00a0<\/p>\n<p>\u00ab\u00a0On n&rsquo;est jamais blas\u00e9\u00a0\u00bb, assure Claude Ravel face au succ\u00e8s constant de l&rsquo;\u00e9preuve. Cette ann\u00e9e encore, la jauge des 20 000 participants a \u00e9t\u00e9 atteinte rapidement, laissant <strong>21 000 personnes en attente<\/strong>. Un chiffre limit\u00e9 \u00ab\u00a0au niveau de la s\u00e9curit\u00e9\u00a0\u00bb, pr\u00e9cise l&rsquo;organisateur, pour \u00e9viter que la course ne s&rsquo;\u00e9tire \u00ab\u00a0toute la journ\u00e9e\u00a0\u00bb.<\/p>\n<p>Cette popularit\u00e9 place Marseille-Cassis dans le <strong>\u00ab\u00a0top 50 des meilleures courses mondiales\u00a0\u00bb<\/strong>, une \u00ab\u00a0superbe reconnaissance\u00a0\u00bb pour l&rsquo;organisation et les b\u00e9n\u00e9voles.<\/p>\n<p>\u00a0<\/p>\n<p><strong>La Gineste, les Calanques&#8230; un d\u00e9cor exceptionnel mais exigeant<\/strong><\/p>\n<p>\u00a0<\/p>\n<p>Le secret de ce succ\u00e8s r\u00e9side bien s\u00fbr dans son parcours unique. Du d\u00e9part \u00ab\u00a0mythique\u00a0\u00bb du V\u00e9lodrome \u00e0 l&rsquo;arriv\u00e9e \u00ab\u00a0exceptionnelle\u00a0\u00bb sur le port de Cassis avec vue sur Cap Canaille, en passant par la redout\u00e9e mont\u00e9e de la <strong>Gineste<\/strong> et la travers\u00e9e du <strong>Parc National des Calanques<\/strong>, le trac\u00e9 offre des panoramas \u00e9poustouflants. \u00ab\u00a0C&rsquo;est je pense la plus belle course au monde au niveau parcours, il n&rsquo;y a pas photo\u00a0\u00bb, affirme Claude Ravel.<\/p>\n<p>Mais la beaut\u00e9 a un prix : la difficult\u00e9. L&rsquo;organisateur rappelle que la course est exigeante et n\u00e9cessite \u00ab\u00a0un minimum d&rsquo;entra\u00eenement\u00a0\u00bb. \u00ab\u00a0\u00c7a doit \u00eatre la f\u00eate de la course \u00e0 pied, \u00e7a ne doit pas \u00eatre un effort physique extraordinaire au p\u00e9ril de sa vie\u00a0\u00bb. Bonne nouvelle cependant : la <strong>m\u00e9t\u00e9o<\/strong> de dimanche s&rsquo;annonce <strong>favorable<\/strong>, permettant de courir \u00ab\u00a0sur un terrain sec\u00a0\u00bb.<\/p>\n<p>\u00a0<\/p>\n<p><strong>Des challenges personnels et un plateau relev\u00e9<\/strong><\/p>\n<p>\u00a0<\/p>\n<p>Au-del\u00e0 de la comp\u00e9tition, Marseille-Cassis est un \u00ab\u00a0vrai challenge\u00a0\u00bb personnel, familial, amical ou m\u00eame entre coll\u00e8gues. Mais la course attire aussi les \u00e9lites.<\/p>\n<p>Chez les hommes, la pr\u00e9sence de <strong>Jimmy Gressier<\/strong>, r\u00e9cent champion du monde du 10 000m, est un \u00e9v\u00e9nement, m\u00eame s&rsquo;il vient \u00ab\u00a0pour se faire plaisir\u00a0\u00bb, sans viser la victoire \u00e0 tout prix. Chez les femmes, la bataille s&rsquo;annonce serr\u00e9e avec le retour du podium fran\u00e7ais de l&rsquo;an dernier : <strong>Cl\u00e9mence Calvin<\/strong> (<a href=\"https:\/\/maritima.fr\/actualites\/sports\/martigues\/3794\/marseille-cassis-cette-victoire-a-le-gout-du-bon-pain-pour-la-martegale-clemence-calvin\" target=\"_blank\" rel=\"noopener\">laur\u00e9ate 2024<\/a>), Orph\u00e9lie Claude-Boxberger et Manon Cost, auxquelles s&rsquo;ajoute <strong>Manon Trapp<\/strong>, deuxi\u00e8me du marathon de S\u00e9ville.<\/p>\n<p>Claude Ravel pense d&rsquo;ailleurs que les records pourraient encore tomber \u00e0 l&rsquo;avenir, avec des chronos passant sous l&rsquo;heure chez les hommes et sous 1h10 chez les femmes.<\/p>\n<p>\u00a0<\/p>\n<p><a href=\"https:\/\/maritima.fr\/radio\/replays?emission=2&amp;replay=6698\" target=\"_blank\" rel=\"noopener\"><strong>Retrouvez ici l&rsquo;interview compl\u00e8te de Claude Ravel (Sco Ste Marguerite) au micro de Didier Gesualdi<\/strong><\/a><\/p>\n","protected":false},"excerpt":{"rendered":"L&rsquo;effervescence monte \u00e0 l&rsquo;approche de la 46e \u00e9dition de Marseille-Cassis ! Ce dimanche 26 octobre, 20 000 coureurs&hellip;\n","protected":false},"author":2,"featured_media":486330,"comment_status":"","ping_status":"","sticky":false,"template":"","format":"standard","meta":{"footnotes":""},"categories":[2814],"tags":[1111,11,60958,11488,1777,674,1011,27,884,54068,12,882,25],"class_list":{"0":"post-486329","1":"post","2":"type-post","3":"status-publish","4":"format-standard","5":"has-post-thumbnail","7":"category-marseille","8":"tag-actu","9":"tag-actualites","10":"tag-cassis","11":"tag-course-pedestre","12":"tag-eu","13":"tag-europe","14":"tag-fr","15":"tag-france","16":"tag-marseille","17":"tag-marseille-cassis","18":"tag-news","19":"tag-provence-alpes-cote-dazur","20":"tag-republique-francaise"},"share_on_mastodon":{"url":"https:\/\/pubeurope.com\/@fr\/115428218978670869","error":""},"_links":{"self":[{"href":"https:\/\/www.europesays.com\/fr\/wp-json\/wp\/v2\/posts\/486329","targetHints":{"allow":["GET"]}}],"collection":[{"href":"https:\/\/www.europesays.com\/fr\/wp-json\/wp\/v2\/posts"}],"about":[{"href":"https:\/\/www.europesays.com\/fr\/wp-json\/wp\/v2\/types\/post"}],"author":[{"embeddable":true,"href":"https:\/\/www.europesays.com\/fr\/wp-json\/wp\/v2\/users\/2"}],"replies":[{"embeddable":true,"href":"https:\/\/www.europesays.com\/fr\/wp-json\/wp\/v2\/comments?post=486329"}],"version-history":[{"count":0,"href":"https:\/\/www.europesays.com\/fr\/wp-json\/wp\/v2\/posts\/486329\/revisions"}],"wp:featuredmedia":[{"embeddable":true,"href":"https:\/\/www.europesays.com\/fr\/wp-json\/wp\/v2\/media\/486330"}],"wp:attachment":[{"href":"https:\/\/www.europesays.com\/fr\/wp-json\/wp\/v2\/media?parent=486329"}],"wp:term":[{"taxonomy":"category","embeddable":true,"href":"https:\/\/www.europesays.com\/fr\/wp-json\/wp\/v2\/categories?post=486329"},{"taxonomy":"post_tag","embeddable":true,"href":"https:\/\/www.europesays.com\/fr\/wp-json\/wp\/v2\/tags?post=486329"}],"curies":[{"name":"wp","href":"https:\/\/api.w.org\/{rel}","templated":true}]}}