{"id":486349,"date":"2025-10-24T08:44:10","date_gmt":"2025-10-24T08:44:10","guid":{"rendered":"https:\/\/www.europesays.com\/fr\/486349\/"},"modified":"2025-10-24T08:44:10","modified_gmt":"2025-10-24T08:44:10","slug":"le-maire-dodessa-oppose-a-la-derussification-dechu-de-sa-nationalite-ukrainienne-et-remplace-par-une-administration-militaire-2","status":"publish","type":"post","link":"https:\/\/www.europesays.com\/fr\/486349\/","title":{"rendered":"Le maire d\u2019Odessa, oppos\u00e9 \u00e0 la \u00abd\u00e9russification\u00bb, d\u00e9chu de sa nationalit\u00e9 ukrainienne et remplac\u00e9 par une administration militaire"},"content":{"rendered":"<p>    R\u00e9sum\u00e9 en 20 secondes<\/p>\n<p>        En savoir plus sur ce type de contenu<\/p>\n<p>Ce r\u00e9sum\u00e9 peut avoir \u00e9t\u00e9 \u00e9crit avec l&rsquo;assistance d\u2019une IA g\u00e9n\u00e9rative. <a href=\"https:\/\/www.letemps.ch\/cyber\/l-usage-de-l-ia-generative-par-les-journalistes-du-temps\" target=\"_blank\" rel=\"noopener\">En savoir plus<\/a><\/p>\n<p class=\"article__abstract-call-to-action\" data-ariato=\"TrackableElement\" data-trackable-element-type=\"article_abstract_cta\" data-trackable-element-location=\"article_header\" data-trackable-element-id=\"510067\">\n        <a data-event=\"click-&gt;clicked\" href=\"https:\/\/www.letemps.ch\/abonnements\" target=\"_blank\" rel=\"noopener\">Abonnez-vous<\/a> pour acc\u00e9der au r\u00e9sum\u00e9 en 20 secondes.\n      <\/p>\n<p>Le pr\u00e9sident Volodymyr Zelensky a d\u00e9chu de sa citoyennet\u00e9 ukrainienne le maire d\u2019Odessa, ville portuaire sur la mer Noire fond\u00e9e par l\u2019imp\u00e9ratrice Catherine\u00a0II en 1794. Le motif: le Service de s\u00e9curit\u00e9 d\u2019Ukraine (SBU) ont d\u00e9couvert que l\u2019\u00e9dile, Hennadiy Troukhanov, avait un passeport russe, en plus de l\u2019ukrainien, ce qui contrevient \u00e0 la loi.<\/p>\n<p>Priv\u00e9 de sa citoyennet\u00e9 ukrainienne, Hennadiy Troukhanov est du m\u00eame coup \u00e9vinc\u00e9 de la mairie d\u2019Odessa. Le politicien, natif d\u2019Odessa, nie tout en bloc, fulmine et promet d\u2019utiliser tous les recours l\u00e9gaux pour renverser cette d\u00e9cision. Il se dit victime d\u2019une machination politique: \u00abJe suis Ukrainien de p\u00e8re et de m\u00e8re, patriote, fervent critique du pouvoir russe et ennemi de Vladimir Poutine. On me calomnie pour me tuer politiquement et me r\u00e9duire au silence. Mais je me battrai pour d\u00e9fendre mon honneur. J\u2019ai fait recours de cette d\u00e9cision. J\u2019irai devant la plus haute juridiction d\u2019Ukraine et, s\u2019il le faut, devant la Cour europ\u00e9enne des droits de l\u2019homme.\u00bb<\/p>\n","protected":false},"excerpt":{"rendered":"R\u00e9sum\u00e9 en 20 secondes En savoir plus sur ce type de contenu Ce r\u00e9sum\u00e9 peut avoir \u00e9t\u00e9 \u00e9crit&hellip;\n","protected":false},"author":2,"featured_media":486093,"comment_status":"","ping_status":"","sticky":false,"template":"","format":"standard","meta":{"footnotes":""},"categories":[1590],"tags":[11,1777,674,12,301,132,220,134],"class_list":{"0":"post-486349","1":"post","2":"type-post","3":"status-publish","4":"format-standard","5":"has-post-thumbnail","7":"category-ukraine","8":"tag-actualites","9":"tag-eu","10":"tag-europe","11":"tag-news","12":"tag-premium","13":"tag-russie","14":"tag-ukraine","15":"tag-volodymyr-zelensky"},"share_on_mastodon":{"url":"https:\/\/pubeurope.com\/@fr\/115428266207783421","error":""},"_links":{"self":[{"href":"https:\/\/www.europesays.com\/fr\/wp-json\/wp\/v2\/posts\/486349","targetHints":{"allow":["GET"]}}],"collection":[{"href":"https:\/\/www.europesays.com\/fr\/wp-json\/wp\/v2\/posts"}],"about":[{"href":"https:\/\/www.europesays.com\/fr\/wp-json\/wp\/v2\/types\/post"}],"author":[{"embeddable":true,"href":"https:\/\/www.europesays.com\/fr\/wp-json\/wp\/v2\/users\/2"}],"replies":[{"embeddable":true,"href":"https:\/\/www.europesays.com\/fr\/wp-json\/wp\/v2\/comments?post=486349"}],"version-history":[{"count":0,"href":"https:\/\/www.europesays.com\/fr\/wp-json\/wp\/v2\/posts\/486349\/revisions"}],"wp:featuredmedia":[{"embeddable":true,"href":"https:\/\/www.europesays.com\/fr\/wp-json\/wp\/v2\/media\/486093"}],"wp:attachment":[{"href":"https:\/\/www.europesays.com\/fr\/wp-json\/wp\/v2\/media?parent=486349"}],"wp:term":[{"taxonomy":"category","embeddable":true,"href":"https:\/\/www.europesays.com\/fr\/wp-json\/wp\/v2\/categories?post=486349"},{"taxonomy":"post_tag","embeddable":true,"href":"https:\/\/www.europesays.com\/fr\/wp-json\/wp\/v2\/tags?post=486349"}],"curies":[{"name":"wp","href":"https:\/\/api.w.org\/{rel}","templated":true}]}}