{"id":486354,"date":"2025-10-24T08:50:15","date_gmt":"2025-10-24T08:50:15","guid":{"rendered":"https:\/\/www.europesays.com\/fr\/486354\/"},"modified":"2025-10-24T08:50:15","modified_gmt":"2025-10-24T08:50:15","slug":"lallemagne-a-la-recherche-de-solutions-pour-contrer-la-penurie-de-semi-conducteurs","status":"publish","type":"post","link":"https:\/\/www.europesays.com\/fr\/486354\/","title":{"rendered":"L&rsquo;Allemagne \u00e0 la recherche de solutions pour contrer la p\u00e9nurie de semi-conducteurs"},"content":{"rendered":"<p class=\"ap-StoryElement ap-StoryElement--mb ap-StoryText\">L&rsquo;entreprise fabrique en Allemagne, \u00e0 Hambourg, des puces ensuite exp\u00e9di\u00e9es en Chine, o\u00f9 elles sont conditionn\u00e9es, avant d&rsquo;\u00eatre renvoy\u00e9es en Europe ou d&rsquo;autres parties du monde.<\/p>\n<p class=\"ap-StoryElement ap-StoryElement--mb ap-StoryText\">Mais P\u00e9kin a interdit ces r\u00e9exportations, faisant rapidement monter les inqui\u00e9tudes des constructeurs automobiles, qui utilisent massivement les puces Nexperia dans leurs syst\u00e8mes \u00e9lectroniques embarqu\u00e9s.<\/p>\n<p class=\"ap-StoryElement ap-StoryElement--mb ap-StoryText\">Selon la ministre allemande, une solution est en cours d&rsquo;\u00e9laboration. \u00ab\u00a0Il n&rsquo;y en a pas encore pour l&rsquo;instant, mais nous y travaillons\u00a0\u00bb. Le gouvernement allemand a pris contact avec le ministre chinois du Commerce afin de rendre l&rsquo;exportation de semi-conducteurs \u00e0 nouveau possible.<\/p>\n","protected":false},"excerpt":{"rendered":"L&rsquo;entreprise fabrique en Allemagne, \u00e0 Hambourg, des puces ensuite exp\u00e9di\u00e9es en Chine, o\u00f9 elles sont conditionn\u00e9es, avant d&rsquo;\u00eatre&hellip;\n","protected":false},"author":2,"featured_media":2837,"comment_status":"","ping_status":"","sticky":false,"template":"","format":"standard","meta":{"footnotes":""},"categories":[1587],"tags":[11,672,646,9999,1804,1805,1803,313,1777,674,1801,12,1802],"class_list":{"0":"post-486354","1":"post","2":"type-post","3":"status-publish","4":"format-standard","5":"has-post-thumbnail","7":"category-allemagne","8":"tag-actualites","9":"tag-allemagne","10":"tag-automobile","11":"tag-belgium","12":"tag-bundesrepublik-deutschland","13":"tag-de","14":"tag-deutschland","15":"tag-entreprises","16":"tag-eu","17":"tag-europe","18":"tag-germany","19":"tag-news","20":"tag-republique-federale-dallemagne"},"share_on_mastodon":{"url":"https:\/\/pubeurope.com\/@fr\/115428289777137006","error":""},"_links":{"self":[{"href":"https:\/\/www.europesays.com\/fr\/wp-json\/wp\/v2\/posts\/486354","targetHints":{"allow":["GET"]}}],"collection":[{"href":"https:\/\/www.europesays.com\/fr\/wp-json\/wp\/v2\/posts"}],"about":[{"href":"https:\/\/www.europesays.com\/fr\/wp-json\/wp\/v2\/types\/post"}],"author":[{"embeddable":true,"href":"https:\/\/www.europesays.com\/fr\/wp-json\/wp\/v2\/users\/2"}],"replies":[{"embeddable":true,"href":"https:\/\/www.europesays.com\/fr\/wp-json\/wp\/v2\/comments?post=486354"}],"version-history":[{"count":0,"href":"https:\/\/www.europesays.com\/fr\/wp-json\/wp\/v2\/posts\/486354\/revisions"}],"wp:featuredmedia":[{"embeddable":true,"href":"https:\/\/www.europesays.com\/fr\/wp-json\/wp\/v2\/media\/2837"}],"wp:attachment":[{"href":"https:\/\/www.europesays.com\/fr\/wp-json\/wp\/v2\/media?parent=486354"}],"wp:term":[{"taxonomy":"category","embeddable":true,"href":"https:\/\/www.europesays.com\/fr\/wp-json\/wp\/v2\/categories?post=486354"},{"taxonomy":"post_tag","embeddable":true,"href":"https:\/\/www.europesays.com\/fr\/wp-json\/wp\/v2\/tags?post=486354"}],"curies":[{"name":"wp","href":"https:\/\/api.w.org\/{rel}","templated":true}]}}