{"id":486357,"date":"2025-10-24T08:52:19","date_gmt":"2025-10-24T08:52:19","guid":{"rendered":"https:\/\/www.europesays.com\/fr\/486357\/"},"modified":"2025-10-24T08:52:19","modified_gmt":"2025-10-24T08:52:19","slug":"lue-ne-parvient-pas-a-un-accord-sur-lutilisation-des-avoirs-russes-geles-pour-financer-laide-a-lukraine-xinhua","status":"publish","type":"post","link":"https:\/\/www.europesays.com\/fr\/486357\/","title":{"rendered":"L&rsquo;UE ne parvient pas \u00e0 un accord sur l&rsquo;utilisation des avoirs russes gel\u00e9s pour financer l&rsquo;aide \u00e0 l&rsquo;Ukraine &#8211; Xinhua"},"content":{"rendered":"<p><img decoding=\"async\" controls=\"controls\" src=\"https:\/\/www.europesays.com\/fr\/wp-content\/uploads\/2025\/10\/2025102476657327bdf344eb92d1eeb7b2bf34a0_XxjifrF000038_20251024_CBMFN0A001.JPG\"\/><\/p>\n<p>BRUXELLES, 24 octobre (Xinhua) &#8212; La cheffe de la diplomatie de l&rsquo;Union europ\u00e9enne, Kaja Kallas, participe \u00e0 un sommet du Conseil europ\u00e9en \u00e0 Bruxelles en Belgique, le 23 octobre 2025. Les dirigeants de l&rsquo;Union europ\u00e9enne (UE) n&rsquo;ont pas r\u00e9ussi jeudi \u00e0 s&rsquo;entendre sur un plan visant \u00e0 utiliser les avoirs russes gel\u00e9s pour financer de nouveaux pr\u00eats \u00e0 l&rsquo;Ukraine, apr\u00e8s que des divisions ont refait surface lors du sommet. (Xinhua\/Peng Ziyang)<\/p>\n<p><img decoding=\"async\" controls=\"controls\" src=\"https:\/\/www.europesays.com\/fr\/wp-content\/uploads\/2025\/10\/2025102476657327bdf344eb92d1eeb7b2bf34a0_XxjifrF000038_20251024_CBMFN0A002.JPG\"\/><\/p>\n<p>Le Premier ministre espagnol Pedro Sanchez participe \u00e0 un sommet du Conseil europ\u00e9en \u00e0 Bruxelles en Belgique, le 23 octobre 2025. (Xinhua\/Peng Ziyang)<\/p>\n","protected":false},"excerpt":{"rendered":"BRUXELLES, 24 octobre (Xinhua) &#8212; La cheffe de la diplomatie de l&rsquo;Union europ\u00e9enne, Kaja Kallas, participe \u00e0 un&hellip;\n","protected":false},"author":2,"featured_media":486358,"comment_status":"","ping_status":"","sticky":false,"template":"","format":"standard","meta":{"footnotes":""},"categories":[1586],"tags":[11,18787,1777,674,1779,1011,27,12,25,1778,220,364],"class_list":{"0":"post-486357","1":"post","2":"type-post","3":"status-publish","4":"format-standard","5":"has-post-thumbnail","7":"category-europe","8":"tag-actualites","9":"tag-conseil-europeen","10":"tag-eu","11":"tag-europe","12":"tag-european-union","13":"tag-fr","14":"tag-france","15":"tag-news","16":"tag-republique-francaise","17":"tag-ue","18":"tag-ukraine","19":"tag-union-europeenne"},"share_on_mastodon":{"url":"https:\/\/pubeurope.com\/@fr\/115428297687465183","error":""},"_links":{"self":[{"href":"https:\/\/www.europesays.com\/fr\/wp-json\/wp\/v2\/posts\/486357","targetHints":{"allow":["GET"]}}],"collection":[{"href":"https:\/\/www.europesays.com\/fr\/wp-json\/wp\/v2\/posts"}],"about":[{"href":"https:\/\/www.europesays.com\/fr\/wp-json\/wp\/v2\/types\/post"}],"author":[{"embeddable":true,"href":"https:\/\/www.europesays.com\/fr\/wp-json\/wp\/v2\/users\/2"}],"replies":[{"embeddable":true,"href":"https:\/\/www.europesays.com\/fr\/wp-json\/wp\/v2\/comments?post=486357"}],"version-history":[{"count":0,"href":"https:\/\/www.europesays.com\/fr\/wp-json\/wp\/v2\/posts\/486357\/revisions"}],"wp:featuredmedia":[{"embeddable":true,"href":"https:\/\/www.europesays.com\/fr\/wp-json\/wp\/v2\/media\/486358"}],"wp:attachment":[{"href":"https:\/\/www.europesays.com\/fr\/wp-json\/wp\/v2\/media?parent=486357"}],"wp:term":[{"taxonomy":"category","embeddable":true,"href":"https:\/\/www.europesays.com\/fr\/wp-json\/wp\/v2\/categories?post=486357"},{"taxonomy":"post_tag","embeddable":true,"href":"https:\/\/www.europesays.com\/fr\/wp-json\/wp\/v2\/tags?post=486357"}],"curies":[{"name":"wp","href":"https:\/\/api.w.org\/{rel}","templated":true}]}}