{"id":486363,"date":"2025-10-24T08:55:16","date_gmt":"2025-10-24T08:55:16","guid":{"rendered":"https:\/\/www.europesays.com\/fr\/486363\/"},"modified":"2025-10-24T08:55:16","modified_gmt":"2025-10-24T08:55:16","slug":"miss-france-2026-les-candidates-lanceront-leur-aventure-sur-les-terres-dangelique-angarni-filopon","status":"publish","type":"post","link":"https:\/\/www.europesays.com\/fr\/486363\/","title":{"rendered":"Miss France 2026 : les candidates lanceront leur aventure sur les terres d&rsquo;Ang\u00e9lique Angarni-Filopon"},"content":{"rendered":"<ul class=\"jsx-862013697 ArticleChapo__List\">\n<li class=\"jsx-862013697 ArticleChapo__List_Item flex\">Les 30 pr\u00e9tendantes \u00e0 la couronne de Miss France 2026 connaissent d\u00e9sormais la destination du traditionnel voyage de pr\u00e9paration.<\/li>\n<li class=\"jsx-862013697 ArticleChapo__List_Item flex\">C\u2019est en Martinique, qui a sacr\u00e9 sa premi\u00e8re reine de beaut\u00e9 nationale l\u2019an dernier, que les jeunes femmes d\u00e9buteront leur pr\u00e9paration en vue de la c\u00e9r\u00e9monie du 6 d\u00e9cembre \u00e0 Amiens.<\/li>\n<\/ul>\n<p data-module=\"article-paragraph\" class=\"jsx-3046738180 Paragraph Paragraph__End\">Le compte \u00e0 rebours est lanc\u00e9. Quelques jours apr\u00e8s l\u2019\u00e9lection de <a href=\"https:\/\/www.tf1info.fr\/culture\/miss-france-2026-candidates-de-l-alsace-a-tahiti-qui-representera-votre-region-2382342.html\" target=\"_blank\" rel=\"noopener\">la derni\u00e8re Miss r\u00e9gionale de la promotion<\/a>, les 30 candidates peuvent commencer \u00e0 se projeter un peu plus loin dans l\u2019aventure Miss France 2026. Les pr\u00e9tendantes au titre s\u2019envoleront tr\u00e8s prochainement pour la Martinique, destination choisie pour le traditionnel voyage de pr\u00e9paration. Un s\u00e9jour lors duquel les jeunes femmes apprendront \u00e0 se conna\u00eetre entre les cours de catwalk, les s\u00e9ances photos officielles et <a href=\"https:\/\/www.tf1info.fr\/culture\/miss-france-2025-test-de-culture-generale-quelle-note-auriez-vous-obtenu-au-quiz-des-candidates-2335404.html\" target=\"_blank\" rel=\"noopener\">le redoutable questionnaire de culture g\u00e9n\u00e9rale<\/a>.<\/p>\n<p>Miss France 2025 comme guide sur place<\/p>\n<p data-module=\"article-paragraph\" class=\"jsx-3046738180 Paragraph Paragraph__End\">\u00ab\u00a0Ce voyage aura une r\u00e9sonance particuli\u00e8re cette ann\u00e9e, puisque la Martinique est la r\u00e9gion d\u2019Ang\u00e9lique Angarni-Filopon, Miss France 2025. Les 30 candidates auront ainsi le privil\u00e8ge de d\u00e9couvrir l\u2019\u00eele \u00e0 ses c\u00f4t\u00e9s et partageront des moments uniques de d\u00e9couverte et de coh\u00e9sion\u00a0\u00bb, pr\u00e9cise la Soci\u00e9t\u00e9 Miss France dans un communiqu\u00e9. L\u2019ancienne h\u00f4tesse de l\u2019air, <a href=\"https:\/\/www.tf1info.fr\/culture\/interview-miss-france-2025-apres-son-sacre-angelique-angarni-filopon-a-hate-de-tout-ma-troisieme-participation-aura-ete-la-bonne-2339974.html\" target=\"_blank\" rel=\"noopener\">qui vient tout juste de f\u00eater ses 35 ans<\/a>, accompagnera celles qu\u2019elle a d\u00e9j\u00e0 couronn\u00e9es en r\u00e9gions ces derniers mois. Un retour sur ses terres qui ravit d\u00e9j\u00e0 sur place.<\/p>\n<p data-module=\"article-paragraph\" class=\"jsx-3046738180 Paragraph Paragraph__End\">B\u00e9n\u00e9dicte di G\u00e9ronimo, pr\u00e9sidente du Comit\u00e9 martiniquais du tourisme, fait part de sa \u00ab\u00a0fiert\u00e9 profonde\u00a0\u00bb d\u2019accueillir cette premi\u00e8re \u00e9tape du concours. \u00ab\u00a0Cet \u00e9v\u00e9nement rev\u00eat une dimension symbolique forte : il traduit la reconnaissance de tout un territoire \u00e0 l\u2019\u00e9gard d\u2019Ang\u00e9lique Angarni-Filopon, Miss France 2025 qui a su, tout au long de son r\u00e8gne, incarner avec \u00e9l\u00e9gance, dignit\u00e9 et fiert\u00e9 l\u2019esprit et les valeurs de la Martinique\u00a0\u00bb, ajoute-t-elle.<\/p>\n<p><a href=\"https:\/\/www.tf1info.fr\/culture\/miss-france-2026-candidates-de-l-alsace-a-tahiti-qui-representera-votre-region-2382342.html\" rel=\"noopener\" class=\"jsx-3308031228 Link flex\" target=\"_blank\"><img decoding=\"async\" src=\"https:\/\/www.europesays.com\/fr\/wp-content\/uploads\/2025\/10\/miss-france-2025-2-deae74-0@1x.jpeg\" alt=\"ROMAIN PERROCHEAU \/ AFP\" loading=\"lazy\" importance=\"low\" fetchpriority=\"low\" class=\"\" aria-hidden=\"true\"\/><\/p>\n<p class=\"jsx-3657663356 ReadMoreArticle__Title\">Lire aussi<\/p>\n<p class=\"jsx-3657663356\">Miss France 2026 : de l&rsquo;Alsace \u00e0 Tahiti, qui repr\u00e9sentera votre r\u00e9gion ?<\/p>\n<p><\/a><\/p>\n<p data-module=\"article-paragraph\" class=\"jsx-3046738180 Paragraph Paragraph__End\">Dans une vid\u00e9o partag\u00e9e sur les r\u00e9seaux sociaux, Ang\u00e9lique Angarni-Filopon joue les cheffes de cabine et promet \u00ab\u00a0une exp\u00e9rience inoubliable\u00a0\u00bb \u00e0 celles qui esp\u00e8rent bien lui succ\u00e9der. Apr\u00e8s ces quelques jours pass\u00e9s sous le soleil des Cara\u00efbes, les candidates rejoindront la Somme o\u00f9 elles encha\u00eeneront les r\u00e9p\u00e9titions de la c\u00e9r\u00e9monie dont on ne sait pour l\u2019instant rien, si ce n\u2019est qu\u2019elle se d\u00e9roulera au Z\u00e9nith d\u2019Amiens le samedi 6 d\u00e9cembre. Le th\u00e8me de la soir\u00e9e, diffus\u00e9e en direct sur TF1 et en streaming sur TF1+, doit \u00eatre d\u00e9voil\u00e9 avant le d\u00e9part pour la Martinique.<\/p>\n<p>Delphine DE FREITAS<\/p>\n","protected":false},"excerpt":{"rendered":"Les 30 pr\u00e9tendantes \u00e0 la couronne de Miss France 2026 connaissent d\u00e9sormais la destination du traditionnel voyage de&hellip;\n","protected":false},"author":2,"featured_media":486364,"comment_status":"","ping_status":"","sticky":false,"template":"","format":"standard","meta":{"footnotes":""},"categories":[4],"tags":[1111,11,1921,1011,27,1922,2041,3034,12,25,199,133,2040],"class_list":{"0":"post-486363","1":"post","2":"type-post","3":"status-publish","4":"format-standard","5":"has-post-thumbnail","7":"category-france","8":"tag-actu","9":"tag-actualites","10":"tag-article-video","11":"tag-fr","12":"tag-france","13":"tag-info","14":"tag-medias-et-divertissement","15":"tag-miss-france","16":"tag-news","17":"tag-republique-francaise","18":"tag-tf1","19":"tag-video","20":"tag-video-culture"},"share_on_mastodon":{"url":"https:\/\/pubeurope.com\/@fr\/115428309733361695","error":""},"_links":{"self":[{"href":"https:\/\/www.europesays.com\/fr\/wp-json\/wp\/v2\/posts\/486363","targetHints":{"allow":["GET"]}}],"collection":[{"href":"https:\/\/www.europesays.com\/fr\/wp-json\/wp\/v2\/posts"}],"about":[{"href":"https:\/\/www.europesays.com\/fr\/wp-json\/wp\/v2\/types\/post"}],"author":[{"embeddable":true,"href":"https:\/\/www.europesays.com\/fr\/wp-json\/wp\/v2\/users\/2"}],"replies":[{"embeddable":true,"href":"https:\/\/www.europesays.com\/fr\/wp-json\/wp\/v2\/comments?post=486363"}],"version-history":[{"count":0,"href":"https:\/\/www.europesays.com\/fr\/wp-json\/wp\/v2\/posts\/486363\/revisions"}],"wp:featuredmedia":[{"embeddable":true,"href":"https:\/\/www.europesays.com\/fr\/wp-json\/wp\/v2\/media\/486364"}],"wp:attachment":[{"href":"https:\/\/www.europesays.com\/fr\/wp-json\/wp\/v2\/media?parent=486363"}],"wp:term":[{"taxonomy":"category","embeddable":true,"href":"https:\/\/www.europesays.com\/fr\/wp-json\/wp\/v2\/categories?post=486363"},{"taxonomy":"post_tag","embeddable":true,"href":"https:\/\/www.europesays.com\/fr\/wp-json\/wp\/v2\/tags?post=486363"}],"curies":[{"name":"wp","href":"https:\/\/api.w.org\/{rel}","templated":true}]}}