{"id":486369,"date":"2025-10-24T08:59:10","date_gmt":"2025-10-24T08:59:10","guid":{"rendered":"https:\/\/www.europesays.com\/fr\/486369\/"},"modified":"2025-10-24T08:59:10","modified_gmt":"2025-10-24T08:59:10","slug":"ugo-humbert-reilly-opelka-atp-500-bale-quarts-de-finale-vendredi-24-octobre-2025-lequipe","status":"publish","type":"post","link":"https:\/\/www.europesays.com\/fr\/486369\/","title":{"rendered":"Ugo Humbert &#8211; Reilly Opelka, ATP 500, B\u00e2le, Quarts de finale, Vendredi 24 octobre 2025 &#8211; L&#039;\u00c9quipe"},"content":{"rendered":"<ol>\n<li><a href=\"https:\/\/news.google.com\/rss\/articles\/CBMivgFBVV95cUxOOWVUcUZuV0o3MGxPN2Z3RUU2N3hZelA1S1FGQ0NaUnNUU3hkd3MySHAzTDhCcFlzZkN3bjUwd2k4a3RPbno0X3E4ZllOZ1ZiZXNVTlotZ1hmajBBcDZkQlI1R2huTXlhM2NuaW5uZThaNVhjcjRDdXo2NlFCaHZXLUZKbkZvV0hLV0tSQjlCOXpqMTFCMWFiOEFaMTE5MU82SnhVOGZBODR5UVVJQm9rTGdnR0hEOG54N1duM1VB?oc=5\" target=\"_blank\" rel=\"nofollow noopener\">Ugo Humbert &#8211; Reilly Opelka, ATP 500, B\u00e2le, Quarts de finale, Vendredi 24 octobre 2025<\/a>&nbsp;&nbsp;L&rsquo;\u00c9quipe<\/li>\n<li><a href=\"https:\/\/news.google.com\/rss\/articles\/CBMiwwFBVV95cUxOX2NkTnpBWkdOcmQxRDNlMHpTa3lZTThzbmV2Vkl2WU1qYkNFMmdmTGtzUUJxdnFqbVN2d1lqckxyVVZLNm1IcEhHQzJpa2lQeGlKYWc4V2F5UXFTOTZhUlpNWDV1cHl3dGZoLWRrLUNiUC1QMm5UZVhQUEZiS0pHSklfa0J3WWp2VmtYa2tUVnJvWEdDMGVUUkJRVUwxVjhnUEVvM1pvb3p1VmxHNUFkYTF4Smo1SVZsUWZFd19PYnhZR2c?oc=5\" target=\"_blank\" rel=\"nofollow noopener\">Joao Fonseca &#8211; Denis Shapovalov, ATP 500, B\u00e2le, Quarts de finale, Vendredi 24 octobre 2025<\/a>&nbsp;&nbsp;L&rsquo;\u00c9quipe<\/li>\n<li><a href=\"https:\/\/news.google.com\/rss\/articles\/CBMi7gFBVV95cUxQYXl1R3EzamEyVi0xUVB1cmswZnRsZUpwVjV5VWxma0IzaGlwR1NNaUFxUFpZUnMweW1wV1hnc3loVmZVakFmQ3oxb2NRN2dDSDJwRXJmblFxbXpyR0J5bzc3RTFnZWluSnFpbFNETzVUNFUzdzFFOXlwV1pndFMxckdGelpoLXJBaHBuZS1VYzVTb0N6WWpsY29jZWhTbDJrS0huS2RCem5IYWloVzBVYmQ5ZXd1eG5SV2VpNlQtaGhuUmdIYjI2bGp5bXhIN2J2UkVCSHhRdmJBNm5nNzdKU25BcG9KWXJmdzl2ZlFR?oc=5\" target=\"_blank\" rel=\"nofollow noopener\">ATP Bale &#8211; Le tableau, le direct et les r\u00e9sultats : Ugo Humbert se paye Taylor Fritz, Ben Shelton lui aussi \u00e9limin\u00e9<\/a>&nbsp;&nbsp;ski-nordique.net<\/li>\n<li><a href=\"https:\/\/news.google.com\/rss\/articles\/CBMihAFBVV95cUxOdTFIV0x4YjExZ09xM1otMGUxSWZscEQ2QkZXbGM4N0lsODdQeG5YOS12QnFhSkxxSUVsS3hCM0pYS3pNcWVqTU5WQkZJajB3aWFpdnlNcFY1dm9BamFaeHlDdHNwVGc3V2swNkpUakE5Q2gxbmNmb3M4VjdnT1V4RmNHZW0?oc=5\" target=\"_blank\" rel=\"nofollow noopener\">Fritz, Ruud, Shelton : le programme du jeudi 23 octobre \u00e0 B\u00e2le<\/a>&nbsp;&nbsp;Tennis Temple<\/li>\n<li><a href=\"https:\/\/news.google.com\/rss\/articles\/CBMigwFBVV95cUxQV19oSlJyb3VYcTVZeUlxaXpkS3R0Z3V0LVlNSFE5NDRUVVZKNmktYVlMbE5RM2RjRFd4QmowTWdyN0ZJNVRsZHJKN21vRjkyeEFZT0NXamF5UWlsaFJzQlhwU1hrR0ZhQ2R3Z1BIdWRpQ0t1YWhyaVVsX0pPNDdTRzRYTQ?oc=5\" target=\"_blank\" rel=\"nofollow noopener\">B\u00e2le 2025. Les primes du Swiss Indoors B\u00e2le 2025<\/a>&nbsp;&nbsp;Sportune<\/li>\n<\/ol>\n","protected":false},"excerpt":{"rendered":"Ugo Humbert &#8211; Reilly Opelka, ATP 500, B\u00e2le, Quarts de finale, Vendredi 24 octobre 2025&nbsp;&nbsp;L&rsquo;\u00c9quipe Joao Fonseca &#8211;&hellip;\n","protected":false},"author":2,"featured_media":1983,"comment_status":"","ping_status":"","sticky":false,"template":"","format":"standard","meta":{"footnotes":""},"categories":[1415],"tags":[1011,27,60,1467],"class_list":{"0":"post-486369","1":"post","2":"type-post","3":"status-publish","4":"format-standard","5":"has-post-thumbnail","7":"category-tennis","8":"tag-fr","9":"tag-france","10":"tag-sports","11":"tag-tennis"},"share_on_mastodon":{"url":"https:\/\/pubeurope.com\/@fr\/115428324981145777","error":""},"_links":{"self":[{"href":"https:\/\/www.europesays.com\/fr\/wp-json\/wp\/v2\/posts\/486369","targetHints":{"allow":["GET"]}}],"collection":[{"href":"https:\/\/www.europesays.com\/fr\/wp-json\/wp\/v2\/posts"}],"about":[{"href":"https:\/\/www.europesays.com\/fr\/wp-json\/wp\/v2\/types\/post"}],"author":[{"embeddable":true,"href":"https:\/\/www.europesays.com\/fr\/wp-json\/wp\/v2\/users\/2"}],"replies":[{"embeddable":true,"href":"https:\/\/www.europesays.com\/fr\/wp-json\/wp\/v2\/comments?post=486369"}],"version-history":[{"count":0,"href":"https:\/\/www.europesays.com\/fr\/wp-json\/wp\/v2\/posts\/486369\/revisions"}],"wp:featuredmedia":[{"embeddable":true,"href":"https:\/\/www.europesays.com\/fr\/wp-json\/wp\/v2\/media\/1983"}],"wp:attachment":[{"href":"https:\/\/www.europesays.com\/fr\/wp-json\/wp\/v2\/media?parent=486369"}],"wp:term":[{"taxonomy":"category","embeddable":true,"href":"https:\/\/www.europesays.com\/fr\/wp-json\/wp\/v2\/categories?post=486369"},{"taxonomy":"post_tag","embeddable":true,"href":"https:\/\/www.europesays.com\/fr\/wp-json\/wp\/v2\/tags?post=486369"}],"curies":[{"name":"wp","href":"https:\/\/api.w.org\/{rel}","templated":true}]}}