{"id":486370,"date":"2025-10-24T09:01:17","date_gmt":"2025-10-24T09:01:17","guid":{"rendered":"https:\/\/www.europesays.com\/fr\/486370\/"},"modified":"2025-10-24T09:01:17","modified_gmt":"2025-10-24T09:01:17","slug":"marquez-met-un-terme-a-sa-saison-victorieuse","status":"publish","type":"post","link":"https:\/\/www.europesays.com\/fr\/486370\/","title":{"rendered":"Marquez met un terme \u00e0 sa saison victorieuse"},"content":{"rendered":"<p><strong>Le champion du monde de MotoGP 2025, d\u00e9j\u00e0 sacr\u00e9, doit renoncer aux derni\u00e8res courses en raison d\u2019une grave blessure \u00e0 l\u2019\u00e9paule qui n\u00e9cessite une longue p\u00e9riode d\u2019immobilisation.<\/strong><\/p>\n<p>Le pilote espagnol Marc Marquez a officialis\u00e9 son forfait pour la fin du championnat du monde de MotoGP. Malgr\u00e9 son septi\u00e8me titre mondial acquis fin septembre, le coureur de 32 ans ne pourra pas d\u00e9fendre ses couleurs lors des ultimes \u00e9preuves de la saison. Cette d\u00e9cision fait suite \u00e0 la lourde blessure contract\u00e9e lors du Grand Prix d\u2019Indon\u00e9sie d\u00e9but octobre, o\u00f9 une chute provoqu\u00e9e par un contact avec un concurrent lui a caus\u00e9 une fracture osseuse et des atteintes ligamentaires au niveau de l\u2019\u00e9paule droite.<\/p>\n<p>L\u2019\u00e9quipe Ducati a confirm\u00e9 par communiqu\u00e9 que le champion devra observer quatre semaines d\u2019immobilisation compl\u00e8te avant d\u2019entamer son processus de r\u00e9\u00e9ducation. Cette contrainte m\u00e9dicale rend impossible toute participation aux comp\u00e9titions restantes. Le pilote italien Michele Pirro prendra sa place sur la moto lors des Grands Prix de Malaisie et du Portugal, tandis que la pr\u00e9sence de Marquez \u00e0 Valence pour le rendez-vous final est d\u00e9finitivement \u00e9cart\u00e9e.<\/p>\n<p>Dans sa d\u00e9claration, le multiple champion du monde a \u00e9voqu\u00e9 les d\u00e9fis \u00e0 venir, reconnaissant qu\u2019un hiver exigeant l\u2019attend pour retrouver sa condition physique optimale. Il a toutefois tenu \u00e0 souligner l\u2019importance de l\u2019objectif atteint cette ann\u00e9e, avec onze victoires en Grand Prix et un nouveau titre mondial qui sera c\u00e9l\u00e9br\u00e9 prochainement. Cette saison 2025 restera marqu\u00e9e par sa domination \u00e9crasante avant ce coup d\u2019arr\u00eat impr\u00e9vu.<\/p>\n","protected":false},"excerpt":{"rendered":"Le champion du monde de MotoGP 2025, d\u00e9j\u00e0 sacr\u00e9, doit renoncer aux derni\u00e8res courses en raison d\u2019une grave&hellip;\n","protected":false},"author":2,"featured_media":486371,"comment_status":"","ping_status":"","sticky":false,"template":"","format":"standard","meta":{"footnotes":""},"categories":[1413],"tags":[1011,27,1457,1456,60],"class_list":{"0":"post-486370","1":"post","2":"type-post","3":"status-publish","4":"format-standard","5":"has-post-thumbnail","7":"category-moto","8":"tag-fr","9":"tag-france","10":"tag-moto","11":"tag-motocycle","12":"tag-sports"},"share_on_mastodon":{"url":"https:\/\/pubeurope.com\/@fr\/115428332938677401","error":""},"_links":{"self":[{"href":"https:\/\/www.europesays.com\/fr\/wp-json\/wp\/v2\/posts\/486370","targetHints":{"allow":["GET"]}}],"collection":[{"href":"https:\/\/www.europesays.com\/fr\/wp-json\/wp\/v2\/posts"}],"about":[{"href":"https:\/\/www.europesays.com\/fr\/wp-json\/wp\/v2\/types\/post"}],"author":[{"embeddable":true,"href":"https:\/\/www.europesays.com\/fr\/wp-json\/wp\/v2\/users\/2"}],"replies":[{"embeddable":true,"href":"https:\/\/www.europesays.com\/fr\/wp-json\/wp\/v2\/comments?post=486370"}],"version-history":[{"count":0,"href":"https:\/\/www.europesays.com\/fr\/wp-json\/wp\/v2\/posts\/486370\/revisions"}],"wp:featuredmedia":[{"embeddable":true,"href":"https:\/\/www.europesays.com\/fr\/wp-json\/wp\/v2\/media\/486371"}],"wp:attachment":[{"href":"https:\/\/www.europesays.com\/fr\/wp-json\/wp\/v2\/media?parent=486370"}],"wp:term":[{"taxonomy":"category","embeddable":true,"href":"https:\/\/www.europesays.com\/fr\/wp-json\/wp\/v2\/categories?post=486370"},{"taxonomy":"post_tag","embeddable":true,"href":"https:\/\/www.europesays.com\/fr\/wp-json\/wp\/v2\/tags?post=486370"}],"curies":[{"name":"wp","href":"https:\/\/api.w.org\/{rel}","templated":true}]}}