{"id":486390,"date":"2025-10-24T09:11:11","date_gmt":"2025-10-24T09:11:11","guid":{"rendered":"https:\/\/www.europesays.com\/fr\/486390\/"},"modified":"2025-10-24T09:11:11","modified_gmt":"2025-10-24T09:11:11","slug":"les-personnes-ayant-ces-problemes-de-dents-ont-presque-deux-fois-plus-de-risque-davc","status":"publish","type":"post","link":"https:\/\/www.europesays.com\/fr\/486390\/","title":{"rendered":"les personnes ayant ces probl\u00e8mes de dents ont \u00ab\u00a0presque deux fois plus de risque d&rsquo;AVC\u00a0\u00bb"},"content":{"rendered":"<p class=\"app_entry_lead\">\n<p>                    <a title=\"\u00a0\u00a9\u00a0RomanR - stock.adobe.com\" href=\"https:\/\/www.europesays.com\/fr\/wp-content\/uploads\/2025\/10\/81862288.jpg\" class=\"fancy\"><\/p>\n<p>                            <img loading=\"lazy\" decoding=\"async\" src=\"https:\/\/www.europesays.com\/fr\/wp-content\/uploads\/2025\/10\/81862288.jpg\" alt=\"Les dentistes alertent\u00a0: les personnes ayant ces probl\u00e8mes de dents ont &quot;presque deux fois plus de risque d'AVC&quot;\" width=\"1500\" height=\"1001\"\/><\/p>\n<p>                    <\/a><\/p>\n<p>                Certaines maladies bucco-dentaires tr\u00e8s courantes pourraient augmenter le risque d&rsquo;AVC.<\/p>\n<p>Pour prendre soin de notre c\u0153ur et de notre cerveau, on sait qu&rsquo;il faut bien manger, faire du sport, ou encore \u00e9viter de fumer.\u00a0Mais ce qu&rsquo;on sait moins, c&rsquo;est que\u00a0la sant\u00e9 de nos dents (et donc notre hygi\u00e8ne dentaire) peut avoir un impact majeur sur notre sant\u00e9 globale. Plusieurs \u00e9tudes ont mis en \u00e9vidence des liens significatifs entre la sant\u00e9 bucco-dentaire et le risque d&rsquo;accident vasculaire c\u00e9r\u00e9bral (AVC) notamment.\u00a0<\/p>\n<p>La plus r\u00e9cente, <a href=\"https:\/\/www.neurology.org\/doi\/10.1212\/WN9.0000000000000036\" target=\"_blank\" rel=\"noopener\">publi\u00e9e<\/a> le 22\u00a0octobre 2025, a montr\u00e9 que les personnes atteintes de parodontite (une maladie des gencives tr\u00e8s courante) avaient un risque accru de 44\u00a0% d&rsquo;avoir un AVC.\u00a0L&rsquo;\u00e9tude a \u00e9galement mis en \u00e9vidence que \u00ab\u00a0les personnes atteintes \u00e0 la fois de caries et de maladie des gencives pr\u00e9sentaient presque deux fois plus de risque d&rsquo;AVC que celles ayant une bonne sant\u00e9 bucco-dentaire\u00a0\u00bb, a expliqu\u00e9 le Dr Souvik Sen, neurologue et auteur de l&rsquo;\u00e9tude.<\/p>\n<p><img decoding=\"async\" alt=\"\" src=\"https:\/\/www.europesays.com\/fr\/wp-content\/uploads\/2025\/10\/81867920.jpg\"\/><\/p>\n<p>Il estime que \u00ab\u00a0cette \u00e9tude renforce l&rsquo;id\u00e9e que prendre soin de ses dents et de ses gencives ne concerne pas seulement le sourire\u00a0: cela pourrait aussi prot\u00e9ger le cerveau. Les personnes pr\u00e9sentant des signes de maladie des gencives ou de caries devraient consulter, non seulement pour pr\u00e9server leurs dents, mais aussi pour potentiellement r\u00e9duire leur risque d&rsquo;AVC\u00a0\u00bb. L&rsquo;\u00e9tude a en effet d\u00e9montr\u00e9 que \u00ab\u00a0les personnes qui consultent r\u00e9guli\u00e8rement un dentiste ont 81\u00a0% moins de risques de souffrir \u00e0 la fois de maladies des gencives et de caries\u00a0\u00bb. Un chiffre impressionnant&#8230;<\/p>\n<p>Si cette \u00e9tude est la premi\u00e8re a d\u00e9montrer un lien entre la gingivite et les caries &#8211; souvent associ\u00e9es &#8211; avec l&rsquo;AVC, \u00ab\u00a0individuellement, elles ont toutes deux \u00e9t\u00e9 associ\u00e9es \u00e0 un risque accru d&rsquo;accident vasculaire c\u00e9r\u00e9bral\u00a0\u00bb, rapportent les auteurs de l&rsquo;\u00e9tude. Une <a href=\"https:\/\/www.ahajournals.org\/doi\/10.1161\/STROKEAHA.123.042528\" target=\"_blank\" rel=\"noopener\">\u00e9tude<\/a> publi\u00e9e dans la revue Stroke en 2023\u00a0avait d\u00e9j\u00e0 conclu que les personnes qui ont une carie ou plus avaient un risque d&rsquo;AVC\u00a0accru de 40\u00a0%. Concernant la parodontite, une <a href=\"https:\/\/pubmed.ncbi.nlm.nih.gov\/37803341\/\" target=\"_blank\" rel=\"noopener\">autre \u00e9tude<\/a> publi\u00e9e la m\u00eame ann\u00e9e avait rapport\u00e9 que \u00ab\u00a0le risque d&rsquo;accident vasculaire c\u00e9r\u00e9bral chez les participants atteints de parodontite s\u00e9v\u00e8re et mod\u00e9r\u00e9e \u00e9tait respectivement 2,5 fois et 1,7 fois plus \u00e9lev\u00e9 que chez ceux qui n&rsquo;\u00e9taient pas atteints de parodontite\u00a0\u00bb.<\/p>\n<p>La bonne nouvelle est qu&rsquo;il est possible de facilement am\u00e9liorer sa sant\u00e9 bucco-dentaire et ainsi potentiellement r\u00e9duire le risque de faire un AVC.\u00a0Il convient d&rsquo;abord d&rsquo;avoir une alimentation saine, en particulier sans consommer trop de sucres, et d&rsquo;\u00e9viter le tabac. Ensuite, il est essentiel de se brosser les dents minimum deux fois par jour pendant deux minutes, et d&rsquo;utiliser du fil dentaire ou des brossettes interdentaires.\u00a0Enfin, un rendez-vous annuel chez le dentiste est indispensable, m\u00eame en l&rsquo;absence de sympt\u00f4mes. Une <a href=\"https:\/\/www.ahajournals.org\/doi\/10.1161\/STROKEAHA.117.018990\" target=\"_blank\" rel=\"noopener\">\u00e9tude<\/a> a justement montr\u00e9 que des soins dentaires r\u00e9guliers pouvaient r\u00e9duire de 23\u00a0%\u00a0le risque d&rsquo;AVC !<\/p>\n","protected":false},"excerpt":{"rendered":"Certaines maladies bucco-dentaires tr\u00e8s courantes pourraient augmenter le risque d&rsquo;AVC. Pour prendre soin de notre c\u0153ur et de&hellip;\n","protected":false},"author":2,"featured_media":486391,"comment_status":"","ping_status":"","sticky":false,"template":"","format":"standard","meta":{"footnotes":""},"categories":[10],"tags":[60962,51761,51763,1011,27,72,51979,2778,51767,71],"class_list":{"0":"post-486390","1":"post","2":"type-post","3":"status-publish","4":"format-standard","5":"has-post-thumbnail","7":"category-sante","8":"tag-cms-linternaute-9080059","9":"tag-controller-content","10":"tag-format-papier","11":"tag-fr","12":"tag-france","13":"tag-health","14":"tag-les-histoires-de-linternaute","15":"tag-maladies","16":"tag-parallaxeinfeed","17":"tag-sante"},"share_on_mastodon":{"url":"https:\/\/pubeurope.com\/@fr\/115428372833362262","error":""},"_links":{"self":[{"href":"https:\/\/www.europesays.com\/fr\/wp-json\/wp\/v2\/posts\/486390","targetHints":{"allow":["GET"]}}],"collection":[{"href":"https:\/\/www.europesays.com\/fr\/wp-json\/wp\/v2\/posts"}],"about":[{"href":"https:\/\/www.europesays.com\/fr\/wp-json\/wp\/v2\/types\/post"}],"author":[{"embeddable":true,"href":"https:\/\/www.europesays.com\/fr\/wp-json\/wp\/v2\/users\/2"}],"replies":[{"embeddable":true,"href":"https:\/\/www.europesays.com\/fr\/wp-json\/wp\/v2\/comments?post=486390"}],"version-history":[{"count":0,"href":"https:\/\/www.europesays.com\/fr\/wp-json\/wp\/v2\/posts\/486390\/revisions"}],"wp:featuredmedia":[{"embeddable":true,"href":"https:\/\/www.europesays.com\/fr\/wp-json\/wp\/v2\/media\/486391"}],"wp:attachment":[{"href":"https:\/\/www.europesays.com\/fr\/wp-json\/wp\/v2\/media?parent=486390"}],"wp:term":[{"taxonomy":"category","embeddable":true,"href":"https:\/\/www.europesays.com\/fr\/wp-json\/wp\/v2\/categories?post=486390"},{"taxonomy":"post_tag","embeddable":true,"href":"https:\/\/www.europesays.com\/fr\/wp-json\/wp\/v2\/tags?post=486390"}],"curies":[{"name":"wp","href":"https:\/\/api.w.org\/{rel}","templated":true}]}}