{"id":486395,"date":"2025-10-24T09:14:13","date_gmt":"2025-10-24T09:14:13","guid":{"rendered":"https:\/\/www.europesays.com\/fr\/486395\/"},"modified":"2025-10-24T09:14:13","modified_gmt":"2025-10-24T09:14:13","slug":"samsung-expose-sur-ses-televiseurs-vingt-cinq-oeuvres-disparues-du-centre-pompidou","status":"publish","type":"post","link":"https:\/\/www.europesays.com\/fr\/486395\/","title":{"rendered":"Samsung expose sur ses t\u00e9l\u00e9viseurs vingt-cinq \u0153uvres disparues du Centre Pompidou"},"content":{"rendered":"<p> \u00abOn ferme, mais on se r\u00e9invente\u00a0\u00bb\u00a0! <a href=\"https:\/\/www.20minutes.fr\/arts-stars\/culture\/4174474-20250922-centre-pompidou-vont-devenir-uvres-musee-parisien-pendant-fermeture-cinq-ans\" class=\"c-link c-link--is-underlined\" target=\"_blank\" rel=\"noopener\">Ferm\u00e9 pour 5 ans de travaux<\/a>, le centre Georges <a href=\"https:\/\/www.20minutes.fr\/dossier\/centre_pompidou\" class=\"c-link c-link--is-underlined\" target=\"_blank\" rel=\"noopener\">Pompidou<\/a> \u00e0 Paris est d\u00e9sormais vide. Ses r\u00e9serves ont migr\u00e9 \u00e0 Massy (Essonne) pour y \u00eatre en partie expos\u00e9es d\u00e8s\u00a02026. Certaines \u0153uvres rejoindront \u00e9galement des mus\u00e9es fran\u00e7ais ou \u00e9trangers. Et quelques-unes pourront m\u00eame \u00eatre accroch\u00e9es chez vous, si vous \u00eates possesseur d\u2019un t\u00e9l\u00e9viseur Samsung, gr\u00e2ce au partenariat que vient d\u2019annoncer le mus\u00e9e d\u2019art moderne.<\/p>\n<p>De Frida Kahlo \u00e0 Henri Matisse<\/p>\n<p>Pas besoin d\u2019une nacelle, d\u2019une disqueuse, et encore moins d\u2019un puissant scooter pour faire v\u00f4tres certaines des toiles les plus prestigieuses du centre Pompidou, \u00e0 Paris. Un simple t\u00e9l\u00e9viseur Samsung* (hors gamme OLED) vous suffira pour \u00ab\u00a0accrocher\u00a0\u00bb chez vous vingt-cinq \u0153uvres majeures issues des collections du plus grand mus\u00e9e d\u2019art moderne d\u2019Europe. Celles-ci seront disponibles courant novembre.<\/p>\n<p><img decoding=\"async\" alt=\"Les t\u00e9l\u00e9viseurs \u00abThe Frame\u00bb permettent depuis leur lancement il y a 7 ans, d'afficher sur leur \u00e9cran des milliers d'oeuvres d'art.\" class=\"c-img\" loading=\"lazy\" fetchpriority=\"auto\" width=\"718\"  src=\"https:\/\/img.20mn.fr\/hZ9lurrMQsKHSGYmmp2Phyk\/718x0\" \/>Les t\u00e9l\u00e9viseurs \u00abThe Frame\u00bb permettent depuis leur lancement il y a 7 ans, d&rsquo;afficher sur leur \u00e9cran des milliers d&rsquo;oeuvres d&rsquo;art.\u2002-\u00a0Christophe S\u00e9frin\/20 Minutes<\/p>\n<p>Envie d\u2019exposer dans votre salon The Frame, de Frida Kahlo (1938)\u00a0; Get-Rot-Blau, de Wassily Kandinsky (1925)\u00a0; New York City, de Piet Mondrian (1942)\u00a0; ou La Tristesse du Roi, d\u2019Henri Matisse (1952). Il suffit de vous servir dans l\u2019Art Store de Samsung. Lanc\u00e9 il y a sept ans, avec le t\u00e9l\u00e9viseur <a href=\"https:\/\/www.20minutes.fr\/high-tech\/2110831-20170804-the-frame-samsung-apres-lequel-tableaux-fait-televiseur\" class=\"c-link c-link--is-underlined\" target=\"_blank\" rel=\"noopener\">The Frame<\/a> (\u00abqui s\u2019accroche au mur comme un tableau\u00a0\u00bb), l\u2019Art Store fait office de mus\u00e9e virtuel o\u00f9 se trouvent 3.500 \u0153uvres que l\u2019on peut \u00ab\u00a0s\u2019offrir\u00a0\u00bb moyennant un abonnement de 4,99 euros\/mois (ou 49,99 euros\/an). Chaque mois, trente \u0153uvres restent accessibles gratuitement.<\/p>\n<p>Un an apr\u00e8s le Mus\u00e9e d&rsquo;Orsay<\/p>\n<p>Cette collection s\u2019\u00e9toffe en permanence, comme il y a tout juste un an avec vingt-cinq \u0153uvres du <a href=\"https:\/\/www.20minutes.fr\/dossier\/musee_d_orsay\" class=\"c-link c-link--is-underlined\" target=\"_blank\" rel=\"noopener\">Mus\u00e9e d\u2019Orsay<\/a> venues rejoindre les \u00ab\u00a0r\u00e9serves\u00a0\u00bb Samsung. \u00ab\u00a0Cette d\u00e9marche vise \u00e0 rendre l\u2019art accessible \u00e0 tous \u00e0 travers le monde\u00a0\u00bb, explique la fabricant qui a travaill\u00e9 pr\u00e8s de deux ans avec les conservateurs du Centre Pompidou afin de s\u00e9lectionner les \u0153uvres (on y trouve aussi des tableaux de Marc Chagall, Joan Mir\u00f3, Yves Klein, Peter Doig\u2026), de les recadrer en 16\/9e sans les d\u00e9naturer (on parle ici de \u00ab\u00a0d\u00e9coupe\u00a0\u00bb), pour \u00ab\u00a0montrer au public ce qu\u2019il ne pourra plus voir\u00a0\u00bb. Du moins durant les cinq ann\u00e9es n\u00e9cessaires \u00e0 la r\u00e9novation de Beaubourg. Samsung profite \u00e9galement du salon <a href=\"https:\/\/www.artbasel.com\" target=\"_blank\" class=\"c-link c-link--is-underlined\" rel=\"noopener\">Art Basel Paris 2025<\/a> pour compl\u00e9ter son Art Store avec vingt-deux des \u0153uvres qui y sont expos\u00e9es de fa\u00e7on \u00e9ph\u00e9m\u00e8re.<\/p>\n<p><a href=\"https:\/\/www.20minutes.fr\/high-tech\/\" class=\"c-link c-btn c-btn--primary\" target=\"_blank\" rel=\"noopener\">Nos sujets \u00abHigh-Tech\u00bb<\/a><\/p>\n<p>Sur les t\u00e9l\u00e9viseurs The Frame de derni\u00e8re g\u00e9n\u00e9ration o\u00f9 nous avons pu voir certains des vingt-cinq tableaux du Centre Pompidou propos\u00e9s affich\u00e9s, l\u2019effet est saisissant. La dalle mate de ces \u00e9crans permet d\u2019obtenir un r\u00e9el rendu \u00ab\u00a0mus\u00e9e\u00a0\u00bb, bien loin de celui d\u2019un cadre photo. D\u2019autant que le capteur de lumi\u00e8re des t\u00e9l\u00e9viseurs adapte en continu l\u2019intensit\u00e9 lumineuse de leur dalle. Leur cadre interchangeable ajoute \u00e9videmment \u00e0 l\u2019illusion, presque parfaite, lorsqu\u2019il est en bois. Et il faut vraiment coller la r\u00e9tine \u00e0 quelques centim\u00e8tres de l\u2019\u00e9cran pour y distinguer les pixels\u2026<\/p>\n<\/p>\n<p>Interrog\u00e9 par 20 Minutes sur l\u2019engouement du public pour son Art Store, Samsung pr\u00e9f\u00e8re rester discret, r\u00e9v\u00e9lant cependant qu\u2019en France, 10 \u00e0 15\u00a0% des ventes de ses t\u00e9l\u00e9viseurs sont des Frame (contre 30\u00a0% aux Etats-Unis). Mais aussi que 90\u00a0% des t\u00e9l\u00e9viseurs The Frame dans le monde sont accroch\u00e9s au mur. En\u00a02024, le concurrent de Samsung <a href=\"https:\/\/www.20minutes.fr\/lyon\/tcl\/\" class=\"c-link c-link--is-underlined\" target=\"_blank\" rel=\"noopener\">TCL<\/a> lan\u00e7ait lui aussi avec son NXTFrame TV un t\u00e9l\u00e9viseur \u00e0 dalle mate et cadre interchangeable au rendu \u00ab\u00a0tableau\u00a0\u00bb. 300 \u0153uvres (tableaux, photos\u2026) y sont accessibles gratuitement. Hisense lui embrayait le pas avec un unique mod\u00e8le et sa galerie Vidaa Art riche de\u00a05.000 \u0153uvres en acc\u00e8s gratuit mais qui, contrairement \u00e0 Samsung et son Art Store, ne repose pas sur des partenariats avec les plus grands mus\u00e9es du monde.<\/p>\n","protected":false},"excerpt":{"rendered":"\u00abOn ferme, mais on se r\u00e9invente\u00a0\u00bb\u00a0! Ferm\u00e9 pour 5 ans de travaux, le centre Georges Pompidou \u00e0 Paris&hellip;\n","protected":false},"author":2,"featured_media":486396,"comment_status":"","ping_status":"","sticky":false,"template":"","format":"standard","meta":{"footnotes":""},"categories":[7],"tags":[642,3734,4223,1011,27,142,3048,1651,612,43,40,41,39,42,44,252],"class_list":{"0":"post-486395","1":"post","2":"type-post","3":"status-publish","4":"format-standard","5":"has-post-thumbnail","7":"category-sciences-et-technologies","8":"tag-20-minutes","9":"tag-art","10":"tag-centre-pompidou","11":"tag-fr","12":"tag-france","13":"tag-high-tech","14":"tag-musee","15":"tag-musee-dorsay","16":"tag-samsung","17":"tag-science","18":"tag-science-and-technology","19":"tag-sciences","20":"tag-sciences-et-technologies","21":"tag-technologies","22":"tag-technology","23":"tag-television"},"share_on_mastodon":{"url":"https:\/\/pubeurope.com\/@fr\/115428384648954928","error":""},"_links":{"self":[{"href":"https:\/\/www.europesays.com\/fr\/wp-json\/wp\/v2\/posts\/486395","targetHints":{"allow":["GET"]}}],"collection":[{"href":"https:\/\/www.europesays.com\/fr\/wp-json\/wp\/v2\/posts"}],"about":[{"href":"https:\/\/www.europesays.com\/fr\/wp-json\/wp\/v2\/types\/post"}],"author":[{"embeddable":true,"href":"https:\/\/www.europesays.com\/fr\/wp-json\/wp\/v2\/users\/2"}],"replies":[{"embeddable":true,"href":"https:\/\/www.europesays.com\/fr\/wp-json\/wp\/v2\/comments?post=486395"}],"version-history":[{"count":0,"href":"https:\/\/www.europesays.com\/fr\/wp-json\/wp\/v2\/posts\/486395\/revisions"}],"wp:featuredmedia":[{"embeddable":true,"href":"https:\/\/www.europesays.com\/fr\/wp-json\/wp\/v2\/media\/486396"}],"wp:attachment":[{"href":"https:\/\/www.europesays.com\/fr\/wp-json\/wp\/v2\/media?parent=486395"}],"wp:term":[{"taxonomy":"category","embeddable":true,"href":"https:\/\/www.europesays.com\/fr\/wp-json\/wp\/v2\/categories?post=486395"},{"taxonomy":"post_tag","embeddable":true,"href":"https:\/\/www.europesays.com\/fr\/wp-json\/wp\/v2\/tags?post=486395"}],"curies":[{"name":"wp","href":"https:\/\/api.w.org\/{rel}","templated":true}]}}