{"id":486422,"date":"2025-10-24T09:29:12","date_gmt":"2025-10-24T09:29:12","guid":{"rendered":"https:\/\/www.europesays.com\/fr\/486422\/"},"modified":"2025-10-24T09:29:12","modified_gmt":"2025-10-24T09:29:12","slug":"la-neige-tombe-sur-cette-station-de-ski-pres-de-grenoble-dautres-chutes-annoncees","status":"publish","type":"post","link":"https:\/\/www.europesays.com\/fr\/486422\/","title":{"rendered":"La neige tombe sur cette station de ski pr\u00e8s de Grenoble, d&rsquo;autres chutes annonc\u00e9es"},"content":{"rendered":"<p>            Par<br \/>\n        <strong><br \/>\n            <a href=\"https:\/\/actu.fr\/auteur\/redaction-grenoble\" title=\"Consulter tous les articles de R\u00e9daction Grenoble\" target=\"_blank\" rel=\"noopener\">R\u00e9daction Grenoble<\/a><br \/>\n        <\/strong><\/p>\n<p>        Publi\u00e9 le<\/p>\n<p>            24 oct. 2025 \u00e0 11h11        <\/p>\n<p>Les chutes de neige sont d\u00e9sormais de plus en plus fr\u00e9quentes dans les Alpes is\u00e9roises. En fin d\u2019apr\u00e8s-midi ce jeudi 23\u00a0octobre, mais surtout dans la nuit et la matin\u00e9e de ce vendredi 24\u00a0octobre, les flocons sont tomb\u00e9s en nombre sur la station de <strong>Chamrousse<\/strong>, pr\u00e8s de <a href=\"https:\/\/actu.fr\/grenoble\/\" target=\"_blank\" rel=\"noopener\">Grenoble<\/a>.<\/p>\n<p>De la neige \u00e0 1\u2009650\u00a0m\u00e8tres<\/p>\n<p class=\" wall-content\">Si les flocons ont recouvert les sols au-del\u00e0 des 2\u2009000\u00a0m\u00e8tres d\u2019altitude, la limite pluie-neige s\u2019est abaiss\u00e9e \u00e0 <strong>1\u2009650\u00a0m\u00e8tres<\/strong>, notamment en bas des pistes.<\/p>\n<p class=\" wall-content\">\u00c0 l\u2019heure o\u00f9 nous \u00e9crivons ces lignes, les chutes de neige sont toujours en <strong>cours<\/strong> sur certains secteurs de la station chamroussienne.<\/p>\n<p class=\" wall-content\">\n<p>    <img   decoding=\"async\" loading=\"lazy\" src=\"https:\/\/www.europesays.com\/fr\/wp-content\/uploads\/2025\/10\/capture-decran-2025-10-24-103940-960x616.png\" alt=\"La neige a saupoudr\u00e9 les pistes de Chamrousse, pr\u00e8s de Grenoble ce vendredi matin.\" width=\"960\" height=\"616\"\/><br \/>\n    La neige a saupoudr\u00e9 les pistes de Chamrousse, pr\u00e8s de Grenoble ce vendredi matin. (\u00a9Webcam Chamrousse)L\u2019\u00e9pisode neigeux pas encore termin\u00e9<\/p>\n<p class=\" wall-content\">Et celles-ci ne sont pas encore termin\u00e9es dans les massifs is\u00e9rois. \u00ab\u2009Au-dessus de 1500 m quelques centim\u00e8tres de neige seront possibles, et il tombera 10 \u00e0 15\u00a0cm au-dessus de 2000 m d\u2019altitude. La nuit de vendredi \u00e0 samedi restera tr\u00e8s nuageuse, et de nouvelles pr\u00e9cipitations globalement faibles sont attendues, la neige remontera vers 1800 m environ\u2009\u00bb, annonce M\u00e9t\u00e9o-Centre Is\u00e8re.<\/p>\n<p class=\" wall-content\">Toujours d\u2019apr\u00e8s M\u00e9t\u00e9o Centre-Is\u00e8re, la neige remontera temporairement vers 2000 m d\u2019altitude samedi 25\u00a0octobre\u2009: \u00ab\u2009Une am\u00e9lioration est attendue en fin d\u2019apr\u00e8s-midi en plaine avec le retour d\u2019\u00e9claircies parfois belles. Le ciel se chargera de nouveau dans la nuit de samedi \u00e0 dimanche avec l\u2019arriv\u00e9e de nouvelles pr\u00e9cipitations se produiront sous forme de neige d\u00e8s <strong>1300 m<\/strong>.\u2009\u00bb<\/p>\n<p class=\" wall-content\">Quant \u00e0 la journ\u00e9e de dimanche 26\u00a0octobre, la limite pluie-neige pourrait m\u00eame s\u2019abaisser vers<strong> 900 \u00e0 1100 m<\/strong>.<\/p>\n<p class=\" wall-content\">Personnalisez votre actualit\u00e9 en ajoutant vos villes et m\u00e9dias en favori avec <a href=\"https:\/\/moncompte.actu.fr\" title=\"D\u00e9couvez Mon Actu\" rel=\"nofollow noopener\" data-trk=\"{&quot;cta&quot;:{&quot;action&quot;:&quot;https:\\\/\\\/moncompte.actu.fr&quot;,&quot;category&quot;:&quot;mon compte&quot;,&quot;from&quot;:&quot;article footer&quot;,&quot;name&quot;:&quot;Mon actu&quot;,&quot;type&quot;:&quot;cta&quot;}}\" target=\"_blank\">Mon Actu<\/a>.<\/p>\n","protected":false},"excerpt":{"rendered":"Par R\u00e9daction Grenoble Publi\u00e9 le 24 oct. 2025 \u00e0 11h11 Les chutes de neige sont d\u00e9sormais de plus&hellip;\n","protected":false},"author":2,"featured_media":486423,"comment_status":"","ping_status":"","sticky":false,"template":"","format":"standard","meta":{"footnotes":""},"categories":[9566],"tags":[1111,11,2430,1777,674,1011,27,2731,2487,10584,12,25],"class_list":{"0":"post-486422","1":"post","2":"type-post","3":"status-publish","4":"format-standard","5":"has-post-thumbnail","7":"category-grenoble","8":"tag-actu","9":"tag-actualites","10":"tag-auvergne-rhone-alpes","11":"tag-eu","12":"tag-europe","13":"tag-fr","14":"tag-france","15":"tag-grenoble","16":"tag-meteo","17":"tag-neige","18":"tag-news","19":"tag-republique-francaise"},"share_on_mastodon":{"url":"https:\/\/pubeurope.com\/@fr\/115428443720900642","error":""},"_links":{"self":[{"href":"https:\/\/www.europesays.com\/fr\/wp-json\/wp\/v2\/posts\/486422","targetHints":{"allow":["GET"]}}],"collection":[{"href":"https:\/\/www.europesays.com\/fr\/wp-json\/wp\/v2\/posts"}],"about":[{"href":"https:\/\/www.europesays.com\/fr\/wp-json\/wp\/v2\/types\/post"}],"author":[{"embeddable":true,"href":"https:\/\/www.europesays.com\/fr\/wp-json\/wp\/v2\/users\/2"}],"replies":[{"embeddable":true,"href":"https:\/\/www.europesays.com\/fr\/wp-json\/wp\/v2\/comments?post=486422"}],"version-history":[{"count":0,"href":"https:\/\/www.europesays.com\/fr\/wp-json\/wp\/v2\/posts\/486422\/revisions"}],"wp:featuredmedia":[{"embeddable":true,"href":"https:\/\/www.europesays.com\/fr\/wp-json\/wp\/v2\/media\/486423"}],"wp:attachment":[{"href":"https:\/\/www.europesays.com\/fr\/wp-json\/wp\/v2\/media?parent=486422"}],"wp:term":[{"taxonomy":"category","embeddable":true,"href":"https:\/\/www.europesays.com\/fr\/wp-json\/wp\/v2\/categories?post=486422"},{"taxonomy":"post_tag","embeddable":true,"href":"https:\/\/www.europesays.com\/fr\/wp-json\/wp\/v2\/tags?post=486422"}],"curies":[{"name":"wp","href":"https:\/\/api.w.org\/{rel}","templated":true}]}}