{"id":486437,"date":"2025-10-24T09:37:19","date_gmt":"2025-10-24T09:37:19","guid":{"rendered":"https:\/\/www.europesays.com\/fr\/486437\/"},"modified":"2025-10-24T09:37:19","modified_gmt":"2025-10-24T09:37:19","slug":"les-pompiers-mobilises-pour-un-feu-de-cellule-au-centre-de-detention","status":"publish","type":"post","link":"https:\/\/www.europesays.com\/fr\/486437\/","title":{"rendered":"les pompiers mobilis\u00e9s pour un feu de cellule au centre de d\u00e9tention"},"content":{"rendered":"<p>            Par<br \/>\n        <strong><br \/>\n            <a href=\"https:\/\/actu.fr\/auteur\/clemence-pays02-actu-fr\" title=\"Consulter tous les articles de Cl\u00e9mence Pays\" rel=\"nofollow noopener\" target=\"_blank\">Cl\u00e9mence Pays<\/a><br \/>\n        <\/strong><\/p>\n<p>        Publi\u00e9 le<\/p>\n<p>            24 oct. 2025 \u00e0 10h37        <\/p>\n<p>Les faits se sont d\u00e9roul\u00e9s en d\u00e9but d\u2019apr\u00e8s-midi, jeudi 23\u00a0octobre 2025. Les sapeurs-pompiers ont \u00e9t\u00e9 appel\u00e9s \u00e0 14h46 au <strong>centre p\u00e9nitentiaire de Nantes<\/strong> pour <strong>\u00ab\u2009un feu de cellule\u2009\u00bb,<\/strong> annonce le Centre op\u00e9rationnel d\u00e9partemental d\u2019incendie et de secours (Codis).<\/p>\n<p class=\" wall-content\">Le feu a pu \u00eatre <strong>\u00e9teint gr\u00e2ce \u00e0 l\u2019intervention du personnel p\u00e9nitentiaire,<\/strong> qui a utilis\u00e9 un robinet d\u2019incendie arm\u00e9 (RIA).<\/p>\n<p>Un d\u00e9tenu de 24\u00a0ans<\/p>\n<p class=\" wall-content\">Le d\u00e9tenu de la cellule incendi\u00e9e,<strong> \u00ab\u2009un homme de 24\u00a0ans\u2009\u00bb a \u00e9t\u00e9 \u00e9vacu\u00e9<\/strong> avant l\u2019arriv\u00e9e des secours. Ce dernier a \u00e9t\u00e9 \u00ab\u2009laiss\u00e9 sur place suite \u00e0 un bilan CRRA 15 [Centre de r\u00e9ception et de r\u00e9gulation des appels, N.D.L.R.]\u2009\u00bb.<\/p>\n<p class=\" wall-content\">Personnalisez votre actualit\u00e9 en ajoutant vos villes et m\u00e9dias en favori avec <a href=\"https:\/\/moncompte.actu.fr\" title=\"D\u00e9couvez Mon Actu\" rel=\"nofollow noopener\" data-trk=\"{&quot;cta&quot;:{&quot;action&quot;:&quot;https:\\\/\\\/moncompte.actu.fr&quot;,&quot;category&quot;:&quot;mon compte&quot;,&quot;from&quot;:&quot;article footer&quot;,&quot;name&quot;:&quot;Mon actu&quot;,&quot;type&quot;:&quot;cta&quot;}}\" target=\"_blank\">Mon Actu<\/a>.<\/p>\n","protected":false},"excerpt":{"rendered":"Par Cl\u00e9mence Pays Publi\u00e9 le 24 oct. 2025 \u00e0 10h37 Les faits se sont d\u00e9roul\u00e9s en d\u00e9but d\u2019apr\u00e8s-midi,&hellip;\n","protected":false},"author":2,"featured_media":486438,"comment_status":"","ping_status":"","sticky":false,"template":"","format":"standard","meta":{"footnotes":""},"categories":[2818],"tags":[1111,11,1777,674,118,1011,27,766,12,2636,1311,25],"class_list":{"0":"post-486437","1":"post","2":"type-post","3":"status-publish","4":"format-standard","5":"has-post-thumbnail","7":"category-nantes","8":"tag-actu","9":"tag-actualites","10":"tag-eu","11":"tag-europe","12":"tag-faits-divers","13":"tag-fr","14":"tag-france","15":"tag-nantes","16":"tag-news","17":"tag-pays-de-la-loire","18":"tag-pompiers","19":"tag-republique-francaise"},"share_on_mastodon":{"url":"https:\/\/pubeurope.com\/@fr\/115428474552286883","error":""},"_links":{"self":[{"href":"https:\/\/www.europesays.com\/fr\/wp-json\/wp\/v2\/posts\/486437","targetHints":{"allow":["GET"]}}],"collection":[{"href":"https:\/\/www.europesays.com\/fr\/wp-json\/wp\/v2\/posts"}],"about":[{"href":"https:\/\/www.europesays.com\/fr\/wp-json\/wp\/v2\/types\/post"}],"author":[{"embeddable":true,"href":"https:\/\/www.europesays.com\/fr\/wp-json\/wp\/v2\/users\/2"}],"replies":[{"embeddable":true,"href":"https:\/\/www.europesays.com\/fr\/wp-json\/wp\/v2\/comments?post=486437"}],"version-history":[{"count":0,"href":"https:\/\/www.europesays.com\/fr\/wp-json\/wp\/v2\/posts\/486437\/revisions"}],"wp:featuredmedia":[{"embeddable":true,"href":"https:\/\/www.europesays.com\/fr\/wp-json\/wp\/v2\/media\/486438"}],"wp:attachment":[{"href":"https:\/\/www.europesays.com\/fr\/wp-json\/wp\/v2\/media?parent=486437"}],"wp:term":[{"taxonomy":"category","embeddable":true,"href":"https:\/\/www.europesays.com\/fr\/wp-json\/wp\/v2\/categories?post=486437"},{"taxonomy":"post_tag","embeddable":true,"href":"https:\/\/www.europesays.com\/fr\/wp-json\/wp\/v2\/tags?post=486437"}],"curies":[{"name":"wp","href":"https:\/\/api.w.org\/{rel}","templated":true}]}}