{"id":486449,"date":"2025-10-24T09:44:15","date_gmt":"2025-10-24T09:44:15","guid":{"rendered":"https:\/\/www.europesays.com\/fr\/486449\/"},"modified":"2025-10-24T09:44:15","modified_gmt":"2025-10-24T09:44:15","slug":"lille-metz-arrete-prefectoral-dencadrement-football-club-de-metz-infos-fc-metz-entrainements-fc-metz","status":"publish","type":"post","link":"https:\/\/www.europesays.com\/fr\/486449\/","title":{"rendered":"Lille &#8211; Metz, arr\u00eat\u00e9 pr\u00e9fectoral d&rsquo;encadrement | Football Club de Metz &#8211; Infos FC Metz &#8211; Entra\u00eenements FC Metz"},"content":{"rendered":"<p style=\"text-align: justify;\">Dimanche 26 octobre, dans le cadre de la 9\u00e8me journ\u00e9e de Ligue 1 McDonald&rsquo;s au Stade Pierre-Mauroy, le FC Metz affrontera le LOSC \u00e0 15h00. \u00c0 l&rsquo;occasion de cette rencontre, le Pr\u00e9fet de la Loire\u00a0a publi\u00e9 <strong><a href=\"https:\/\/www.fcmetz.com\/sites\/default\/files\/images\/251026_arrete_encadrement_et_perimetrie_losc-fc_metz.pdf\" target=\"_blank\" rel=\"noopener\">un arr\u00eat\u00e9 pr\u00e9fectoral d&rsquo;encadrement<\/a><\/strong> ce vendredi 24 octobre.<\/p>\n<p style=\"text-align: justify;\">Dans cet arr\u00eat\u00e9, il est \u00e9crit que \u00ab\u00a0Les supporters du Football Club de Metz qui participent au d\u00e9placement en autobus sont tenus de se conformer aux modalit\u00e9s de d\u00e9placement et devront notamment se regrouper sur l&rsquo;aire de repos de Lamain sur l&rsquo;autoroute A22-E42, ou sur tout autre lieu express\u00e9ment indiqu\u00e9 par les forces de l&rsquo;ordre, dans l&rsquo;attente d&rsquo;une prise en compte des v\u00e9hicules par les services de police qui se chargeront de les acheminer en cort\u00e8ge jusqu&rsquo;\u00e0 la zone visiteurs ddu D\u00e9cathlon Arena stade Pierre Mauroy. Le rendez-vous est fix\u00e9 au dimanche 26 octobre 2025 \u00e0 13h00.\u00a0\u00bb<\/p>\n<p style=\"text-align: justify;\">Dans le m\u00eame temps : \u00ab\u00a0Les supporters du Football Club de Metz qui ne participent pas au d\u00e9placement officiel organis\u00e9 par les associations de supporters et qui arrivent au stade en v\u00e9hicules particuliers, sont tenus de se regrouper \u00e0 proximit\u00e9 du stade, sur les parkings A1 et C2 bus, rue Elis\u00e9e Reclus \u00e0 Villeneuve d&rsquo;Asca, ou sur tout autre lieu expressement indiqu\u00e9 par les forces de l&rsquo;ordre, dans l&rsquo;attente d&rsquo;une escorte par les services de police qui s e chargeront de les acheminer \u00e0 pied jusqu&rsquo;\u00e0 la billetterie du parking A1 o\u00f9 ils pourront r\u00e9cup\u00e9rer leur billet puis acc\u00e9der \u00e0 la zone visiteurs du D\u00e9cathlon Arena stade Pierre Mauroy.\u00a0\u00bb<\/p>\n<p style=\"text-align: justify;\">Par ailleurs, l&rsquo;arr\u00eat\u00e9 stipule \u00e9galement qu&rsquo;il \u00ab\u00a0du dimanche 26 octobre 2025 \u00e0 10h00 au dimanche 26 octobre 2025 \u00e0 20h00, il est interdit \u00e0 toute personne se pr\u00e9valant de la qualit\u00e9 de supporter du Football Club de Metz ou se comportant comme tel, d\u00e9munie d&rsquo;un billet, d&rsquo;une contre-marque ou de tout autre titre permettant d&rsquo;assister \u00e0 la rencontre, de se rendre au D\u00e9cathon Arena stade Pierre Mauroy et de circuler ou stationner sur la voie publique dans le p\u00e9rim\u00e8tre d\u00e9limit\u00e9 par les voies suivantes :<\/p>\n<p style=\"text-align: justify;\">A Villeneuve d&rsquo;Ascq :<\/p>\n<ul>\n<li style=\"text-align: justify;\">rue Verte<\/li>\n<li style=\"text-align: justify;\">boulevard Van Gogh<\/li>\n<li style=\"text-align: justify;\">boulevard du Breucq<\/li>\n<li style=\"text-align: justify;\">rue de la Volont\u00e9<\/li>\n<li style=\"text-align: justify;\">boulevard de Valmy<\/li>\n<\/ul>\n<p style=\"text-align: justify;\">\u00c0 Lezennes :<\/p>\n","protected":false},"excerpt":{"rendered":"Dimanche 26 octobre, dans le cadre de la 9\u00e8me journ\u00e9e de Ligue 1 McDonald&rsquo;s au Stade Pierre-Mauroy, le&hellip;\n","protected":false},"author":2,"featured_media":486450,"comment_status":"","ping_status":"","sticky":false,"template":"","format":"standard","meta":{"footnotes":""},"categories":[2815],"tags":[1111,11,19298,1777,674,1011,27,811,19297,1307,12,25,19299],"class_list":{"0":"post-486449","1":"post","2":"type-post","3":"status-publish","4":"format-standard","5":"has-post-thumbnail","7":"category-lille","8":"tag-actu","9":"tag-actualites","10":"tag-entrainements-fc-metz","11":"tag-eu","12":"tag-europe","13":"tag-fr","14":"tag-france","15":"tag-hauts-de-france","16":"tag-infos-fc-metz","17":"tag-lille","18":"tag-news","19":"tag-republique-francaise","20":"tag-videos-fc-metz"},"share_on_mastodon":{"url":"https:\/\/pubeurope.com\/@fr\/115428502056242847","error":""},"_links":{"self":[{"href":"https:\/\/www.europesays.com\/fr\/wp-json\/wp\/v2\/posts\/486449","targetHints":{"allow":["GET"]}}],"collection":[{"href":"https:\/\/www.europesays.com\/fr\/wp-json\/wp\/v2\/posts"}],"about":[{"href":"https:\/\/www.europesays.com\/fr\/wp-json\/wp\/v2\/types\/post"}],"author":[{"embeddable":true,"href":"https:\/\/www.europesays.com\/fr\/wp-json\/wp\/v2\/users\/2"}],"replies":[{"embeddable":true,"href":"https:\/\/www.europesays.com\/fr\/wp-json\/wp\/v2\/comments?post=486449"}],"version-history":[{"count":0,"href":"https:\/\/www.europesays.com\/fr\/wp-json\/wp\/v2\/posts\/486449\/revisions"}],"wp:featuredmedia":[{"embeddable":true,"href":"https:\/\/www.europesays.com\/fr\/wp-json\/wp\/v2\/media\/486450"}],"wp:attachment":[{"href":"https:\/\/www.europesays.com\/fr\/wp-json\/wp\/v2\/media?parent=486449"}],"wp:term":[{"taxonomy":"category","embeddable":true,"href":"https:\/\/www.europesays.com\/fr\/wp-json\/wp\/v2\/categories?post=486449"},{"taxonomy":"post_tag","embeddable":true,"href":"https:\/\/www.europesays.com\/fr\/wp-json\/wp\/v2\/tags?post=486449"}],"curies":[{"name":"wp","href":"https:\/\/api.w.org\/{rel}","templated":true}]}}