{"id":486462,"date":"2025-10-24T09:52:12","date_gmt":"2025-10-24T09:52:12","guid":{"rendered":"https:\/\/www.europesays.com\/fr\/486462\/"},"modified":"2025-10-24T09:52:12","modified_gmt":"2025-10-24T09:52:12","slug":"paris-attend-le-cpi-americain-dans-un-climat-de-prudence-24-10-2025-a-1131","status":"publish","type":"post","link":"https:\/\/www.europesays.com\/fr\/486462\/","title":{"rendered":"Paris: attend le CPI am\u00e9ricain dans un climat de prudence &#8211; 24\/10\/2025 \u00e0 11:31"},"content":{"rendered":"<p>                                                                La Bourse de Paris c\u00e8de pr\u00e8s de 0,5% ce matin, autour des 8 185 points, p\u00e9nalis\u00e9e par des prises de b\u00e9n\u00e9fices sur Kering (-3,5% apr\u00e8s +8,7% la veille). Vinci l\u00e2che \u00e9galement 3,5%, suivi par Thales (-3,2%).<\/p>\n<p>Alors que la semaine a \u00e9t\u00e9 extr\u00eamement charg\u00e9e en r\u00e9sultats, une certaine prudence semble d\u00e9sormais \u00e0 l&rsquo;oeuvre, notamment avant la toujours tr\u00e8s scrut\u00e9e statistique &lsquo;CPI&rsquo; de l&rsquo;inflation aux \u00c9tats-Unis. Attendue \u00e0 14h30, cette donn\u00e9e sera d&rsquo;autant plus observ\u00e9e que les march\u00e9s sont priv\u00e9s depuis maintenant trois semaines d&rsquo;indicateurs \u00e9conomiques du fait du &lsquo;shutdown&rsquo; qui frappe actuellement les administrations publiques am\u00e9ricaines.\n<\/p>\n<p>De bonnes nouvelles concernant l&rsquo;\u00e9volution des prix pourraient relancer la dynamique haussi\u00e8re de Wall Street, tandis qu&rsquo;une surprise \u00e0 la hausse pourrait raviver les craintes sur la trajectoire des baisses de taux de la R\u00e9serve f\u00e9d\u00e9rale, qui se r\u00e9unira la semaine prochaine.\n<\/p>\n<p>L&rsquo;indice des prix \u00e0 la consommation (CPI) est attendu en hausse de 0,4% en septembre sur un mois &#8211; comme en ao\u00fbt &#8211; et de 3,1% sur un an, contre 2,9% le mois pr\u00e9c\u00e9dent. L&rsquo;inflation sous-jacente (hors \u00e9nergie et alimentation) devrait, elle, rester stable, avec une progression de 0,3% d&rsquo;un mois sur l&rsquo;autre et de 3,1% en rythme annuel.\n<\/p>\n<p>En Europe, l&rsquo;indice flash PMI composite HCOB de l&rsquo;activit\u00e9 globale dans la zone euro, calcul\u00e9 par S&amp;P Global, s&rsquo;est redress\u00e9 de 51,2 en septembre \u00e0 52,2 en octobre, s&rsquo;inscrivant ainsi au-dessus de la barre des 50 du &lsquo;sans changement&rsquo; pour un dixi\u00e8me mois cons\u00e9cutif.\n<\/p>\n<p>Il signale ainsi une forte expansion de l&rsquo;activit\u00e9 du secteur priv\u00e9 et, de fait, la croissance enregistr\u00e9e au cours du mois a \u00e9t\u00e9 la plus forte depuis pr\u00e8s de deux ans et demi (\u00e0 \u00e9galit\u00e9 avec celle observ\u00e9e en mai 2024).\n<\/p>\n<p>En revanche, dans l&rsquo;Hexagone, l&rsquo;indice PMI flash composite HCOB de l&rsquo;activit\u00e9 globale fl\u00e9chit pour un deuxi\u00e8me mois cons\u00e9cutif, passant de 48,1 en septembre \u00e0 46,8 en octobre.<br \/>\n<br \/>Il pointe la plus forte baisse de l&rsquo;activit\u00e9 du secteur priv\u00e9 fran\u00e7ais depuis huit mois, la contraction s&rsquo;\u00e9tant acc\u00e9l\u00e9r\u00e9e dans l&rsquo;industrie manufacturi\u00e8re et les services, refl\u00e9tant la diminution de la demande clients et la faible conjoncture \u00e9conomique en France.\n<\/p>\n<p>Par ailleurs, la confiance des m\u00e9nages fran\u00e7ais se redresse en octobre selon l&rsquo;Insee. \u00c0 90, l&rsquo;indicateur augmente de deux points mais demeure au-dessous de sa moyenne de longue p\u00e9riode (100 entre janvier 1987 et d\u00e9cembre 2024).\n<\/p>\n<p>Hier soir, Intel a publi\u00e9 des r\u00e9sultats meilleurs que pr\u00e9vu, soutenus contre attente par ses progr\u00e8s r\u00e9alis\u00e9s dans l&rsquo;IA, ce qui pourrait permettre au titre de bondir de plus de 8% en cotations apr\u00e8s Bourse.\n<\/p>\n<p>Les march\u00e9s de taux apparaissent plut\u00f4t calmes en l&rsquo;absence de catalyseurs susceptibles de faire bouger les lignes, \u00e0 un peu moins d&rsquo;une semaine des r\u00e9unions tr\u00e8s attendues de la Fed et de la BCE.\n<\/p>\n<p>Les rendements en zone euro se tendent l\u00e9g\u00e8rement, celui du Bund allemand \u00e0 dix ans reprenant 4,2 points de base \u00e0 2,62%, tandis que l&rsquo;OAT fran\u00e7aise reprend 5 points vers 3,43%, donnant un &lsquo;spread&rsquo; de 81 points de base.<br \/>\n<br \/>Le Treasury am\u00e9ricain \u00e0 dix ans remonte en parall\u00e8le \u00e0 4,01%.\n<\/p>\n<p>Les prix du p\u00e9trole subissent une modeste consolidation apr\u00e8s leur envol\u00e9e de la veille, due \u00e0 la mise en place par Washington de sanctions contre les g\u00e9ants p\u00e9troliers russes Rosneft et Lukoil, mais se dirigent vers des gains solides, de l&rsquo;ordre de 7%, sur la semaine.\n<\/p>\n<p>Le Brent recule actuellement de 0,2% \u00e0 65,8 USD le baril.\n<\/p>\n<p>Dans l&rsquo;actualit\u00e9 des soci\u00e9t\u00e9s tricolores, Vinci a publi\u00e9 hier soir un chiffre d&rsquo;affaires de 19,4 milliards d&rsquo;euros au titre du 3e trimestre 2025, en croissance de 4,7% (+3,5% \u00e0 structure comparable).\n<\/p>\n<p>\u00c0 l&rsquo;occasion de sa publication trimestrielle, Safran indique relever ses perspectives pour 2025. Ainsi, le motoriste et \u00e9quipementier a\u00e9ronautique anticipe d\u00e9sormais une croissance du chiffre d&rsquo;affaires de 11 \u00e0 13%, un r\u00e9sultat op\u00e9rationnel courant de 5,1-5,2 milliards d&rsquo;euros et un cash-flow libre de 3,5-3,7 MdsEUR pour l&rsquo;ensemble de l&rsquo;ann\u00e9e en cours.\n<\/p>\n<p>Sanofi publie un BNPA des activit\u00e9s de 2,91 euros au titre du troisi\u00e8me trimestre 2025, en progression de 7% (+13,2% \u00e0 taux de change constants ou TCC), &lsquo;soutenu par une gestion disciplin\u00e9e des d\u00e9penses, par l&rsquo;accent mis sur la R&amp;D et par l&rsquo;efficience op\u00e9rationnelle&rsquo;.<\/p>\n","protected":false},"excerpt":{"rendered":"La Bourse de Paris c\u00e8de pr\u00e8s de 0,5% ce matin, autour des 8 185 points, p\u00e9nalis\u00e9e par des&hellip;\n","protected":false},"author":2,"featured_media":2956,"comment_status":"","ping_status":"","sticky":false,"template":"","format":"standard","meta":{"footnotes":""},"categories":[1888],"tags":[400,1111,1928,11,1927,398,408,405,1777,674,1011,27,403,402,399,404,12,1926,626,1925,25,401,406,407],"class_list":{"0":"post-486462","1":"post","2":"type-post","3":"status-publish","4":"format-standard","5":"has-post-thumbnail","7":"category-paris","8":"tag-action-cac-40","9":"tag-actu","10":"tag-actu-paris","11":"tag-actualites","12":"tag-actualites-paris","13":"tag-bourse-de-paris","14":"tag-boursorama","15":"tag-cotations","16":"tag-eu","17":"tag-europe","18":"tag-fr","19":"tag-france","20":"tag-indices-devises","21":"tag-investir","22":"tag-investissement","23":"tag-marche-boursier","24":"tag-news","25":"tag-news-paris","26":"tag-paris","27":"tag-paris-news","28":"tag-republique-francaise","29":"tag-sicav","30":"tag-trackers","31":"tag-warrants"},"share_on_mastodon":{"url":"https:\/\/pubeurope.com\/@fr\/115428533524008220","error":""},"_links":{"self":[{"href":"https:\/\/www.europesays.com\/fr\/wp-json\/wp\/v2\/posts\/486462","targetHints":{"allow":["GET"]}}],"collection":[{"href":"https:\/\/www.europesays.com\/fr\/wp-json\/wp\/v2\/posts"}],"about":[{"href":"https:\/\/www.europesays.com\/fr\/wp-json\/wp\/v2\/types\/post"}],"author":[{"embeddable":true,"href":"https:\/\/www.europesays.com\/fr\/wp-json\/wp\/v2\/users\/2"}],"replies":[{"embeddable":true,"href":"https:\/\/www.europesays.com\/fr\/wp-json\/wp\/v2\/comments?post=486462"}],"version-history":[{"count":0,"href":"https:\/\/www.europesays.com\/fr\/wp-json\/wp\/v2\/posts\/486462\/revisions"}],"wp:featuredmedia":[{"embeddable":true,"href":"https:\/\/www.europesays.com\/fr\/wp-json\/wp\/v2\/media\/2956"}],"wp:attachment":[{"href":"https:\/\/www.europesays.com\/fr\/wp-json\/wp\/v2\/media?parent=486462"}],"wp:term":[{"taxonomy":"category","embeddable":true,"href":"https:\/\/www.europesays.com\/fr\/wp-json\/wp\/v2\/categories?post=486462"},{"taxonomy":"post_tag","embeddable":true,"href":"https:\/\/www.europesays.com\/fr\/wp-json\/wp\/v2\/tags?post=486462"}],"curies":[{"name":"wp","href":"https:\/\/api.w.org\/{rel}","templated":true}]}}