{"id":486479,"date":"2025-10-24T10:01:12","date_gmt":"2025-10-24T10:01:12","guid":{"rendered":"https:\/\/www.europesays.com\/fr\/486479\/"},"modified":"2025-10-24T10:01:12","modified_gmt":"2025-10-24T10:01:12","slug":"lunion-europeenne-accuse-meta-et-tiktok-dinfractions-a-ses-regles-sur-les-contenus-en-ligne","status":"publish","type":"post","link":"https:\/\/www.europesays.com\/fr\/486479\/","title":{"rendered":"L&rsquo;Union europ\u00e9enne accuse Meta et TikTok d&rsquo;infractions \u00e0 ses r\u00e8gles sur les contenus en ligne"},"content":{"rendered":"<p class=\"ap-StoryElement ap-StoryElement--mb ap-StoryText\">Tout d&rsquo;abord, la Commission europ\u00e9enne reproche aux deux groupes de ne pas accorder aux chercheurs un acc\u00e8s ad\u00e9quat \u00e0 leurs donn\u00e9es internes, alors que la l\u00e9gislation europ\u00e9enne sur les contenus num\u00e9riques (Digital services act, DSA) les y oblige, dans un objectif de transparence.<\/p>\n<p class=\"ap-StoryElement ap-StoryElement--mb ap-StoryText\">Parall\u00e8lement, Bruxelles a accus\u00e9 Meta de ne pas avoir mis en place des m\u00e9canismes de signalement et de traitement des contenus ill\u00e9gaux sur Facebook et Instagram facilement accessibles et simples \u00e0 utiliser, comme le pr\u00e9voit le DSA, et d&rsquo;entraver le droit des utilisateurs \u00e0 contester la suppression de leurs contenus.<\/p>\n","protected":false},"excerpt":{"rendered":"Tout d&rsquo;abord, la Commission europ\u00e9enne reproche aux deux groupes de ne pas accorder aux chercheurs un acc\u00e8s ad\u00e9quat&hellip;\n","protected":false},"author":2,"featured_media":486480,"comment_status":"","ping_status":"","sticky":false,"template":"","format":"standard","meta":{"footnotes":""},"categories":[1586],"tags":[11,1777,674,1779,1011,27,310,12,25,42,1778,364],"class_list":{"0":"post-486479","1":"post","2":"type-post","3":"status-publish","4":"format-standard","5":"has-post-thumbnail","7":"category-europe","8":"tag-actualites","9":"tag-eu","10":"tag-europe","11":"tag-european-union","12":"tag-fr","13":"tag-france","14":"tag-internet","15":"tag-news","16":"tag-republique-francaise","17":"tag-technologies","18":"tag-ue","19":"tag-union-europeenne"},"share_on_mastodon":{"url":"https:\/\/pubeurope.com\/@fr\/115428568924289274","error":""},"_links":{"self":[{"href":"https:\/\/www.europesays.com\/fr\/wp-json\/wp\/v2\/posts\/486479","targetHints":{"allow":["GET"]}}],"collection":[{"href":"https:\/\/www.europesays.com\/fr\/wp-json\/wp\/v2\/posts"}],"about":[{"href":"https:\/\/www.europesays.com\/fr\/wp-json\/wp\/v2\/types\/post"}],"author":[{"embeddable":true,"href":"https:\/\/www.europesays.com\/fr\/wp-json\/wp\/v2\/users\/2"}],"replies":[{"embeddable":true,"href":"https:\/\/www.europesays.com\/fr\/wp-json\/wp\/v2\/comments?post=486479"}],"version-history":[{"count":0,"href":"https:\/\/www.europesays.com\/fr\/wp-json\/wp\/v2\/posts\/486479\/revisions"}],"wp:featuredmedia":[{"embeddable":true,"href":"https:\/\/www.europesays.com\/fr\/wp-json\/wp\/v2\/media\/486480"}],"wp:attachment":[{"href":"https:\/\/www.europesays.com\/fr\/wp-json\/wp\/v2\/media?parent=486479"}],"wp:term":[{"taxonomy":"category","embeddable":true,"href":"https:\/\/www.europesays.com\/fr\/wp-json\/wp\/v2\/categories?post=486479"},{"taxonomy":"post_tag","embeddable":true,"href":"https:\/\/www.europesays.com\/fr\/wp-json\/wp\/v2\/tags?post=486479"}],"curies":[{"name":"wp","href":"https:\/\/api.w.org\/{rel}","templated":true}]}}