{"id":48649,"date":"2025-04-24T07:50:08","date_gmt":"2025-04-24T07:50:08","guid":{"rendered":"https:\/\/www.europesays.com\/fr\/48649\/"},"modified":"2025-04-24T07:50:08","modified_gmt":"2025-04-24T07:50:08","slug":"paris-un-systeme-de-collecte-des-dechets-a-20-millions-deuros-transforme-en-tuyaux-pour-fibre-optique","status":"publish","type":"post","link":"https:\/\/www.europesays.com\/fr\/48649\/","title":{"rendered":"Paris\u00a0: un syst\u00e8me de collecte des d\u00e9chets \u00e0 20\u00a0millions d\u2019euros transform\u00e9\u2026 en tuyaux pour fibre optique\u00a0?"},"content":{"rendered":"<p class=\"paragraph text_align_left\">Elle d\u00e9crit \u00ab des rats et des poubelles qui d\u00e9bordent \u00bb. \u00ab Tout ce qu\u2019on redoutait est arriv\u00e9 \u00bb, soupire Florence Darve, photos \u00e0 l\u2019appui. Cette habitante du XVIIe arrondissement de Paris continue \u00e0 se battre pour que la collecte pneumatique des d\u00e9chets <a href=\"https:\/\/www.leparisien.fr\/paris-75\/cest-un-fiasco-lecoquartier-martin-luther-king-doit-abandonner-sa-collecte-innovante-des-dechets-29-03-2024-NEBM64ELFREBZHDKZX62BYLEUQ.php\" target=\"_blank\" rel=\"noopener\">soit remise en route dans l\u2019\u00e9co-quartier Martin-Luther-King.<\/a><\/p>\n<p class=\"paragraph text_align_left\">Stopp\u00e9 au mois de mai, ce syst\u00e8me innovant permettait \u00e0 7 000 riverains de jeter leurs ordures m\u00e9nag\u00e8res et leurs emballages recyclables directement dans des bornes d\u00e9di\u00e9es, install\u00e9es au pied des 19 immeubles \u00e9quip\u00e9s. Les d\u00e9chets \u00e9taient ensuite aspir\u00e9s \u00e0 70 km\/h dans des tuyaux souterrains jusqu\u2019\u00e0 un terminal de collecte, en lisi\u00e8re du boulevard p\u00e9riph\u00e9rique, \u00e0 une poign\u00e9e de kilom\u00e8tres.<\/p>\n","protected":false},"excerpt":{"rendered":"Elle d\u00e9crit \u00ab des rats et des poubelles qui d\u00e9bordent \u00bb. \u00ab Tout ce qu\u2019on redoutait est arriv\u00e9&hellip;\n","protected":false},"author":2,"featured_media":48650,"comment_status":"","ping_status":"","sticky":false,"template":"","format":"standard","meta":{"footnotes":""},"categories":[1888],"tags":[1111,1928,11,1927,1777,674,1011,27,3746,1944,12,1926,626,1925,25],"class_list":{"0":"post-48649","1":"post","2":"type-post","3":"status-publish","4":"format-standard","5":"has-post-thumbnail","7":"category-paris","8":"tag-actu","9":"tag-actu-paris","10":"tag-actualites","11":"tag-actualites-paris","12":"tag-eu","13":"tag-europe","14":"tag-fr","15":"tag-france","16":"tag-futurs","17":"tag-ma-ville","18":"tag-news","19":"tag-news-paris","20":"tag-paris","21":"tag-paris-news","22":"tag-republique-francaise"},"share_on_mastodon":{"url":"https:\/\/pubeurope.com\/@fr\/114391851128685301","error":""},"_links":{"self":[{"href":"https:\/\/www.europesays.com\/fr\/wp-json\/wp\/v2\/posts\/48649","targetHints":{"allow":["GET"]}}],"collection":[{"href":"https:\/\/www.europesays.com\/fr\/wp-json\/wp\/v2\/posts"}],"about":[{"href":"https:\/\/www.europesays.com\/fr\/wp-json\/wp\/v2\/types\/post"}],"author":[{"embeddable":true,"href":"https:\/\/www.europesays.com\/fr\/wp-json\/wp\/v2\/users\/2"}],"replies":[{"embeddable":true,"href":"https:\/\/www.europesays.com\/fr\/wp-json\/wp\/v2\/comments?post=48649"}],"version-history":[{"count":0,"href":"https:\/\/www.europesays.com\/fr\/wp-json\/wp\/v2\/posts\/48649\/revisions"}],"wp:featuredmedia":[{"embeddable":true,"href":"https:\/\/www.europesays.com\/fr\/wp-json\/wp\/v2\/media\/48650"}],"wp:attachment":[{"href":"https:\/\/www.europesays.com\/fr\/wp-json\/wp\/v2\/media?parent=48649"}],"wp:term":[{"taxonomy":"category","embeddable":true,"href":"https:\/\/www.europesays.com\/fr\/wp-json\/wp\/v2\/categories?post=48649"},{"taxonomy":"post_tag","embeddable":true,"href":"https:\/\/www.europesays.com\/fr\/wp-json\/wp\/v2\/tags?post=48649"}],"curies":[{"name":"wp","href":"https:\/\/api.w.org\/{rel}","templated":true}]}}