{"id":486493,"date":"2025-10-24T10:10:34","date_gmt":"2025-10-24T10:10:34","guid":{"rendered":"https:\/\/www.europesays.com\/fr\/486493\/"},"modified":"2025-10-24T10:10:34","modified_gmt":"2025-10-24T10:10:34","slug":"gp-inside-toute-lactualite-du-sport-moto","status":"publish","type":"post","link":"https:\/\/www.europesays.com\/fr\/486493\/","title":{"rendered":"GP Inside &#8211; Toute l&rsquo;actualit\u00e9 du sport moto !"},"content":{"rendered":"<p>&#13;<br \/>\n&#13;<br \/>\n&#13;<br \/>\n    &#13;<br \/>\n    &#13;<br \/>\n    &#13;<br \/>\n    &#13;<br \/>\n&#13;<br \/>\n    &#13;<br \/>\n&#13;<br \/>\n    GP Inside &#8211; Toute l&rsquo;actualit\u00e9 du sport moto !&#13;<br \/>\n&#13;<br \/>\n    &#13;<br \/>\n    &#13;<br \/>\n    &#13;<br \/>\n    &#13;<br \/>\n    &#13;<br \/>\n&#13;<br \/>\n    &#13;<br \/>\n    &#13;<br \/>\n   &#13;<br \/>\n    &#13;<br \/>\n&#13;<br \/>\n    &#13;<br \/>\n    &#13;<br \/>\n    &#13;<br \/>\n    &#13;<br \/>\n    &#13;<br \/>\n&#13;<br \/>\n    &#13;<br \/>\n    &#13;<br \/>\n    &#13;<br \/>\n&#13;<\/p>\n<p>    &#13;<br \/>\n&#13;<br \/>\n&#13;<br \/>\n&#13;<br \/>\n&#13;<br \/>\n   &#13;<br \/>\n&#13;<br \/>\n    &#13;<br \/>\n&#13;<br \/>\n    &#13;<br \/>\n&#13;<\/p>\n<p>        &#13;<br \/>\n            &#13;<\/p>\n<p>        &#13;<br \/>\n            &#13;<br \/>\n                &#13;<\/p>\n<p class=\"error-description\">Page not found<\/p>\n<p>&#13;<br \/>\n                <a class=\"error-link\" href=\"https:\/\/www.gp-inside.com\" target=\"_blank\" rel=\"noopener\">Revenir \u00e0 l&rsquo;accueil \u2192<\/a>&#13;<br \/>\n&#13;<br \/>\n            &#13;<\/p>\n<ul class=\"splide__list\">&#13;<\/p>\n<li data-id=\"68fb4a09da11810001c0277e\" class=\"splide__slide readmore__box readmore__box--show\">&#13;<br \/>\n                                        <a class=\"readmore__box__image-wrapper\" href=\"https:\/\/www.gp-inside.com\/deux-chutes-pour-marquez-a-sepang-malaisie\" target=\"_blank\" rel=\"noopener\">&#13;<br \/>\n&#13;<br \/>\n                                            <img decoding=\"async\" class=\"readmore__image\"   src=\"https:\/\/www.europesays.com\/fr\/wp-content\/uploads\/2025\/10\/FP1_MarquezA_MotoGp_R20_Sepang_2025_L-11.jpg\" alt=\"Deux chutes pour Marquez \u00e0 Sepang : \u00ab La piste est assez diff\u00e9rente de celle des essais de pr\u00e9saison \u00bb\" loading=\"lazy\"\/>&#13;<br \/>\n                                        <\/a>&#13;<br \/>\n&#13;<\/p>\n<p>&#13;<br \/>\n                                                Moto GP&#13;<br \/>\n                                                &#13;<br \/>\n&#13;\n                                        <\/p>\n<p>                                        Deux chutes pour Marquez \u00e0 Sepang : \u00ab La piste est assez diff\u00e9rente de celle des essais de pr\u00e9saison \u00bb<br \/>\n                                    &#13;\n                                <\/li>\n<p>&#13;<\/p>\n<li data-id=\"68fb4725da11810001c02760\" class=\"splide__slide readmore__box readmore__box--show\">&#13;<br \/>\n                                        <a class=\"readmore__box__image-wrapper\" href=\"https:\/\/www.gp-inside.com\/quartararo-sur-un-tour-je-sais-que-je-peux-performer\" target=\"_blank\" rel=\"noopener\">&#13;<br \/>\n&#13;<br \/>\n                                            <img decoding=\"async\" class=\"readmore__image\"   src=\"https:\/\/www.europesays.com\/fr\/wp-content\/uploads\/2025\/10\/MEYMm__GIG1010.jpg\" alt=\"Quartararo : \u00ab Sur un tour, je sais que je peux performer \u00bb\" loading=\"lazy\"\/>&#13;<br \/>\n                                        <\/a>&#13;<br \/>\n&#13;<\/p>\n<p>&#13;<br \/>\n                                                Moto GP&#13;<br \/>\n                                                &#13;<br \/>\n&#13;\n                                        <\/p>\n<p>                                        Quartararo : \u00ab Sur un tour, je sais que je peux performer \u00bb<br \/>\n                                    &#13;\n                                <\/li>\n<p>&#13;<\/p>\n<li data-id=\"68fb3b10da11810001c02741\" class=\"splide__slide readmore__box readmore__box--show\">&#13;<br \/>\n                                        <a class=\"readmore__box__image-wrapper\" href=\"https:\/\/www.gp-inside.com\/malaisie-motogp-pr-acosta-en-tete-devant-zarco-quartararo-5e\" target=\"_blank\" rel=\"noopener\">&#13;<br \/>\n&#13;<br \/>\n                                            <img decoding=\"async\" class=\"readmore__image\"   src=\"https:\/\/www.europesays.com\/fr\/wp-content\/uploads\/2025\/10\/722133_Pedro-Acosta_Red-Bull-KTM_MotoGP_RC16_Phillip-Island-_AUS_19-10-2025-9_19th-Rnd.-MotoGP-2025-.jpeg\" alt=\"Malaisie, MotoGP (PR) : Acosta en t\u00eate devant Zarco, Quartararo 5e\" loading=\"lazy\"\/>&#13;<br \/>\n                                        <\/a>&#13;<br \/>\n&#13;<\/p>\n<p>&#13;<br \/>\n                                                Moto GP&#13;<br \/>\n                                                &#13;<br \/>\n&#13;\n                                        <\/p>\n<p>                                        Malaisie, MotoGP (PR) : Acosta en t\u00eate devant Zarco, Quartararo 5e<br \/>\n                                    &#13;\n                                <\/li>\n<p>&#13;<\/p>\n<li data-id=\"68fb382cda11810001c0272b\" class=\"splide__slide readmore__box readmore__box--show\">&#13;<br \/>\n                                        <a class=\"readmore__box__image-wrapper\" href=\"https:\/\/www.gp-inside.com\/bulega-fera-un-test-motogp-a-jerez-avant-le-portugal\" target=\"_blank\" rel=\"noopener\">&#13;<br \/>\n&#13;<br \/>\n                                            <img decoding=\"async\" class=\"readmore__image\"   src=\"https:\/\/www.europesays.com\/fr\/wp-content\/uploads\/2025\/10\/9GG05509_UC866745_Mid.jpg\" alt=\"Bulega fera un test MotoGP \u00e0 Jerez avant le Portugal\" loading=\"lazy\"\/>&#13;<br \/>\n                                        <\/a>&#13;<br \/>\n&#13;<\/p>\n<p>&#13;<br \/>\n                                                Moto GP&#13;<br \/>\n                                                &#13;<br \/>\n&#13;\n                                        <\/p>\n<p>                                        Bulega fera un test MotoGP \u00e0 Jerez avant le Portugal<br \/>\n                                    &#13;\n                                <\/li>\n<p>&#13;<\/p>\n<li data-id=\"68fb292bda11810001c02715\" class=\"splide__slide readmore__box readmore__box--show\">&#13;<br \/>\n                                        <a class=\"readmore__box__image-wrapper\" href=\"https:\/\/www.gp-inside.com\/malaisie-moto2-pr-meilleur-temps-pour-gonzalez-baltus-4e\" target=\"_blank\" rel=\"noopener\">&#13;<br \/>\n&#13;<br \/>\n                                            <img decoding=\"async\" class=\"readmore__image\"   src=\"https:\/\/www.europesays.com\/fr\/wp-content\/uploads\/2025\/10\/intact_gp_moto2-_phillip_island_-_lekl_ronny_-_17-_oktober_2025_14-16-20_-_rl22165-1.jpg\" alt=\"Malaisie, Moto2 (PR) : meilleur temps pour Gonzalez, Baltus 4e\" loading=\"lazy\"\/>&#13;<br \/>\n                                        <\/a>&#13;<br \/>\n&#13;<\/p>\n<p>&#13;<br \/>\n                                                Moto 2&#13;<br \/>\n                                                &#13;<br \/>\n&#13;\n                                        <\/p>\n<p>                                        Malaisie, Moto2 (PR) : meilleur temps pour Gonzalez, Baltus 4e<br \/>\n                                    &#13;\n                                <\/li>\n<p>&#13;<\/p>\n<li data-id=\"68fb1cd9da11810001c026f8\" class=\"splide__slide readmore__box readmore__box--show\">&#13;<br \/>\n                                        <a class=\"readmore__box__image-wrapper\" href=\"https:\/\/www.gp-inside.com\/malaisie-moto3-pr-rueda-en-tete-devant-carpe\" target=\"_blank\" rel=\"noopener\">&#13;<br \/>\n&#13;<br \/>\n                                            <img decoding=\"async\" class=\"readmore__image\"   src=\"https:\/\/www.europesays.com\/fr\/wp-content\/uploads\/2025\/10\/GHZ5144.jpg\" alt=\"Malaisie, Moto3 (PR) : Rueda en t\u00eate devant Carpe\" loading=\"lazy\"\/>&#13;<br \/>\n                                        <\/a>&#13;<br \/>\n&#13;<\/p>\n<p>&#13;<br \/>\n                                                Moto 3&#13;<br \/>\n                                                &#13;<br \/>\n&#13;\n                                        <\/p>\n<p>                                        Malaisie, Moto3 (PR) : Rueda en t\u00eate devant Carpe<br \/>\n                                    &#13;\n                                <\/li>\n<p>&#13;<\/p>\n<li data-id=\"68faf1a2da11810001c026df\" class=\"splide__slide readmore__box readmore__box--show\">&#13;<br \/>\n                                        <a class=\"readmore__box__image-wrapper\" href=\"https:\/\/www.gp-inside.com\/malaisie-motogp-fp1-aldeguer-prend-la-main-devant-bagnaia-avant-la-pluie\" target=\"_blank\" rel=\"noopener\">&#13;<br \/>\n&#13;<br \/>\n                                            <img decoding=\"async\" class=\"readmore__image\"   src=\"https:\/\/www.europesays.com\/fr\/wp-content\/uploads\/2025\/10\/QP_Aldeguer_MotoGP_R19_PhillipIsland_2025-12.jpg\" alt=\"Malaisie, MotoGP (FP1) : Aldeguer prend la main devant  Bagnaia avant la pluie\" loading=\"lazy\"\/>&#13;<br \/>\n                                        <\/a>&#13;<br \/>\n&#13;<\/p>\n<p>&#13;<br \/>\n                                                Moto GP&#13;<br \/>\n                                                &#13;<br \/>\n&#13;\n                                        <\/p>\n<p>                                        Malaisie, MotoGP (FP1) : Aldeguer prend la main devant  Bagnaia avant la pluie<br \/>\n                                    &#13;\n                                <\/li>\n<p>&#13;<\/p>\n<li data-id=\"68fae575da11810001c026c6\" class=\"splide__slide readmore__box readmore__box--show\">&#13;<br \/>\n                                        <a class=\"readmore__box__image-wrapper\" href=\"https:\/\/www.gp-inside.com\/malaisie-moto2-fp1-dixon-devant-arenas-et-alonso\" target=\"_blank\" rel=\"noopener\">&#13;<br \/>\n&#13;<br \/>\n                                            <img decoding=\"async\" class=\"readmore__image\"   src=\"https:\/\/www.europesays.com\/fr\/wp-content\/uploads\/2025\/10\/2025_Round19_PhillipIsland_Moto2_Dixon_Sunday-403914.jpg\" alt=\"Malaisie, Moto2 (FP1) : Dixon devant Arenas et Alonso\" loading=\"lazy\"\/>&#13;<br \/>\n                                        <\/a>&#13;<br \/>\n&#13;<\/p>\n<p>&#13;<br \/>\n                                                Moto 2&#13;<br \/>\n                                                &#13;<br \/>\n&#13;\n                                        <\/p>\n<p>                                        Malaisie, Moto2 (FP1) : Dixon devant Arenas et Alonso<br \/>\n                                    &#13;\n                                <\/li>\n<p>&#13;<\/p>\n<li data-id=\"68fad7a6da11810001c026ac\" class=\"splide__slide readmore__box readmore__box--show\">&#13;<br \/>\n                                        <a class=\"readmore__box__image-wrapper\" href=\"https:\/\/www.gp-inside.com\/malaisie-moto3-fp1-piqu\" target=\"_blank\" rel=\"noopener\">&#13;<br \/>\n&#13;<br \/>\n                                            <img decoding=\"async\" class=\"readmore__image\"   src=\"https:\/\/www.europesays.com\/fr\/wp-content\/uploads\/2025\/10\/1761300623_73_563405388_18083383715064495_5643440553655735422_n.jpg\" alt=\"Malaisie, Moto3 (FP1) : Piqueras m\u00e8ne la premi\u00e8re s\u00e9ance\" loading=\"lazy\"\/>&#13;<br \/>\n                                        <\/a>&#13;<br \/>\n&#13;<\/p>\n<p>&#13;<br \/>\n                                                Moto 3&#13;<br \/>\n                                                &#13;<br \/>\n&#13;\n                                        <\/p>\n<p>                                        Malaisie, Moto3 (FP1) : Piqueras m\u00e8ne la premi\u00e8re s\u00e9ance<br \/>\n                                    &#13;\n                                <\/li>\n<p>&#13;<\/p>\n<li data-id=\"68fa0416da11810001c02680\" class=\"splide__slide readmore__box readmore__box--show\">&#13;<br \/>\n                                        <a class=\"readmore__box__image-wrapper\" href=\"https:\/\/www.gp-inside.com\/saison-terminee-pour-marquez\" target=\"_blank\" rel=\"noopener\">&#13;<br \/>\n&#13;<br \/>\n                                            <img decoding=\"async\" class=\"readmore__image\"   src=\"https:\/\/www.europesays.com\/fr\/wp-content\/uploads\/2025\/10\/1000245024-1.jpg\" alt=\"Saison termin\u00e9e pour Marquez\" loading=\"lazy\"\/>&#13;<br \/>\n                                        <\/a>&#13;<br \/>\n&#13;<\/p>\n<p>&#13;<br \/>\n                                                Moto GP&#13;<br \/>\n                                                &#13;<br \/>\n&#13;\n                                        <\/p>\n<p>                                        Saison termin\u00e9e pour Marquez<br \/>\n                                    &#13;\n                                <\/li>\n<p>&#13;<\/p>\n<li data-id=\"68f9ca4dda11810001c0265c\" class=\"splide__slide readmore__box readmore__box--show\">&#13;<br \/>\n                                        <a class=\"readmore__box__image-wrapper\" href=\"https:\/\/www.gp-inside.com\/zarco-jessaie-devoluer-de-mieux-manalyser-pour-trouver-des-solutions\" target=\"_blank\" rel=\"noopener\">&#13;<br \/>\n&#13;<br \/>\n                                            <img decoding=\"async\" class=\"readmore__image\"   src=\"https:\/\/www.europesays.com\/fr\/wp-content\/uploads\/2025\/10\/unnamed--10-.jpg\" alt=\"Zarco : \u00ab J\u2019essaie d\u2019\u00e9voluer, de mieux m\u2019analyser pour trouver des solutions \u00bb\" loading=\"lazy\"\/>&#13;<br \/>\n                                        <\/a>&#13;<br \/>\n&#13;<\/p>\n<p>&#13;<br \/>\n                                                Moto GP&#13;<br \/>\n                                                &#13;<br \/>\n&#13;\n                                        <\/p>\n<p>                                        Zarco : \u00ab J\u2019essaie d\u2019\u00e9voluer, de mieux m\u2019analyser pour trouver des solutions \u00bb<br \/>\n                                    &#13;\n                                <\/li>\n<p>&#13;<\/p>\n<li data-id=\"68f93ed8da11810001c0263a\" class=\"splide__slide readmore__box readmore__box--show\">&#13;<br \/>\n                                        <a class=\"readmore__box__image-wrapper\" href=\"https:\/\/www.gp-inside.com\/quartararo-espere-rebondir-en-malaisie\" target=\"_blank\" rel=\"noopener\">&#13;<br \/>\n&#13;<br \/>\n                                            <img decoding=\"async\" class=\"readmore__image\"   src=\"https:\/\/www.europesays.com\/fr\/wp-content\/uploads\/2025\/10\/MEYMm__GG99121.jpg\" alt=\"Quartararo esp\u00e8re rebondir en Malaisie\" loading=\"lazy\"\/>&#13;<br \/>\n                                        <\/a>&#13;<br \/>\n&#13;<\/p>\n<p>&#13;<br \/>\n                                                Moto GP&#13;<br \/>\n                                                &#13;<br \/>\n&#13;\n                                        <\/p>\n<p>                                        Quartararo esp\u00e8re rebondir en Malaisie<br \/>\n                                    &#13;\n                                <\/li>\n<p>&#13;<\/p>\n<li data-id=\"68f93b90da11810001c0261a\" class=\"splide__slide readmore__box readmore__box--show\">&#13;<br \/>\n                                        <a class=\"readmore__box__image-wrapper\" href=\"https:\/\/www.gp-inside.com\/bagnaia-veut-rebondir-en-malaisie-apres-un-week-end-complique\" target=\"_blank\" rel=\"noopener\">&#13;<br \/>\n&#13;<br \/>\n                                            <img decoding=\"async\" class=\"readmore__image\"   src=\"https:\/\/www.europesays.com\/fr\/wp-content\/uploads\/2025\/10\/_292145321_A128276_UC869795_Mid.jpg\" alt=\"Bagnaia : \u00ab Ce n\u2019est pas une situation facile \u00bb\" loading=\"lazy\"\/>&#13;<br \/>\n                                        <\/a>&#13;<br \/>\n&#13;<\/p>\n<p>&#13;<br \/>\n                                                Moto GP&#13;<br \/>\n                                                &#13;<br \/>\n&#13;\n                                        <\/p>\n<p>                                        Bagnaia : \u00ab Ce n\u2019est pas une situation facile \u00bb<br \/>\n                                    &#13;\n                                <\/li>\n<p>&#13;<\/p>\n<li data-id=\"68f8c06fda11810001c025f5\" class=\"splide__slide readmore__box readmore__box--show\">&#13;<br \/>\n                                        <a class=\"readmore__box__image-wrapper\" href=\"https:\/\/www.gp-inside.com\/fernandez-wildcard-avec-la-yamaha-v4-a-sepang\" target=\"_blank\" rel=\"noopener\">&#13;<br \/>\n&#13;<br \/>\n                                            <img decoding=\"async\" class=\"readmore__image\"   src=\"https:\/\/www.europesays.com\/fr\/wp-content\/uploads\/2025\/10\/webp-1900--1-.webp.webp\" alt=\"Fernandez wildcard avec la Yamaha V4 \u00e0 Sepang\" loading=\"lazy\"\/>&#13;<br \/>\n                                        <\/a>&#13;<br \/>\n&#13;<\/p>\n<p>&#13;<br \/>\n                                                Moto GP&#13;<br \/>\n                                                &#13;<br \/>\n&#13;\n                                        <\/p>\n<p>                                        Fernandez wildcard avec la Yamaha V4 \u00e0 Sepang<br \/>\n                                    &#13;\n                                <\/li>\n<p>&#13;<\/p>\n<li data-id=\"68f63bb1da11810001c025e1\" class=\"splide__slide readmore__box readmore__box--show\">&#13;<br \/>\n                                        <a class=\"readmore__box__image-wrapper\" href=\"https:\/\/www.gp-inside.com\/video-ce-quil-faut-retenir-du-gp-daustralie-et-de-la-finale-du-worldsbk-a-jerez\" target=\"_blank\" rel=\"noopener\">&#13;<br \/>\n&#13;<br \/>\n                                            <img decoding=\"async\" class=\"readmore__image\"   src=\"https:\/\/www.europesays.com\/fr\/wp-content\/uploads\/2025\/10\/565705387_1266057452229658_3481653547672766525_n.jpg\" alt=\"VID\u00c9O : Ce qu'il faut retenir du GP d'Australie et de la finale du WorldSBK \u00e0 Jerez !\" loading=\"lazy\"\/>&#13;<br \/>\n                                        <\/a>&#13;<br \/>\n&#13;<\/p>\n<p>                                        VID\u00c9O : Ce qu&rsquo;il faut retenir du GP d&rsquo;Australie et de la finale du WorldSBK \u00e0 Jerez !<br \/>\n                                    &#13;\n                                <\/li>\n<p>&#13;<\/p>\n<li data-id=\"68f4799dda11810001c025b3\" class=\"splide__slide readmore__box readmore__box--show\">&#13;<br \/>\n                                        <a class=\"readmore__box__image-wrapper\" href=\"https:\/\/www.gp-inside.com\/quartararo-en-pole-mais-11e-en-course-cest-un-peu-saoulant\" target=\"_blank\" rel=\"noopener\">&#13;<br \/>\n&#13;<br \/>\n                                            <img decoding=\"async\" class=\"readmore__image\"   src=\"https:\/\/www.europesays.com\/fr\/wp-content\/uploads\/2025\/10\/1761300631_783_MEYMm_2025-19-GP-Australia-08252.jpg\" alt=\"Quartararo en pole, mais 11e en course : \u00ab Je ne comprends pas vraiment ce qu\u2019il s\u2019est pass\u00e9 \u00bb\" loading=\"lazy\"\/>&#13;<br \/>\n                                        <\/a>&#13;<br \/>\n&#13;<\/p>\n<p>&#13;<br \/>\n                                                Moto GP&#13;<br \/>\n                                                &#13;<br \/>\n&#13;\n                                        <\/p>\n<p>                                        Quartararo en pole, mais 11e en course : \u00ab Je ne comprends pas vraiment ce qu\u2019il s\u2019est pass\u00e9 \u00bb<br \/>\n                                    &#13;\n                                <\/li>\n<p>&#13;<\/p>\n<li data-id=\"68f4782dda11810001c02597\" class=\"splide__slide readmore__box readmore__box--show\">&#13;<br \/>\n                                        <a class=\"readmore__box__image-wrapper\" href=\"https:\/\/www.gp-inside.com\/une-chute-pour-zarco-a-phillip-island-il-y-avait-du-mieux-mais-ca-na-pas-concretise\" target=\"_blank\" rel=\"noopener\">&#13;<br \/>\n&#13;<br \/>\n                                            <img decoding=\"async\" class=\"readmore__image\"   src=\"https:\/\/www.europesays.com\/fr\/wp-content\/uploads\/2025\/10\/unnamed--9-.jpg\" alt=\"Une chute pour Zarco \u00e0 Phillip Island : \u00ab Il y avait du mieux, mais \u00e7a n\u2019a pas concr\u00e9tis\u00e9 \u00bb\" loading=\"lazy\"\/>&#13;<br \/>\n                                        <\/a>&#13;<br \/>\n&#13;<\/p>\n<p>&#13;<br \/>\n                                                Moto GP&#13;<br \/>\n                                                &#13;<br \/>\n&#13;\n                                        <\/p>\n<p>                                        Une chute pour Zarco \u00e0 Phillip Island : \u00ab Il y avait du mieux, mais \u00e7a n\u2019a pas concr\u00e9tis\u00e9 \u00bb<br \/>\n                                    &#13;\n                                <\/li>\n<p>&#13;<\/p>\n<li data-id=\"68f46f8ada11810001c0257d\" class=\"splide__slide readmore__box readmore__box--show\">&#13;<br \/>\n                                        <a class=\"readmore__box__image-wrapper\" href=\"https:\/\/www.gp-inside.com\/fernandez-decroche-sa-premiere-victoire-en-motogp\" target=\"_blank\" rel=\"noopener\">&#13;<br \/>\n&#13;<br \/>\n                                            <img decoding=\"async\" class=\"readmore__image\"   src=\"https:\/\/www.europesays.com\/fr\/wp-content\/uploads\/2025\/10\/2025_Round19_PhillipIsland_MotoGP_Fernandez_Sprint-402870.jpg\" alt=\"Fernandez d\u00e9croche sa premi\u00e8re victoire en MotoGP\" loading=\"lazy\"\/>&#13;<br \/>\n                                        <\/a>&#13;<br \/>\n&#13;<\/p>\n<p>&#13;<br \/>\n                                                Moto GP&#13;<br \/>\n                                                &#13;<br \/>\n&#13;\n                                        <\/p>\n<p>                                        Fernandez d\u00e9croche sa premi\u00e8re victoire en MotoGP<br \/>\n                                    &#13;\n                                <\/li>\n<p>&#13;<\/p>\n<li data-id=\"68f4547bda11810001c02562\" class=\"splide__slide readmore__box readmore__box--show\">&#13;<br \/>\n                                        <a class=\"readmore__box__image-wrapper\" href=\"https:\/\/www.gp-inside.com\/agius-simpose-a-domicile-moreira-se-rapproche\" target=\"_blank\" rel=\"noopener\">&#13;<br \/>\n&#13;<br \/>\n                                            <img decoding=\"async\" class=\"readmore__image\"   src=\"https:\/\/www.europesays.com\/fr\/wp-content\/uploads\/2025\/10\/intact_gp_moto2-_phillip_island_-_lekl_ronny_-_18-_oktober_2025_09-59-20_-_rl24055.jpg\" alt=\"Agius s'impose \u00e0 domicile, Moreira se rapproche\" loading=\"lazy\"\/>&#13;<br \/>\n                                        <\/a>&#13;<br \/>\n&#13;<\/p>\n<p>&#13;<br \/>\n                                                Moto 2&#13;<br \/>\n                                                &#13;<br \/>\n&#13;\n                                        <\/p>\n<p>                                        Agius s&rsquo;impose \u00e0 domicile, Moreira se rapproche<br \/>\n                                    &#13;\n                                <\/li>\n<p>&#13;<\/p>\n<li data-id=\"68f4432dda11810001c02549\" class=\"splide__slide readmore__box readmore__box--show\">&#13;<br \/>\n                                        <a class=\"readmore__box__image-wrapper\" href=\"https:\/\/www.gp-inside.com\/et-de-10-pour-rueda\" target=\"_blank\" rel=\"noopener\">&#13;<br \/>\n&#13;<br \/>\n                                            <img decoding=\"async\" class=\"readmore__image\"   src=\"https:\/\/www.europesays.com\/fr\/wp-content\/uploads\/2025\/10\/1761300634_459_AE1I0840-scaled.jpg\" alt=\"Et de 10 pour Rueda !\" loading=\"lazy\"\/>&#13;<br \/>\n                                        <\/a>&#13;<br \/>\n&#13;<\/p>\n<p>&#13;<br \/>\n                                                Moto 3&#13;<br \/>\n                                                &#13;<br \/>\n&#13;\n                                        <\/p>\n<p>                                        Et de 10 pour Rueda !<br \/>\n                                    &#13;\n                                <\/li>\n<p>&#13;\n                <\/ul>\n<p>&#13;<br \/>\n&#13;<\/p>\n<p>            &#13;<br \/>\n    &#13;<br \/>\n    &#13;<br \/>\n&#13;<br \/>\n    &#13;<br \/>\n&#13;<br \/>\n&#13;<\/p>\n","protected":false},"excerpt":{"rendered":"&#13; &#13; &#13; &#13; &#13; &#13; &#13; &#13; &#13; &#13; GP Inside &#8211; Toute l&rsquo;actualit\u00e9 du sport moto&hellip;\n","protected":false},"author":2,"featured_media":486494,"comment_status":"","ping_status":"","sticky":false,"template":"","format":"standard","meta":{"footnotes":""},"categories":[1413],"tags":[1011,27,1457,1456,60],"class_list":{"0":"post-486493","1":"post","2":"type-post","3":"status-publish","4":"format-standard","5":"has-post-thumbnail","7":"category-moto","8":"tag-fr","9":"tag-france","10":"tag-moto","11":"tag-motocycle","12":"tag-sports"},"share_on_mastodon":{"url":"https:\/\/pubeurope.com\/@fr\/115428605719623531","error":""},"_links":{"self":[{"href":"https:\/\/www.europesays.com\/fr\/wp-json\/wp\/v2\/posts\/486493","targetHints":{"allow":["GET"]}}],"collection":[{"href":"https:\/\/www.europesays.com\/fr\/wp-json\/wp\/v2\/posts"}],"about":[{"href":"https:\/\/www.europesays.com\/fr\/wp-json\/wp\/v2\/types\/post"}],"author":[{"embeddable":true,"href":"https:\/\/www.europesays.com\/fr\/wp-json\/wp\/v2\/users\/2"}],"replies":[{"embeddable":true,"href":"https:\/\/www.europesays.com\/fr\/wp-json\/wp\/v2\/comments?post=486493"}],"version-history":[{"count":0,"href":"https:\/\/www.europesays.com\/fr\/wp-json\/wp\/v2\/posts\/486493\/revisions"}],"wp:featuredmedia":[{"embeddable":true,"href":"https:\/\/www.europesays.com\/fr\/wp-json\/wp\/v2\/media\/486494"}],"wp:attachment":[{"href":"https:\/\/www.europesays.com\/fr\/wp-json\/wp\/v2\/media?parent=486493"}],"wp:term":[{"taxonomy":"category","embeddable":true,"href":"https:\/\/www.europesays.com\/fr\/wp-json\/wp\/v2\/categories?post=486493"},{"taxonomy":"post_tag","embeddable":true,"href":"https:\/\/www.europesays.com\/fr\/wp-json\/wp\/v2\/tags?post=486493"}],"curies":[{"name":"wp","href":"https:\/\/api.w.org\/{rel}","templated":true}]}}