{"id":486505,"date":"2025-10-24T10:16:24","date_gmt":"2025-10-24T10:16:24","guid":{"rendered":"https:\/\/www.europesays.com\/fr\/486505\/"},"modified":"2025-10-24T10:16:24","modified_gmt":"2025-10-24T10:16:24","slug":"5-livres-photo-a-ne-pas-manquer-5","status":"publish","type":"post","link":"https:\/\/www.europesays.com\/fr\/486505\/","title":{"rendered":"5 livres photo \u00e0 ne pas manquer"},"content":{"rendered":"<p>Chaque mois, Phototrend vous propose de\u00a0d\u00e9couvrir les livres photo qui nous ont marqu\u00e9s. En ce mois d\u2019octobre 2025, voici 5 nouveaux ouvrages que nous avons s\u00e9lectionn\u00e9s pour vous.<\/p>\n<p>Ce mois-ci, cinq regards singuliers sont \u00e0 d\u00e9couvrir. Celui des <strong>photographes de l\u2019AFP<\/strong> sur l\u2019actualit\u00e9. Celui des laur\u00e9ats du concours <strong>Wildlife Photographer of the Year<\/strong>. Celui du finlandais <strong>Pentti Sammallahti<\/strong>, \u00e0 qui la collection Photo Poche consacre une r\u00e9\u00e9dition. Celui de <strong>Simon Vansteenwinckel<\/strong>, en immersion parmi les tribus Lakotas, au nord des \u00c9tats-Unis. Enfin, celui de <strong>Corentin Fohlen<\/strong> sur les personnalit\u00e9s de notre temps. Bonne lecture.<\/p>\n<p>Regardez ici pour voir<\/p>\n<p><img decoding=\"async\" width=\"1400\" height=\"933\" loading=\"lazy\" src=\"https:\/\/www.europesays.com\/fr\/wp-content\/uploads\/2025\/10\/regardez-ici-pour-voir.jpg\" alt=\"\" class=\"wp-image-251587\"  \/><\/p>\n<p>Apr\u00e8s des ann\u00e9es \u00e0 couvrir l\u2019actualit\u00e9 br\u00fblante, <strong>Corentin Fohlen<\/strong> tourne son objectif vers un autre terrain : celui du <strong>portrait<\/strong>. Dans Regardez ici pour voir, le photojournaliste explore la rencontre entre le photographe et son sujet, avec environ <strong>60 portraits de personnalit\u00e9s<\/strong>, r\u00e9alis\u00e9s en commande pour la presse. Pour un portrait, \u00ab plus simple il y para\u00eet, plus complexe est la recherche \u00bb, \u00e9crit-il, rappelant le <strong>long travail de construction<\/strong> et d\u2019intuition que n\u00e9cessite chaque image.<\/p>\n<p><strong>Herv\u00e9 Le Tellier<\/strong>, prix Goncourt 2020, signe une pr\u00e9face fine et complice : \u00ab Personne n\u2019a \u00e0 poser autrement que dans l\u2019action qu\u2019impose sa profession. \u00bb Pourtant, Corentin Fohlen parvient \u00e0 <strong>r\u00e9v\u00e9ler ses mod\u00e8les autrement<\/strong>, dans des espaces o\u00f9 leur personnalit\u00e9 prend toute la lumi\u00e8re. Ce n\u2019est pas une simple galerie de portraits, mais un <strong>livre sur le regard<\/strong> \u2013 celui du photographe autant que celui de celles et ceux qu\u2019il photographie.<\/p>\n<p>Et si vous vous demandez l\u2019origine de ce titre, c\u2019est tout simplement la phrase que le photographe prononce pour <strong>orienter le regard de ses mod\u00e8les<\/strong>.<\/p>\n<p><strong>Regardez ici pour voir, Corentin Fohlen<\/strong><br \/>\u00c9diteur : Light Motiv<br \/>29 \u20ac, 160 pages, format broch\u00e9, 17 x 23,5 cm<br \/>Acheter le livre : <a href=\"https:\/\/editionslightmotiv.com\/produit\/regardez-ici-pour-voir\/\" target=\"_blank\" rel=\"noopener\">\u00c9ditions Light Motiv<\/a> \/ <a href=\"https:\/\/www.awin1.com\/cread.php?awinmid=12665&amp;awinaffid=282185&amp;clickref=&amp;p=https:\/\/www.fnac.com\/a21728672\/CORENTIN-FOHLEN-Regardez-ici-pour-voir\" target=\"_blank\" rel=\"noopener\">Fnac<\/a><\/p>\n<p>Aux ombres<\/p>\n<p><img decoding=\"async\" width=\"1400\" height=\"930\" loading=\"lazy\" src=\"https:\/\/www.europesays.com\/fr\/wp-content\/uploads\/2025\/10\/aux-ombres-.jpg\" alt=\"\" class=\"wp-image-251940\"  \/><\/p>\n<p>Les \u00e9ditions lamaindonne publient Aux ombres, de <strong><a href=\"https:\/\/phototrend.fr\/tag\/simon-vansteenwinckel\/\" target=\"_blank\" rel=\"noopener\">Simon Vansteenwinckel<\/a><\/strong>, pr\u00e9sent\u00e9 comme un \u00ab\u00a0essai visuel documentaire\u00a0\u00bb. D\u00e8s les premi\u00e8res pages, des <strong>paysages quasi d\u00e9sertiques<\/strong> d\u00e9filent sous nos yeux dans un <strong>noir et blanc tr\u00e8s marqu\u00e9<\/strong>, avec un d\u00e9coupage cin\u00e9matographique \u2013 on se croirait presque face \u00e0 la s\u00e9quence d\u2019un film \u2013 jusqu\u2019\u00e0 l\u2019arriv\u00e9e \u00e0 l\u2019image d\u2019une chevauch\u00e9e.<\/p>\n<p>Chaque ann\u00e9e, dans le nord des \u00c9tats-Unis, les <strong>tribus Lakotas<\/strong> se rassemblent et traversent plus 450\u00a0km \u00e0 cheval, pendant une quinzaine de jours. Parqu\u00e9es dans des r\u00e9serves par le gouvernement am\u00e9ricain et forc\u00e9es de vivre dans des <strong>conditions tr\u00e8s pr\u00e9caires<\/strong>, les membres des tribus Lakotas font de cette chevauch\u00e9e autant un mouvement de lib\u00e9ration qu\u2019un travail de m\u00e9moire salvateur.<\/p>\n<p>Ils suivent les traces de la tribu du chef Big Foot, massacr\u00e9 \u00e0 Wounded Knee le 29\u00a0d\u00e9cembre 1890. La s\u00e9rie photographique de Simon Vansteenwinckel va <strong>\u00e0 rebours<\/strong> des repr\u00e9sentations habituelles sur les <strong>r\u00e9serves indiennes<\/strong> aux \u00c9tats-Unis. Paysages, portraits collectifs et individuels sont en rupture totale avec les st\u00e9r\u00e9otypes et les logiques de repr\u00e9sentation habituelles.<\/p>\n<p>Toutes les photographies sont d\u2019une <strong>grande dignit\u00e9<\/strong>, d\u2019une grande douceur, et rendent parfaitement hommage \u00e0 cette chevauch\u00e9e spirituelle et <strong>m\u00e9morielle \u00e9mancipatrice<\/strong>. <\/p>\n<p>Une partie des droits d\u2019auteurs de ce livre reviendra directement aux Indiens Lakotas.<\/p>\n<p><strong>Aux ombres, Simon Vansteenwinckel<\/strong><br \/>\u00c9diteur : lamaindonne<br \/>46 \u20ac, 224 pages, format reli\u00e9, 22,4 x 29,5 cm<br \/>Acheter le livre : <a href=\"https:\/\/www.lamaindonne.fr\/produit\/aux-ombres\/\" target=\"_blank\" rel=\"noopener\">lamaindonne<\/a> \/ <a href=\"https:\/\/www.awin1.com\/cread.php?awinmid=12665&amp;awinaffid=282185&amp;clickref=&amp;p=https:\/\/www.fnac.com\/a22038461\/Simon-Vansteenwinckel-Simon-Vansteenwinckel-Aux-Ombres-franCais\" target=\"_blank\" rel=\"noopener\">Fnac<\/a><\/p>\n<p>Regards de photographes \u2013 2024-2025<\/p>\n<p><img decoding=\"async\" width=\"1400\" height=\"933\" loading=\"lazy\" src=\"https:\/\/www.europesays.com\/fr\/wp-content\/uploads\/2025\/10\/regards-de-photographes-afp.jpg\" alt=\"\" class=\"wp-image-251589\"  \/><\/p>\n<p>Avec Regards de photographes, l\u2019Agence France-Presse signe un <strong>ouvrage \u00e0 part<\/strong>, \u00e0 contre-courant des r\u00e9trospectives habituelles (<a href=\"https:\/\/phototrend.fr\/2024\/12\/selection-livres-photo-decembre-2024\/\" target=\"_blank\" rel=\"noopener\">Focus<\/a>). Ce beau livre collectif rassemble des <strong>images in\u00e9dites<\/strong> r\u00e9alis\u00e9es entre 2024 et 2025 par les <strong>photojournalistes de l\u2019AFP<\/strong>. Les clich\u00e9s, puissants et sensibles, r\u00e9v\u00e8lent l\u2019\u00e9poque dans toute sa complexit\u00e9 \u2013 climat, luttes sociales, conflits, bouleversements politiques\u2026<\/p>\n<p>\u00ab\u00a0\u00c0 l\u2019heure o\u00f9 l\u2019IA g\u00e9n\u00e9rative est capable de cr\u00e9er de toutes pi\u00e8ces des clich\u00e9s d\u2019un r\u00e9alisme saisissant, ce livre rappelle avec force que le regard du photoreporter est irrempla\u00e7able\u00a0\u00bb indiquent St\u00e9phane Arnaud, \u00c9ric Baradat et St\u00e9phanie Garcia de l\u2019AFP. La maquette, sobre et \u00e9l\u00e9gante, met <strong>l\u2019image au centre<\/strong>, avec des <strong>l\u00e9gendes relay\u00e9es en fin d\u2019ouvrage<\/strong>. Comme pour montrer l\u2019image avant le contexte dans lequel elle a \u00e9t\u00e9 prise..<\/p>\n<p>Regards de photographes n\u2019est pas un album de l\u2019ann\u00e9e, mais un <strong>manifeste du photojournalisme contemporain<\/strong>. Un hommage au travail de pr\u00e8s de 300 photographes de l\u2019AFP, t\u00e9moins du monde et artisans du r\u00e9el.<\/p>\n<p><strong>Regards de photographes \u2013 2024-2025, collectif<\/strong><br \/>\u00c9diteur : La d\u00e9couverte<br \/>29 \u20ac, 160 pages, format broch\u00e9, 21 x 29,7 cm<br \/>Acheter le livre : <a href=\"https:\/\/www.leslibraires.fr\/livre\/25162714-regards-de-photographes-2024-2025-afp-agence-france-presse--la-decouverte?affiliate=phototrend\" target=\"_blank\" rel=\"noopener\">leslibraires.fr<\/a> \/ <a href=\"https:\/\/www.awin1.com\/cread.php?awinmid=12665&amp;awinaffid=282185&amp;clickref=&amp;p=https:\/\/www.fnac.com\/a21712028\/AFP-Agence-France-Presse-Regards-de-photographes-2024-2025\" target=\"_blank\" rel=\"noopener\">Fnac<\/a><\/p>\n<p>Wildlife Photographer of the Year 2025<\/p>\n<p><img decoding=\"async\" width=\"1400\" height=\"933\" loading=\"lazy\" src=\"https:\/\/www.europesays.com\/fr\/wp-content\/uploads\/2025\/10\/wildlife-photographer-of-the-year-2025.jpg\" alt=\"\" class=\"wp-image-251590\"  \/><\/p>\n<p>Cet ouvrage rassemble les <strong>plus beaux clich\u00e9s<\/strong> prim\u00e9s lors du <strong>concours Wildlife Photographer of the Year 2025<\/strong>, organis\u00e9 par le Natural History Museum de Londres. Il pr\u00e9sente non seulement les images gagnantes, mais aussi une s\u00e9lection de <strong>100 photographies<\/strong> d\u2019exception retenues parmi plus de 60 000 participations venues de 113 pays pour cette 61e \u00e9dition.<\/p>\n<p>Voir aussi<\/p>\n<p><a href=\"https:\/\/phototrend.fr\/2025\/10\/vincent-jendly-prix-libraires-livre-photographie\/\" class=\"mask-img\" title=\"Vincent Jendly One Millimeter Presse.03 Copie 1\" target=\"_blank\" rel=\"noopener\"><img decoding=\"async\" width=\"100\" height=\"100\" src=\"https:\/\/www.europesays.com\/fr\/wp-content\/uploads\/2025\/10\/vincent-jendly_one_millimeter_presse.03-copie_1-100x100.jpg\" class=\"attachment-thumbnail size-thumbnail zeen-lazy-load-base zeen-lazy-load  wp-post-image\" alt=\"\"   loading=\"lazy\"\/><\/a><\/p>\n<p>Au c\u0153ur du livre se trouve le clich\u00e9 \u00ab Ghost Town Visitor \u00bb du photographe sud-africain <strong>Wim van den Heever<\/strong>, \u00e9lu grande image de l\u2019ann\u00e9e. Il montre une hy\u00e8ne brune errant dans les ruines d\u2019une ville mini\u00e8re abandonn\u00e9e de Namibie. \u00c0 la fois myst\u00e9rieuse et saisissante, cette image illustre la <strong>r\u00e9silience de la nature<\/strong> face aux espaces d\u00e9laiss\u00e9s par l\u2019homme.<\/p>\n<p>Le livre accompagne \u00e9galement <strong>l\u2019exposition internationale<\/strong> itin\u00e9rante organis\u00e9e par le mus\u00e9e. Cette \u00e9dition 2025 se distingue par l\u2019int\u00e9gration d\u2019un <strong>indice de biodiversit\u00e9 intacte<\/strong>, permettant d\u2019\u00e9valuer l\u2019\u00e9tat \u00e9cologique des r\u00e9gions photographi\u00e9es.<\/p>\n<p>Dans l\u2019ensemble, Wildlife Photographer of the Year 2025 constitue un <strong>hommage visuel \u00e0 la beaut\u00e9<\/strong>, \u00e0 la fragilit\u00e9 et \u00e0 la puissance du monde sauvage \u2013 un ouvrage qui marie esth\u00e9tique, \u00e9motion, science et <strong>engagement pour la<\/strong> <strong>nature<\/strong>.<\/p>\n<p><strong>Wildlife Photographer of the Year 2025, collectif<\/strong><br \/>\u00c9diteur : Biotope \u00c9ditions<br \/>34 \u20ac, 160 pages, format reli\u00e9, 25 x 25 cm<br \/>Acheter le livre : <a href=\"https:\/\/leclub-biotope.com\/fr\/librairie-naturaliste\/2604-wildlife-photographer-of-the-year-2025-9782366623420\" target=\"_blank\" rel=\"noopener\">\u00c9ditions Biotope<\/a> \/ <a href=\"https:\/\/www.awin1.com\/cread.php?awinmid=12665&amp;awinaffid=282185&amp;clickref=&amp;p=https:\/\/www.fnac.com\/a21574975\/Collectif-Museum-de-Londres-Wildlife-Photographer-of-the-Year-2025\" target=\"_blank\" rel=\"noopener\">Fnac<\/a><\/p>\n<p>Pentti Sammallahti<\/p>\n<p><img decoding=\"async\" width=\"1400\" height=\"933\" loading=\"lazy\" src=\"https:\/\/www.europesays.com\/fr\/wp-content\/uploads\/2025\/10\/pentti-sammallahti-photopoche.jpg\" alt=\"\" class=\"wp-image-251592\"  \/><\/p>\n<p>La collection <strong>Photo Poche<\/strong> publie une nouvelle \u00e9dition de son ouvrage consacr\u00e9 \u00e0 <a href=\"https:\/\/phototrend.fr\/tag\/pentti-sammallahti\/\" target=\"_blank\" rel=\"noopener\"><strong>Pentti Sammallahti<\/strong><\/a>. N\u00e9 en 1950, ce natif d\u2019Helsinki d\u00e9couvre la photographie \u00e0 l\u2019\u00e2ge de 13 ans, et pr\u00e9sente sa premi\u00e8re exposition personnelle \u00e0 seulement 20 ans.<\/p>\n<p>Sa pratique de la photographie se caract\u00e9rise par de <strong>nombreux voyages \u00e0 travers de vastes territoires souvent recul\u00e9s<\/strong>. Mais contrairement \u00e0 bon nombre de ses contemporains, Pentti Sammallahti ne cherche pas \u00e0 livrer des images solaires aux contrastes saisissants. Au contraire, les paysages monochromes se d\u00e9clinent en deux longues saisons. <strong>Hivers tenaces<\/strong> et \u00e9t\u00e9s fugaces se succ\u00e8dent au fil des pages. La <strong>pr\u00e9sence humaine<\/strong>, parfois montr\u00e9e, souvent sugg\u00e9r\u00e9e, sert davantage \u00e0 introduire des silhouettes animales, pr\u00e9sences \u00e9nigmatiques et silencieuses.<\/p>\n<p>Les <strong>144 pages<\/strong> de ce (nouveau) Photo Poche se laissent parcourir, lentement, progressivement. <strong>Comme issues d\u2019une fable<\/strong>, les photos de Pentti Sammallahti semblent \u00e9merger du silence et se pr\u00e9senter \u00e0 nous.<\/p>\n<p><strong>Pentti Sammallahti, Photopoche<\/strong><br \/>\u00c9diteur : Actes Sud<br \/>14,50 \u20ac, 144 pages, format broch\u00e9, 12,6 x 18,9 cm<br \/>Acheter le livre : <a href=\"https:\/\/www.leslibraires.fr\/livre\/24785676-pentti-sammallahti-pentti-sammallahti-gerard-mace-actes-sud?affiliate=phototrend\" target=\"_blank\" rel=\"noopener\">leslibraires.fr<\/a> \/ <a href=\"https:\/\/www.awin1.com\/cread.php?awinmid=12665&amp;awinaffid=282185&amp;clickref=&amp;p=https:\/\/www.fnac.com\/a1650682\/Pentti-Sammallahti-Pentti-Sammallahti\" target=\"_blank\" rel=\"noopener\">Fnac<\/a><\/p>\n","protected":false},"excerpt":{"rendered":"Chaque mois, Phototrend vous propose de\u00a0d\u00e9couvrir les livres photo qui nous ont marqu\u00e9s. En ce mois d\u2019octobre 2025,&hellip;\n","protected":false},"author":2,"featured_media":486506,"comment_status":"","ping_status":"","sticky":false,"template":"","format":"standard","meta":{"footnotes":""},"categories":[1357],"tags":[60967,11371,60968,1379,60969,58,60970,59,11615,1011,27,60971,60972,6581,1380,60973,14102,60974,60975],"class_list":{"0":"post-486505","1":"post","2":"type-post","3":"status-publish","4":"format-standard","5":"has-post-thumbnail","7":"category-livres","8":"tag-actes-sud","9":"tag-afp","10":"tag-biotope","11":"tag-books","12":"tag-corentin-fohlen","13":"tag-divertissement","14":"tag-editions-lamaindonne","15":"tag-entertainment","16":"tag-featured","17":"tag-fr","18":"tag-france","19":"tag-la-decouverte","20":"tag-light-motiv","21":"tag-livre-photo","22":"tag-livres","23":"tag-pentti-sammallahti","24":"tag-selection-livre-photo","25":"tag-simon-vansteenwinckel","26":"tag-wildlife-photographer-of-the-year"},"share_on_mastodon":{"url":"https:\/\/pubeurope.com\/@fr\/115428628646410234","error":""},"_links":{"self":[{"href":"https:\/\/www.europesays.com\/fr\/wp-json\/wp\/v2\/posts\/486505","targetHints":{"allow":["GET"]}}],"collection":[{"href":"https:\/\/www.europesays.com\/fr\/wp-json\/wp\/v2\/posts"}],"about":[{"href":"https:\/\/www.europesays.com\/fr\/wp-json\/wp\/v2\/types\/post"}],"author":[{"embeddable":true,"href":"https:\/\/www.europesays.com\/fr\/wp-json\/wp\/v2\/users\/2"}],"replies":[{"embeddable":true,"href":"https:\/\/www.europesays.com\/fr\/wp-json\/wp\/v2\/comments?post=486505"}],"version-history":[{"count":0,"href":"https:\/\/www.europesays.com\/fr\/wp-json\/wp\/v2\/posts\/486505\/revisions"}],"wp:featuredmedia":[{"embeddable":true,"href":"https:\/\/www.europesays.com\/fr\/wp-json\/wp\/v2\/media\/486506"}],"wp:attachment":[{"href":"https:\/\/www.europesays.com\/fr\/wp-json\/wp\/v2\/media?parent=486505"}],"wp:term":[{"taxonomy":"category","embeddable":true,"href":"https:\/\/www.europesays.com\/fr\/wp-json\/wp\/v2\/categories?post=486505"},{"taxonomy":"post_tag","embeddable":true,"href":"https:\/\/www.europesays.com\/fr\/wp-json\/wp\/v2\/tags?post=486505"}],"curies":[{"name":"wp","href":"https:\/\/api.w.org\/{rel}","templated":true}]}}