{"id":486507,"date":"2025-10-24T10:17:14","date_gmt":"2025-10-24T10:17:14","guid":{"rendered":"https:\/\/www.europesays.com\/fr\/486507\/"},"modified":"2025-10-24T10:17:14","modified_gmt":"2025-10-24T10:17:14","slug":"on-est-en-france-bordel-franz-olivier-giesbert-sort-de-ses-gonds-et-derape-avec-yann-barthes","status":"publish","type":"post","link":"https:\/\/www.europesays.com\/fr\/486507\/","title":{"rendered":"\u00ab\u00a0On est en France bordel !\u00a0\u00bb : Franz-Olivier Giesbert sort de ses gonds et d\u00e9rape avec Yann Barth\u00e8s"},"content":{"rendered":"<p data-start=\"69\" data-end=\"586\"><a href=\"https:\/\/www.closermag.fr\/people\/tous-ont-refuse-de-des-temoins-presents-dans-le-chic-chalet-du-pot-de-depart-en-prison-de-nicolas-sarkozy-balancent-3588885\" rel=\"nofollow noopener\" target=\"_blank\"><br \/>\nNicolas Sarkozy<\/a> ne passe pas inaper\u00e7u derri\u00e8re les barreaux.<br \/>\nMercredi 22 octobre au matin, le ministre de l\u2019Int\u00e9rieur, <a href=\"https:\/\/www.closermag.fr\/people\/laurent-nunez-est-il-en-couple-1619487\" rel=\"nofollow noopener\" target=\"_blank\"><br \/>\nLaurent Nu\u00f1ez<\/a>, a r\u00e9v\u00e9l\u00e9 sur CNews-Europe 1 que l\u2019ancien<br \/>\npr\u00e9sident b\u00e9n\u00e9ficiait d\u2019un <strong>dispositif de s\u00e9curit\u00e9<br \/>\nin\u00e9di<\/strong>t dans l\u2019histoire p\u00e9nitentiaire fran\u00e7aise. Le<br \/>\nministre a pr\u00e9cis\u00e9 que la <a href=\"https:\/\/www.closermag.fr\/politique\/nicolas-sarkozy-incarcere-risque-de-prise-dotage-a-la-prison-de-la-sante-cette-theorie-glacante-qui-pourrait-bien-arriver-3588667https:\/\/www.closermag.fr\/politique\/nicolas-sarkozy-incarcere-risque-de-prise-dotage-a-la-prison-de-la-sante-cette-theorie-glacante-qui-pourrait-bien-arriver-3588667\" rel=\"nofollow noopener\" target=\"_blank\"><br \/>\nprison de la Sant\u00e9<\/a> \u00e0 Paris place l\u2019ancien pr\u00e9sident \u00e0<br \/>\nl\u2019isolement dans un quartier d\u2019une vingtaine de cellules. Deux<br \/>\nofficiers de s\u00e9curit\u00e9 l\u2019escortent en permanence \u00ab\u00a0eu \u00e9gard \u00e0 son<br \/>\nstatut et aux menaces qui p\u00e8sent sur lui\u00a0\u00bb.<\/p>\n<p data-start=\"656\" data-end=\"1033\" data-is-last-node=\"\" data-is-only-node=\"\">Les r\u00e9actions ne se sont pas fait attendre.<br \/>\nSur le plateau de Quotidien, Franz-Olivier Giesbert n\u2019a pas m\u00e2ch\u00e9<br \/>\nses mots. Il a donn\u00e9 son avis sans d\u00e9tour. Sa <strong>prise de<br \/>\nposition<\/strong> a d\u00e9clench\u00e9 un d\u00e9bat houleux avec Yann Barth\u00e8s.<br \/>\nL\u2019\u00e9ditorialiste a d\u00e9nonc\u00e9 la d\u00e9cision de justice et l\u2019incarc\u00e9ration<br \/>\nde l\u2019ancien pr\u00e9sident, provoquant un \u00e9change tendu avec<br \/>\nl\u2019animateur.<\/p>\n<p>Franz-Olivier Giesbert monte au<br \/>\ncr\u00e9neau sur le plateau de Quotidien<\/p>\n<p data-start=\"77\" data-end=\"981\">Ambiance \u00e9lectrique sur le<br \/>\nplateau de Quotidien ce<br \/>\njeudi 23 octobre. Invit\u00e9 par Yann Barth\u00e8s pour pr\u00e9senter le<br \/>\nquatri\u00e8me tome de son Histoire<br \/>\nintime de la Ve R\u00e9publique, <a href=\"https:\/\/www.closermag.fr\/people\/franz-olivier-giesbert-sa-violente-attaque-contre-edwy-plenel-1327936\" rel=\"nofollow noopener\" target=\"_blank\"><br \/>\nFranz-Olivier Giesbert<\/a> s\u2019est retrouv\u00e9 face \u00e0 des chroniqueurs<br \/>\nloin de partager ses opinions. D\u00e8s le d\u00e9but, le ton est donn\u00e9<br \/>\nlorsque l\u2019animateur lui demande : \u00ab\u00a0Qu\u2019est-ce que vous avez<br \/>\nenvie de dire \u00e0 un jeune d\u2019aujourd\u2019hui <strong>sans faire le vieux<br \/>\ncon ?<\/strong>\u00ab\u00a0.<\/p>\n<p data-start=\"77\" data-end=\"981\">Tr\u00e8s vite, le d\u00e9bat s\u2019enflamme \u00e0<br \/>\nl\u2019\u00e9vocation de l\u2019incarc\u00e9ration de Nicolas Sarkozy. L\u2019\u00e9ditorialiste<br \/>\nd\u00e9plore la s\u00e9v\u00e9rit\u00e9 de la d\u00e9cision de justice : \u00ab\u00a0<strong>Vous<br \/>\navez l\u2019air de trouver normale cette affaire<\/strong>\u00ab\u00a0,<br \/>\nlance-t-il, rappelant qu\u2019il n\u2019est \u00ab\u00a0pas r\u00e9put\u00e9 pour \u00eatre<br \/>\nsarkozyste\u00a0\u00bb. \u00c9voquant la condamnation de l\u2019ancien pr\u00e9sident<br \/>\ndans le cadre du proc\u00e8s libyen, il s\u2019indigne : \u00ab\u00a0C\u2019est honteux,<br \/>\nc\u2019est un scandale. Ce n\u2019est pas un jugement en droit, les juges ont<br \/>\nvoulu se le payer\u00a0\u00bb.<\/p>\n<p>Un<br \/>\n\u00e9change tendu avec Yann Barth\u00e8s<\/p>\n<p data-start=\"1025\" data-end=\"1814\" data-is-last-node=\"\" data-is-only-node=\"\">Face \u00e0 cette tirade, <a href=\"https:\/\/www.closermag.fr\/tv_tele_realite\/tf1-au-coeur-dun-probleme-dimpots-yann-barthes-a-bout-il-coupe-court-a-la-conversation-3588887\" rel=\"nofollow noopener\" target=\"_blank\"><br \/>\nYann Barth\u00e8s<\/a> tente de nuancer : \u00ab\u00a0Est-ce que ce n\u2019est pas<br \/>\nrisqu\u00e9 de contester une d\u00e9cision de justice ?\u00a0\u00bb. Franz-Olivier<br \/>\nGiesbert lui r\u00e9torque sans h\u00e9siter : \u00ab\u00a0Je ne vais pas me g\u00eaner !<br \/>\nOn est en France\u00a0\u00bb, invoquant le \u00ab\u00a0droit \u00e0 l\u2019esprit<br \/>\ncritique\u00a0\u00bb. Mais lorsque l\u2019animateur insiste, la tension monte<br \/>\nencore d\u2019un cran.<\/p>\n<p data-start=\"1025\" data-end=\"1814\" data-is-last-node=\"\" data-is-only-node=\"\">L\u2019\u00e9crivain l\u00e2che une comparaison qui choque :<br \/>\n\u00ab\u00a0<strong>Dans l\u2019affaire Dreyfus, on sait dans quel camp vous<br \/>\nauriez \u00e9t\u00e9<\/strong>. Surtout il ne faut pas contester les d\u00e9cisions<br \/>\nde justice\u00a0\u00bb. Interloqu\u00e9, Yann Barth\u00e8s lui r\u00e9pondra plus tard :<br \/>\n\u00ab\u00a0Vous \u00eates parti au quart de tour. Vous avez quand m\u00eame dit<br \/>\ntout \u00e0 l\u2019heure que j\u2019aurais \u00e9t\u00e9 du mauvais c\u00f4t\u00e9\u00a0\u00bb.<br \/>\nFranz-Olivier Giesbert conclura avec fougue : \u00ab\u00a0<strong>Je suis<br \/>\nr\u00e9volt\u00e9<\/strong> et je vais mourir r\u00e9volt\u00e9, c\u2019est fran\u00e7ais<br \/>\naussi\u00a0\u00bb.<\/p>\n","protected":false},"excerpt":{"rendered":"Nicolas Sarkozy ne passe pas inaper\u00e7u derri\u00e8re les barreaux. Mercredi 22 octobre au matin, le ministre de l\u2019Int\u00e9rieur,&hellip;\n","protected":false},"author":2,"featured_media":446210,"comment_status":"","ping_status":"","sticky":false,"template":"","format":"standard","meta":{"footnotes":""},"categories":[1356],"tags":[58,59,1011,27,59064,252,1364,1405],"class_list":{"0":"post-486507","1":"post","2":"type-post","3":"status-publish","4":"format-standard","5":"has-post-thumbnail","7":"category-television","8":"tag-divertissement","9":"tag-entertainment","10":"tag-fr","11":"tag-france","12":"tag-franz-olivier-giesbert","13":"tag-television","14":"tag-tv","15":"tag-yann-barthes"},"share_on_mastodon":{"url":"https:\/\/pubeurope.com\/@fr\/115428631913155302","error":""},"_links":{"self":[{"href":"https:\/\/www.europesays.com\/fr\/wp-json\/wp\/v2\/posts\/486507","targetHints":{"allow":["GET"]}}],"collection":[{"href":"https:\/\/www.europesays.com\/fr\/wp-json\/wp\/v2\/posts"}],"about":[{"href":"https:\/\/www.europesays.com\/fr\/wp-json\/wp\/v2\/types\/post"}],"author":[{"embeddable":true,"href":"https:\/\/www.europesays.com\/fr\/wp-json\/wp\/v2\/users\/2"}],"replies":[{"embeddable":true,"href":"https:\/\/www.europesays.com\/fr\/wp-json\/wp\/v2\/comments?post=486507"}],"version-history":[{"count":0,"href":"https:\/\/www.europesays.com\/fr\/wp-json\/wp\/v2\/posts\/486507\/revisions"}],"wp:featuredmedia":[{"embeddable":true,"href":"https:\/\/www.europesays.com\/fr\/wp-json\/wp\/v2\/media\/446210"}],"wp:attachment":[{"href":"https:\/\/www.europesays.com\/fr\/wp-json\/wp\/v2\/media?parent=486507"}],"wp:term":[{"taxonomy":"category","embeddable":true,"href":"https:\/\/www.europesays.com\/fr\/wp-json\/wp\/v2\/categories?post=486507"},{"taxonomy":"post_tag","embeddable":true,"href":"https:\/\/www.europesays.com\/fr\/wp-json\/wp\/v2\/tags?post=486507"}],"curies":[{"name":"wp","href":"https:\/\/api.w.org\/{rel}","templated":true}]}}