{"id":486518,"date":"2025-10-24T10:24:12","date_gmt":"2025-10-24T10:24:12","guid":{"rendered":"https:\/\/www.europesays.com\/fr\/486518\/"},"modified":"2025-10-24T10:24:12","modified_gmt":"2025-10-24T10:24:12","slug":"une-decennie-de-declassements-de-la-note-de-la-france-par-moodys-le-figaro","status":"publish","type":"post","link":"https:\/\/www.europesays.com\/fr\/486518\/","title":{"rendered":"Une d\u00e9cennie de d\u00e9classements de la note de la France par Moody\u2019s &#8211; Le Figaro"},"content":{"rendered":"<ol>\n<li><a href=\"https:\/\/news.google.com\/rss\/articles\/CBMirwFBVV95cUxNd2lHZU5Fc2VGMU4wVXJPZTMycmZYRko0bVRRNHNtTklUa0liSmNDenllbjZaY1JIOHVvNkYtSmIzM1JHcVloV3BrWEg4TlppeUNqemdDd2ZQQVJEM3VzT3dfcEpfM3pjRnltREdONzBwcS1XOGxpUG9fcTJHTFNMbkJWZjF2Zm1iTEt6d0NrQ0liNmNJQXo1SnhPUzU5LThwYnhRbURITHZRN3g3NzFR?oc=5\" target=\"_blank\" rel=\"noopener\">Une d\u00e9cennie de d\u00e9classements de la note de la France par Moody\u2019s<\/a>&nbsp;&nbsp;Le Figaro<\/li>\n<li><a href=\"https:\/\/news.google.com\/rss\/articles\/CBMiswFBVV95cUxNMzRYaF9DWlhVY0FCZjM1Z1hHdERFbms3WjZrclhMcG1zVUlaWTFmT1o2aFgtdEo5eGpmeGQ1SlFZTl9xMDZ5Y2NKNmotNzI1bGlyNWg3cDQwSmx2SWlJVXQ1Nm5HRllYNmZBS25MUWJ4cmYwYzBVZWtpX1plak5hR1RKaFpPa2hNak45OFB0LXJNTTMwd1pFYTVVd0pYNWNPMUVJdzlLd2hMUEdDM2FmVUJvQdIBuAFBVV95cUxPTjJZaHAzeWFlakR1NHlYMjBldzJyNUp6SUhval96QnNFSmJacElONmdaTzVpSUtXT0JlU0N3NzVrX2hZY1p4TExFYlgyTXhoT2lBRVg0LUw4bTBhazBrdjZ0NFV6TkJzcFVka1ZjREF1WmtyWXVxaWxRa0VaZTYta19kVHJJUWtZeXJHd2JlTzZKYXozdTViLUpfWjd4TzhYV2dwX2VZTmtMUlA1ZDIteXNBdGNpRUs1?oc=5\" target=\"_blank\" rel=\"noopener\">Dette publique : de 2005 \u00e0 2025, la descente aux enfers de la France aupr\u00e8s des agences de notation<\/a>&nbsp;&nbsp;CNews<\/li>\n<li><a href=\"https:\/\/news.google.com\/rss\/articles\/CBMi9wFBVV95cUxNeGg2RXNTOS1ZdEpSWl84Zjc3MDdMSnlPVTVxWHctOUloM3RzUU93b2hkQVRLc1pjZGdHbVZMTWEyOTdNLVRzcW5TbGg0aEtUdm1MRXhqeTlwbzFBNEF2Y0VLLTEzX2ZnalpWdmthWUNUSkdONVMxaGpZM3AtX1laT0NxYVJzUDExYlgxNi1hRFZJd2E1bHhyX0R0YjEtOHNZZE5BdkhlU182OWhwdm1ieVk3NkFIekM2ZE5ReXVNUHk2Z296bFhsQmQyOWw3b09ncUJjN3JUaElkSnBaTVpHNW1weEJYSzRfZFIyQUp2WjZkZE1aRkVZ?oc=5\" target=\"_blank\" rel=\"noopener\">Standard &amp; Poor\u2019s d\u00e9grade la note de la France : \u00ab\u00a0Les agences ne servent pas \u00e0 grand-chose\u00a0\u00bb<\/a>&nbsp;&nbsp;Marianne<\/li>\n<li><a href=\"https:\/\/news.google.com\/rss\/articles\/CBMitwFBVV95cUxPbmFJUWIyOS1MU3luWjNCd1NSQ1FpTFN3THEzZGNWdHVfa0FDelljTFRQVnBkMlJPX0twYV84UUhGWTdQYXhKaXc4d0RmTmYyQnliMGZCQXlLa0h3d1BpQnphdmdCa2pkLWRCWkk2SHZYcmpPU1pTcXBPUTNpaXJEbUtYam1hRzMzNEl6WVNJeGFDY0hjQjhaUHcxQl9RU0o0d1BPcjBMa2xDZmlSYkpaNkM1QmwySlk?oc=5\" target=\"_blank\" rel=\"noopener\">L\u2019agence Moody\u2019s sanctionnera-t-elle \u00e0 son tour la France ce vendredi ?<\/a>&nbsp;&nbsp;Le T\u00e9l\u00e9gramme<\/li>\n<li><a href=\"https:\/\/news.google.com\/rss\/articles\/CBMiygFBVV95cUxNVzljRWtNYjNVSUpNZU1hLWlnUVFkY1lZaUk2N25LQ1c2N3pOVFdpeEh3ODFMb3B3c1hkdF9leF81M2EyOUxXenNSZXBYMVg5NGNCMU1ab0FZc3U4dVBFVXJiT2RNdTZWUFlNQWRuYkk0NUZobW9GRjVVcDV6V0ZGNWJlQ2lPMzg4WHBCRmVLOXUwVFBVX3dRdElmbUJIYzB5cmhkM1I1QTdYeVV4ckF0cnZLand4RThuWFotenMwMUtkdE40T1I1LWlB?oc=5\" target=\"_blank\" rel=\"noopener\">\u00ab La probabilit\u00e9 est \u00e9lev\u00e9e \u00bb : Moody\u2019s va-t-elle \u00e0 nouveau d\u00e9grader la France ?<\/a>&nbsp;&nbsp;Le Point<\/li>\n<\/ol>\n","protected":false},"excerpt":{"rendered":"Une d\u00e9cennie de d\u00e9classements de la note de la France par Moody\u2019s&nbsp;&nbsp;Le Figaro Dette publique : de 2005&hellip;\n","protected":false},"author":2,"featured_media":486519,"comment_status":"","ping_status":"","sticky":false,"template":"","format":"standard","meta":{"footnotes":""},"categories":[6],"tags":[22510,35,7993,33,34,1011,27,14485],"class_list":{"0":"post-486518","1":"post","2":"type-post","3":"status-publish","4":"format-standard","5":"has-post-thumbnail","7":"category-economie","8":"tag-agences-de-notation","9":"tag-business","10":"tag-dette-publique","11":"tag-economie","12":"tag-economy","13":"tag-fr","14":"tag-france","15":"tag-moodys"},"share_on_mastodon":{"url":"https:\/\/pubeurope.com\/@fr\/115428659415500430","error":""},"_links":{"self":[{"href":"https:\/\/www.europesays.com\/fr\/wp-json\/wp\/v2\/posts\/486518","targetHints":{"allow":["GET"]}}],"collection":[{"href":"https:\/\/www.europesays.com\/fr\/wp-json\/wp\/v2\/posts"}],"about":[{"href":"https:\/\/www.europesays.com\/fr\/wp-json\/wp\/v2\/types\/post"}],"author":[{"embeddable":true,"href":"https:\/\/www.europesays.com\/fr\/wp-json\/wp\/v2\/users\/2"}],"replies":[{"embeddable":true,"href":"https:\/\/www.europesays.com\/fr\/wp-json\/wp\/v2\/comments?post=486518"}],"version-history":[{"count":0,"href":"https:\/\/www.europesays.com\/fr\/wp-json\/wp\/v2\/posts\/486518\/revisions"}],"wp:featuredmedia":[{"embeddable":true,"href":"https:\/\/www.europesays.com\/fr\/wp-json\/wp\/v2\/media\/486519"}],"wp:attachment":[{"href":"https:\/\/www.europesays.com\/fr\/wp-json\/wp\/v2\/media?parent=486518"}],"wp:term":[{"taxonomy":"category","embeddable":true,"href":"https:\/\/www.europesays.com\/fr\/wp-json\/wp\/v2\/categories?post=486518"},{"taxonomy":"post_tag","embeddable":true,"href":"https:\/\/www.europesays.com\/fr\/wp-json\/wp\/v2\/tags?post=486518"}],"curies":[{"name":"wp","href":"https:\/\/api.w.org\/{rel}","templated":true}]}}