{"id":486524,"date":"2025-10-24T10:27:12","date_gmt":"2025-10-24T10:27:12","guid":{"rendered":"https:\/\/www.europesays.com\/fr\/486524\/"},"modified":"2025-10-24T10:27:12","modified_gmt":"2025-10-24T10:27:12","slug":"sur-le-budget-le-ps-menace-lecornu-et-pas-sur-la-reforme-des-retraites-les-macronistes-ont-48-heures","status":"publish","type":"post","link":"https:\/\/www.europesays.com\/fr\/486524\/","title":{"rendered":"Sur le budget, le PS menace Lecornu, et pas sur la r\u00e9forme des retraites\u00a0: \u00ab\u00a0Les macronistes ont 48\u00a0heures\u00a0\u00bb"},"content":{"rendered":"<p>        <img decoding=\"async\" loading=\"lazy\" src=\"https:\/\/www.europesays.com\/fr\/wp-content\/uploads\/2025\/10\/da3ef4d_upload-1-9qagbasrlfsm-afp-20251016-hl-acornu-2921365-v1-highres-francepoliticsassemblynoconf.jpeg\"  width=\"728\" height=\"410\" alt=\"Budget\u00a0: le PS menace Lecornu, et pas sur la r\u00e9forme des retraites\u00a0: \u00ab\u00a0les macronistes ont 48\u00a0heures\u00a0\u00bb. (illustration du patron des socialistes Olivier Faure et du chef des d\u00e9put\u00e9s PS Boris Vallaud le 16\u00a0octobre dernier)\"\/>  <\/p>\n<p>AMAURY CORNU \/ Hans Lucas via AFP<\/p>\n<p>Budget\u00a0: le PS menace Lecornu, et pas sur la r\u00e9forme des retraites\u00a0: \u00ab\u00a0les macronistes ont 48\u00a0heures\u00a0\u00bb. (illustration du patron des socialistes Olivier Faure et du chef des d\u00e9put\u00e9s PS Boris Vallaud le 16\u00a0octobre dernier)<\/p>\n<p class=\"asset asset-text\">POLITIQUE &#8211; Suspendre la r\u00e9forme des retraites ne suffira pas. Le chef des d\u00e9put\u00e9s <a href=\"https:\/\/www.huffingtonpost.fr\/politique\/article\/budget-2026-comment-les-socialistes-et-les-macronistes-ont-lie-leur-destin_256317.html\" target=\"_blank\" rel=\"noopener\">PS<\/a>, Boris Vallaud, laisse planer la menace d\u2019une censure du gouvernement <a href=\"https:\/\/www.huffingtonpost.fr\/politique\/article\/qui-va-financer-la-suspension-de-la-reforme-des-retraites-lecornu-temporise_256350.html\" target=\"_blank\" rel=\"noopener\">Lecornu<\/a> si les macronistes ne se montrent pas \u00ab\u00a0capables de justice fiscale\u00a0\u00bb lors de l\u2019examen de la partie recettes du budget 2026\u00a0de l\u2019\u00c9tat, qui doit commencer vendredi dans l\u2019h\u00e9micycle de l\u2019Assembl\u00e9e. Dans une interview au Parisien, l\u2019\u00e9lu des Landes est revenu sur les concessions attendues du bloc central.<\/p>\n<p class=\"asset asset-text\">\u00ab\u00a0S\u2019il n\u2019est pas capable de voter la taxe Zucman, cet imp\u00f4t minimal et indispensable sur les tr\u00e8s hauts patrimoines, s\u2019il n\u2019est pas capable de voter l\u2019ISF sur les milliardaires, sur lequel nous avons travaill\u00e9 et que nous proposerons, s\u2019il n\u2019est pas capable de justice fiscale, je ne suis pas s\u00fbr qu\u2019il sera possible de discuter de la suite\u00a0\u00bb, a indiqu\u00e9 Boris Vallaud. \u00ab\u00a0Tout est possible. Nous nous sommes r\u00e9serv\u00e9 la possibilit\u00e9 de sanctionner \u00e0 tout moment\u00a0\u00bb, a-t-il ajout\u00e9.<\/p>\n<p class=\"asset asset-text\">\u00ab\u00a0Beaucoup de choses vont se jouer d\u00e8s ce week-end, lors de l\u2019examen des recettes en s\u00e9ance\u00a0\u00bb \u00e0 l\u2019Assembl\u00e9e, a pr\u00e9cis\u00e9 le d\u00e9put\u00e9 <a href=\"https:\/\/www.huffingtonpost.fr\/politique\/article\/decalage-ou-suspension-sur-les-retraites-la-lettre-rectificative-ne-va-pas-vraiment-regler-la-guerre-lfi-ps_256322.html\" target=\"_blank\" rel=\"noopener\" title=\"Nouvelle fen\u00eatre\">socialiste<\/a> des Landes dans les colonnes du <a href=\"https:\/\/www.leparisien.fr\/politique\/beaucoup-de-choses-vont-se-jouer-des-ce-week-end-la-mise-en-garde-de-boris-vallaud-sur-le-budget-23-10-2025-E7DXYZ3JWVFSBLJEHIFYQO52TQ.php?ts=1761287340784\" target=\"_blank\" rel=\"noopener\" title=\"Nouvelle fen\u00eatre\">Parisien<\/a>. Un coup de pression renforc\u00e9 par le num\u00e9ro\u00a01\u00a0du parti Olivier Faure ce 24\u00a0octobre sur BFMTV. \u00ab\u00a0Si dans les toutes prochaines heures, en gros jusqu\u2019\u00e0 lundi prochain, il n\u2019y avait pas d\u2019\u00e9volution sensible sur le texte, il n\u2019y aurait aucune marge de man\u0153uvre accord\u00e9e sur le PLF et le PLFSS. Et donc, ce serait termin\u00e9\u00a0\u00bb, a enfonc\u00e9 le Premier secr\u00e9taire socialiste. Comprendre\u00a0: sans des \u00ab\u00a0boug\u00e9s forts\u00a0\u00bb, comme le confiait Boris Vallaud au HuffPost quelques jours plus t\u00f4t, le Parti socialiste d\u00e9posera une motion de censure pour faire tomber le gouvernement.<\/p>\n<p>    \u00ab\u00a0La justice fiscale n\u2019est pas au rendez-vous\u00a0\u00bb    <\/p>\n<p class=\"asset asset-text\">\u00ab\u00a0Les macronistes ont 48\u00a0heures pour dire les concessions qu\u2019ils sont pr\u00eats \u00e0 nous accorder\u00a0\u00bb, indiqu\u00e9 de son c\u00f4t\u00e9 \u00e0 l\u2019AFP le chef de file du PS sur le budget Philippe Brun. \u00ab\u00a0Si nous ne votons pas la premi\u00e8re partie, alors il n\u2019y aura pas de budget\u00a0\u00bb, insiste-t-il.<\/p>\n<p class=\"asset asset-text\">Il y a un \u00ab\u00a0\u00e9quilibre\u00a0\u00bb \u00e0 trouver entre \u00ab\u00a0les nouvelles recettes\u00a0\u00bb et le montant du d\u00e9ficit, a fait valoir Olivier Faure. Or \u00e0 ce stade, les socialistes estiment que \u00ab\u00a0le compte n\u2019y est pas\u00a0\u00bb. En cause notamment\u00a0: les rejets lors de l\u2019<a href=\"https:\/\/www.huffingtonpost.fr\/politique\/article\/la-partie-recettes-du-budget-2026-largement-rejetee-en-commission-le-compte-n-y-est-pas_256307.html\" target=\"_blank\" rel=\"noopener\">examen en commission<\/a> de propositions comme la taxe Zucman et le r\u00e9tablissement de l\u2019ISF, visant \u00e0 ramener de l\u2019argent dans les caisses de l\u2019\u00c9tat en ciblant les plus ais\u00e9s. \u00ab\u00a0La justice fiscale n\u2019est pas au rendez-vous et fait peser sur les classes moyennes et populaires des efforts qui ne sont pas demand\u00e9s aux milliardaires et aux multinationales\u00a0\u00bb, insiste Boris Vallaud dans Le Parisien.<\/p>\n<p class=\"asset asset-text\">\u00ab\u00a0Si on arrive \u00e0 trouver entre 15\u00a0et 20\u00a0milliards d\u2019euros de recettes suppl\u00e9mentaires, nous avons l\u00e0 les moyens de corriger la copie\u00a0\u00bb, a estim\u00e9 Olivier Faure. Des milliards \u00e0 trouver sans passer par les mesures honnies par la gauche, comme l\u2019abattement sur les retrait\u00e9s, le gel des pensions de retraite, le gel du bar\u00e8me de l\u2019imp\u00f4t sur le revenu qui rendrait imposable de nouveaux foyers parmi les plus modestes\u2026 \u00ab\u00a0Toutes ces s\u00e9ries d\u2019horreurs qui aujourd\u2019hui frappent les Fran\u00e7ais et qu\u2019il faut retirer.\u00a0\u00bb Le ton est donn\u00e9.<\/p>\n","protected":false},"excerpt":{"rendered":"AMAURY CORNU \/ Hans Lucas via AFP Budget\u00a0: le PS menace Lecornu, et pas sur la r\u00e9forme des&hellip;\n","protected":false},"author":2,"featured_media":486525,"comment_status":"","ping_status":"","sticky":false,"template":"","format":"standard","meta":{"footnotes":""},"categories":[2],"tags":[11,1003,33,1011,27,12,4484,316,11067],"class_list":{"0":"post-486524","1":"post","2":"type-post","3":"status-publish","4":"format-standard","5":"has-post-thumbnail","7":"category-actualites","8":"tag-actualites","9":"tag-budget","10":"tag-economie","11":"tag-fr","12":"tag-france","13":"tag-news","14":"tag-parti-socialiste-ps","15":"tag-politique","16":"tag-sebastien-lecornu"},"share_on_mastodon":{"url":"https:\/\/pubeurope.com\/@fr\/115428672167186439","error":""},"_links":{"self":[{"href":"https:\/\/www.europesays.com\/fr\/wp-json\/wp\/v2\/posts\/486524","targetHints":{"allow":["GET"]}}],"collection":[{"href":"https:\/\/www.europesays.com\/fr\/wp-json\/wp\/v2\/posts"}],"about":[{"href":"https:\/\/www.europesays.com\/fr\/wp-json\/wp\/v2\/types\/post"}],"author":[{"embeddable":true,"href":"https:\/\/www.europesays.com\/fr\/wp-json\/wp\/v2\/users\/2"}],"replies":[{"embeddable":true,"href":"https:\/\/www.europesays.com\/fr\/wp-json\/wp\/v2\/comments?post=486524"}],"version-history":[{"count":0,"href":"https:\/\/www.europesays.com\/fr\/wp-json\/wp\/v2\/posts\/486524\/revisions"}],"wp:featuredmedia":[{"embeddable":true,"href":"https:\/\/www.europesays.com\/fr\/wp-json\/wp\/v2\/media\/486525"}],"wp:attachment":[{"href":"https:\/\/www.europesays.com\/fr\/wp-json\/wp\/v2\/media?parent=486524"}],"wp:term":[{"taxonomy":"category","embeddable":true,"href":"https:\/\/www.europesays.com\/fr\/wp-json\/wp\/v2\/categories?post=486524"},{"taxonomy":"post_tag","embeddable":true,"href":"https:\/\/www.europesays.com\/fr\/wp-json\/wp\/v2\/tags?post=486524"}],"curies":[{"name":"wp","href":"https:\/\/api.w.org\/{rel}","templated":true}]}}