{"id":486538,"date":"2025-10-24T10:34:10","date_gmt":"2025-10-24T10:34:10","guid":{"rendered":"https:\/\/www.europesays.com\/fr\/486538\/"},"modified":"2025-10-24T10:34:10","modified_gmt":"2025-10-24T10:34:10","slug":"quelles-sont-les-animations-proposees-au-zoo-de-lunaret-pendant-les-vacances","status":"publish","type":"post","link":"https:\/\/www.europesays.com\/fr\/486538\/","title":{"rendered":"quelles sont les animations propos\u00e9es au zoo de Lunaret pendant les vacances\u00a0?"},"content":{"rendered":"<p>            Par<br \/>\n        <strong><br \/>\n            <a href=\"https:\/\/actu.fr\/auteur\/metropoop\" title=\"Consulter tous les articles de R\u00e9daction M\u00e9tropolitain\" target=\"_blank\" rel=\"noopener\">R\u00e9daction M\u00e9tropolitain<\/a><br \/>\n        <\/strong><\/p>\n<p>        Publi\u00e9 le<\/p>\n<p>            24 oct. 2025 \u00e0 11h57        <\/p>\n<p>Les vacances de la Toussaint ont commenc\u00e9 dans la zone C pour la plus grande joie des enfants qui vont pouvoir souffler encore douze jours et avec des parents en qu\u00eate de sorties p\u00e9dagogiques et autres. Pourquoi pas une vir\u00e9e au zoo de Lunaret, \u00e0 Montpellier ?<\/p>\n<p>    <a href=\"https:\/\/www.google.com\/maps\/embed?pb=!1m18!1m12!1m3!1d4099.97990241105!2d3.871808135948444!3d43.63931882508902!2m3!1f0!2f0!3f0!3m2!1i1024!2i768!4f13.1!3m3!1m2!1s0x12b6af2f82d34b21%3A0x40fd8b55e8f6118d!2sZoo%20de%20Montpellier!5e0!3m2!1sfr!2sfr!4v1761038709057!5m2!1sfr!2sfr\" title=\"Ouvrie le lien\" target=\"_blank\" rel=\"noopener\">Cliquez ici pour visualiser le contenu<\/a><\/p>\n<p class=\" wall-content\">Qu\u2019on se le dise ! Pendant ces vacances, le parc animalier est ouvert tous les jours et propose diverses animations : des <strong>contes gourmands<\/strong> avec la conteuse St\u00e9phanie Rondot, un concert d\u2019histoires avec Flavia Perez, un spectacle \u00e9mouvant avec la Compagnie du Capitaine, une <strong>conf\u00e9rence<\/strong> de Maxime Briola, des <strong>visites guid\u00e9es<\/strong> et d\u2019autres surprises.<\/p>\n<p>    <a href=\"https:\/\/www.facebook.com\/plugins\/video.php?height=476&amp;href=https%3A%2F%2Fwww.facebook.com%2Freel%2F1872841726958949%2F&amp;show_text=false&amp;width=350&amp;t=0\" title=\"Ouvrie le lien\" target=\"_blank\" rel=\"noopener\">Cliquez ici pour visualiser le contenu<\/a><\/p>\n<p class=\" wall-content\">De quoi ravir petits et grands qui vont trouver leur bonheur. Attention, les inscriptions sont obligatoires.<\/p>\n<p>&gt; Toutes les infos et les inscriptions<a href=\"https:\/\/urlr.me\/ZBvV63\" target=\"_blank\" rel=\"noopener\"> ici<\/a>\u00a0\u00a0Vid\u00e9os : en ce moment sur ActuChantiers en vue<\/p>\n<p class=\" wall-content\">Cet automne, d\u2019importants travaux de r\u00e9novation vont d\u00e9buter dans le zoo. Ainsi, des\u00a0animaux ont \u00e9t\u00e9 d\u00e9plac\u00e9s dans d\u2019autres enclos. Certains seront \u00e9galement transf\u00e9r\u00e9s dans d\u2019autres parcs zoologiques le temps du chantier dont l\u2019objectif est de r\u00e9nover des installations et fusionner certains enclos pour offrir plus de place et de complexit\u00e9 aux animaux.<\/p>\n<p class=\" wall-content\">Personnalisez votre actualit\u00e9 en ajoutant vos villes et m\u00e9dias en favori avec <a href=\"https:\/\/moncompte.actu.fr\" title=\"D\u00e9couvez Mon Actu\" rel=\"nofollow noopener\" data-trk=\"{&quot;cta&quot;:{&quot;action&quot;:&quot;https:\\\/\\\/moncompte.actu.fr&quot;,&quot;category&quot;:&quot;mon compte&quot;,&quot;from&quot;:&quot;article footer&quot;,&quot;name&quot;:&quot;Mon actu&quot;,&quot;type&quot;:&quot;cta&quot;}}\" target=\"_blank\">Mon Actu<\/a>.<\/p>\n","protected":false},"excerpt":{"rendered":"Par R\u00e9daction M\u00e9tropolitain Publi\u00e9 le 24 oct. 2025 \u00e0 11h57 Les vacances de la Toussaint ont commenc\u00e9 dans&hellip;\n","protected":false},"author":2,"featured_media":486539,"comment_status":"","ping_status":"","sticky":false,"template":"","format":"standard","meta":{"footnotes":""},"categories":[9599],"tags":[1111,11,1867,1777,674,1011,27,1652,2208,12,2680,25,3176],"class_list":{"0":"post-486538","1":"post","2":"type-post","3":"status-publish","4":"format-standard","5":"has-post-thumbnail","7":"category-montpellier","8":"tag-actu","9":"tag-actualites","10":"tag-animaux","11":"tag-eu","12":"tag-europe","13":"tag-fr","14":"tag-france","15":"tag-loisirs-culture","16":"tag-montpellier","17":"tag-news","18":"tag-occitanie","19":"tag-republique-francaise","20":"tag-vacances-scolaires"},"share_on_mastodon":{"url":"https:\/\/pubeurope.com\/@fr\/115428698623161417","error":""},"_links":{"self":[{"href":"https:\/\/www.europesays.com\/fr\/wp-json\/wp\/v2\/posts\/486538","targetHints":{"allow":["GET"]}}],"collection":[{"href":"https:\/\/www.europesays.com\/fr\/wp-json\/wp\/v2\/posts"}],"about":[{"href":"https:\/\/www.europesays.com\/fr\/wp-json\/wp\/v2\/types\/post"}],"author":[{"embeddable":true,"href":"https:\/\/www.europesays.com\/fr\/wp-json\/wp\/v2\/users\/2"}],"replies":[{"embeddable":true,"href":"https:\/\/www.europesays.com\/fr\/wp-json\/wp\/v2\/comments?post=486538"}],"version-history":[{"count":0,"href":"https:\/\/www.europesays.com\/fr\/wp-json\/wp\/v2\/posts\/486538\/revisions"}],"wp:featuredmedia":[{"embeddable":true,"href":"https:\/\/www.europesays.com\/fr\/wp-json\/wp\/v2\/media\/486539"}],"wp:attachment":[{"href":"https:\/\/www.europesays.com\/fr\/wp-json\/wp\/v2\/media?parent=486538"}],"wp:term":[{"taxonomy":"category","embeddable":true,"href":"https:\/\/www.europesays.com\/fr\/wp-json\/wp\/v2\/categories?post=486538"},{"taxonomy":"post_tag","embeddable":true,"href":"https:\/\/www.europesays.com\/fr\/wp-json\/wp\/v2\/tags?post=486538"}],"curies":[{"name":"wp","href":"https:\/\/api.w.org\/{rel}","templated":true}]}}