{"id":486550,"date":"2025-10-24T10:41:11","date_gmt":"2025-10-24T10:41:11","guid":{"rendered":"https:\/\/www.europesays.com\/fr\/486550\/"},"modified":"2025-10-24T10:41:11","modified_gmt":"2025-10-24T10:41:11","slug":"en-ille-et-vilaine-dix-entreprises-ont-ete-placees-en-liquidation-judiciaire","status":"publish","type":"post","link":"https:\/\/www.europesays.com\/fr\/486550\/","title":{"rendered":"En Ille-et-Vilaine, dix entreprises ont \u00e9t\u00e9 plac\u00e9es en liquidation judiciaire"},"content":{"rendered":"<p>Dix entreprises d\u2019Ille-et-Vilaine ont \u00e9t\u00e9 plac\u00e9es en liquidation judiciaire par le tribunal de commerce de Rennes, lors de son audience du 15 octobre dernier. Il s\u2019agit de :<\/p>\n<p>&#8211; <strong>RJ Bat\u2019<\/strong>, entreprise de pl\u00e2trerie-isolation-enduits int\u00e9rieurs \u00e0 Montauban-de-Bretagne<\/p>\n<p>&#8211; <strong>GPC Express<\/strong>, soci\u00e9t\u00e9 de transport \u00e0 La M\u00e9zi\u00e8re<\/p>\n<p>&#8211; <strong>Tailloux d\u2019Anjou<\/strong>, entreprise de taille de pierre \u00e0 Guipry-Messac<\/p>\n<p>&#8211; <strong>LBM Isolation<\/strong>, entreprise sp\u00e9cialis\u00e9e dans les travaux de r\u00e9novation \u00e9nerg\u00e9tique \u00e0 Acign\u00e9<\/p>\n<p>&#8211; <strong>FCR<\/strong>, entreprise de travaux de rev\u00eatement des sols et des murs \u00e0 Foug\u00e8res<\/p>\n<p>&#8211; <strong>Atous Services<\/strong>, soci\u00e9t\u00e9 sp\u00e9cialis\u00e9e dans les travaux de chauffage, plomberie, serrurerie et \u00e9lectricit\u00e9 \u00e0 Rennes<\/p>\n<p>&#8211; <strong>Renov\u2019Menuiseries<\/strong>, artisan menuisier \u00e0 Vitr\u00e9<\/p>\n<p>&#8211; <strong>Soci\u00e9t\u00e9 Rhidane<\/strong>, \u00e0 Javen\u00e9<\/p>\n<p>&#8211; <strong>MTS Menuiserie Agencement<\/strong>, entreprise d\u2019agencement int\u00e9rieur \u00e0 Betton<\/p>\n<p>&#8211; <strong>KL D\u00e9coration<\/strong>, soci\u00e9t\u00e9 de travaux de peinture et enduits int\u00e9rieurs et ext\u00e9rieurs en b\u00e2timent, \u00e0 Rennes<\/p>\n","protected":false},"excerpt":{"rendered":"Dix entreprises d\u2019Ille-et-Vilaine ont \u00e9t\u00e9 plac\u00e9es en liquidation judiciaire par le tribunal de commerce de Rennes, lors de&hellip;\n","protected":false},"author":2,"featured_media":486551,"comment_status":"","ping_status":"","sticky":false,"template":"","format":"standard","meta":{"footnotes":""},"categories":[2821],"tags":[1111,11,829,1777,674,1011,27,848,12,584,25],"class_list":{"0":"post-486550","1":"post","2":"type-post","3":"status-publish","4":"format-standard","5":"has-post-thumbnail","7":"category-rennes","8":"tag-actu","9":"tag-actualites","10":"tag-bretagne","11":"tag-eu","12":"tag-europe","13":"tag-fr","14":"tag-france","15":"tag-ille-et-vilaine","16":"tag-news","17":"tag-rennes","18":"tag-republique-francaise"},"share_on_mastodon":{"url":"https:\/\/pubeurope.com\/@fr\/115428726145605551","error":""},"_links":{"self":[{"href":"https:\/\/www.europesays.com\/fr\/wp-json\/wp\/v2\/posts\/486550","targetHints":{"allow":["GET"]}}],"collection":[{"href":"https:\/\/www.europesays.com\/fr\/wp-json\/wp\/v2\/posts"}],"about":[{"href":"https:\/\/www.europesays.com\/fr\/wp-json\/wp\/v2\/types\/post"}],"author":[{"embeddable":true,"href":"https:\/\/www.europesays.com\/fr\/wp-json\/wp\/v2\/users\/2"}],"replies":[{"embeddable":true,"href":"https:\/\/www.europesays.com\/fr\/wp-json\/wp\/v2\/comments?post=486550"}],"version-history":[{"count":0,"href":"https:\/\/www.europesays.com\/fr\/wp-json\/wp\/v2\/posts\/486550\/revisions"}],"wp:featuredmedia":[{"embeddable":true,"href":"https:\/\/www.europesays.com\/fr\/wp-json\/wp\/v2\/media\/486551"}],"wp:attachment":[{"href":"https:\/\/www.europesays.com\/fr\/wp-json\/wp\/v2\/media?parent=486550"}],"wp:term":[{"taxonomy":"category","embeddable":true,"href":"https:\/\/www.europesays.com\/fr\/wp-json\/wp\/v2\/categories?post=486550"},{"taxonomy":"post_tag","embeddable":true,"href":"https:\/\/www.europesays.com\/fr\/wp-json\/wp\/v2\/tags?post=486550"}],"curies":[{"name":"wp","href":"https:\/\/api.w.org\/{rel}","templated":true}]}}