{"id":486553,"date":"2025-10-24T10:43:13","date_gmt":"2025-10-24T10:43:13","guid":{"rendered":"https:\/\/www.europesays.com\/fr\/486553\/"},"modified":"2025-10-24T10:43:13","modified_gmt":"2025-10-24T10:43:13","slug":"voici-ce-quil-faut-savoir-sur-le-grand-sapin-installe-place-kleber","status":"publish","type":"post","link":"https:\/\/www.europesays.com\/fr\/486553\/","title":{"rendered":"voici ce qu&rsquo;il faut savoir sur le grand sapin install\u00e9 place Kl\u00e9ber"},"content":{"rendered":"<p>            Par<br \/>\n        <strong><br \/>\n            <a href=\"https:\/\/actu.fr\/auteur\/thomas-blanc\" title=\"Consulter tous les articles de Thomas Blanc\" target=\"_blank\" rel=\"noopener\">Thomas Blanc<\/a><br \/>\n        <\/strong><\/p>\n<p>        Publi\u00e9 le<\/p>\n<p>            24 oct. 2025 \u00e0 12h18        <\/p>\n<p>Elle marque <strong>le top d\u00e9part des f\u00eates de fin d\u2019ann\u00e9e<\/strong> et l\u2019approche du <a href=\"https:\/\/actu.fr\/grand-est\/strasbourg_67482\/strasbourg-les-dates-du-marche-de-noel-2025-sont-connues_62710676.html\" target=\"_blank\" rel=\"noopener\">March\u00e9 de No\u00ebl de Strasbourg<\/a>. <strong>L\u2019installation du grand sapin<\/strong> <strong>sur la place Kl\u00e9ber<\/strong> a eu lieu ce vendredi matin, sur les coups 8h45. La <a href=\"https:\/\/actu.fr\/meteo\/averses-intenses-et-bourrasques-soudaines-la-depression-benjamin-balaie-l-alsace-ce-jeudi_63339549.html\" target=\"_blank\" rel=\"noopener\">m\u00e9t\u00e9o<\/a> capricieuse a bien failli faire <strong>reporter l\u2019op\u00e9ration<\/strong>.<\/p>\n<p>Le grand sapin de No\u00ebl achemin\u00e9 par convoi exceptionnel depuis un massif vosgien<\/p>\n<p class=\" wall-content\">Pr\u00e9lev\u00e9 dans la for\u00eat domaniale de Saint-Quirin, dans le massif des Vosges, <strong>le sapin de 30,5 m\u00e8tres de haut<\/strong> a \u00e9t\u00e9 achemin\u00e9 vers 5h du matin dans le centre-ville de Strasbourg. Les passants curieux et matinaux en ce jour de vacances scolaires ont commenc\u00e9 \u00e0 s\u2019amasser autour de l\u2019arbre aux alentours de 8h, heure pr\u00e9vue pour son levage mais <strong>la pluie et le vent ont retard\u00e9 l\u2019op\u00e9ration d\u2019environ 45\u00a0minutes<\/strong>.<\/p>\n<p class=\" wall-content\">C\u2019est donc \u00e0 9h que le sapin de <strong>7,5 tonnes<\/strong> a \u00e9t\u00e9 cal\u00e9 dans sa fosse de 2,5 m\u00e8tres de profondeur sur la place Kl\u00e9ber dans laquelle du b\u00e9ton a \u00e9t\u00e9 coul\u00e9 pour le maintenir en place. Il y restera <strong>jusqu\u2019au 5\u00a0janvier 2026<\/strong>.<\/p>\n<blockquote class=\"tiktok-embed\" cite=\"https:\/\/www.tiktok.com\/@lorraine.actu\/video\/7564729999757020438\" data-video-id=\"7564729999757020438\" data-embed-from=\"oembed\" style=\"max-width:605px; min-width:325px;\"><p>\n<a target=\"_blank\" title=\"@lorraine.actu\" href=\"https:\/\/www.tiktok.com\/@lorraine.actu?refer=embed\" rel=\"noopener\">@lorraine.actu<\/a> <\/p>\n<p>Elle marque le top d\u00e9part des f\u00eates de fin d\u2019ann\u00e9e et l\u2019approche du March\u00e9 de No\u00ebl de Strasbourg. L\u2019installation du grand sapin sur la place Kl\u00e9ber a eu lieu ce vendredi matin, sur les coups 8h45. La m\u00e9t\u00e9o capricieuse a bien failli faire reporter l\u2019op\u00e9ration. Le grand sapin de No\u00ebl achemin\u00e9 par convoi exceptionnel depuis un massif vosgien Pr\u00e9lev\u00e9 dans la for\u00eat domaniale de Saint-Quirin, dans le massif des Vosges, le sapin de 30,5 m\u00e8tres de haut a \u00e9t\u00e9 achemin\u00e9 vers 5h du matin dans le centre-ville de Strasbourg. Les passants curieux et matinaux en ce jour de vacances scolaires ont commenc\u00e9 \u00e0 s\u2019amasser autour de l\u2019arbre aux alentours de 8h, heure pr\u00e9vue pour son levage mais la pluie et le vent ont retard\u00e9 l\u2019op\u00e9ration d\u2019environ 45\u00a0minutes. C\u2019est donc \u00e0 9h que le sapin de 7,5 tonnes a \u00e9t\u00e9 cal\u00e9 dans sa fosse de 2,5 m\u00e8tres de profondeur sur la place Kl\u00e9ber dans laquelle du b\u00e9ton a \u00e9t\u00e9 coul\u00e9 pour le maintenir en place. Il y restera jusqu\u2019au 5\u00a0janvier 2026. Une m\u00e9t\u00e9o qui complique quelque peu les choses \u00ab\u2009En ce contexte de temp\u00eate, il a fallu s\u2019adapter et ajuster un petit peu le programme pour lever l\u2019arbre en toute s\u00e9curit\u00e9\u2009\u00bb, commente Henri-Pierre Gangloff, agent de l\u2019Office national des for\u00eats (ONF) en charge de la supervision des op\u00e9rations li\u00e9es \u00e0 la coupe du grand sapin. Mais pas de panique, M. Gangloff a install\u00e9 ce matin son 22e sapin sur la place Kl\u00e9ber, tout s\u2019est donc bien d\u00e9roul\u00e9 sous sa supervision. En revanche, en raison des conditions m\u00e9t\u00e9o d\u00e9favorables ce week-end du 25 octobre, la grue maintiendra le symbole du No\u00ebl alsacien \u00ab\u00a0jusqu\u2019\u00e0 samedi, voir lundi prochain\u00a0\u00bb, d\u2019apr\u00e8s Guillaume Libsig, adjoint \u00e0 la maire de Strasbourg en charge notamment de la coordination du march\u00e9 de No\u00ebl. Le th\u00e8me des d\u00e9corations sera la couronne de l\u2019Avent Le remplumage du sapin et le d\u00e9tachage de ses branches encore ficel\u00e9es pour son transport se feront \u00e0 la m\u00eame \u00e9ch\u00e9ance. Apr\u00e8s cela, il sera d\u00e9cor\u00e9 sur le th\u00e8me de la couronne de l\u2019Avent pendant environ deux semaines afin d\u2019\u00eatre pr\u00eat pour l\u2019ouverture du march\u00e9 de No\u00ebl de Strasbourg le 26\u00a0novembre prochain.<\/p>\n<p> <a target=\"_blank\" title=\"\u266c Rockin&#039; Around The Christmas Tree - Brenda Lee\" href=\"https:\/\/www.tiktok.com\/music\/RockinAround-The-Christmas-Tree-6814378834477975553?refer=embed\" rel=\"noopener\">\u266c Rockin\u2019 Around The Christmas Tree \u2013 Brenda Lee<\/a> <\/p>\n<\/blockquote>\n<p>Une m\u00e9t\u00e9o qui complique quelque peu les choses<\/p>\n<p class=\" wall-content\">\u00ab\u2009<strong>En ce contexte de temp\u00eate,<\/strong> il a fallu s\u2019adapter et ajuster un petit peu le programme pour lever l\u2019arbre en toute s\u00e9curit\u00e9\u2009\u00bb, commente Henri-Pierre Gangloff, agent de l\u2019Office national des for\u00eats (ONF) en charge de la supervision des op\u00e9rations li\u00e9es \u00e0 la coupe du grand sapin.<\/p>\n<p class=\" wall-content\">Mais pas de panique, M. Gangloff a install\u00e9 ce matin <strong>son 22e sapin sur la place Kl\u00e9ber<\/strong>, tout s\u2019est donc bien d\u00e9roul\u00e9 sous sa supervision. En revanche, en raison des conditions m\u00e9t\u00e9o d\u00e9favorables ce week-end du 25 octobre, la grue maintiendra le symbole du <a href=\"https:\/\/actu.fr\/tag\/noel\" target=\"_blank\" rel=\"noopener\">No\u00ebl<\/a> alsacien \u00ab\u00a0jusqu\u2019\u00e0 samedi, voir lundi prochain\u00a0\u00bb, d\u2019apr\u00e8s Guillaume Libsig, adjoint \u00e0 la maire de Strasbourg en charge notamment de la coordination du march\u00e9 de No\u00ebl.<\/p>\n<p>Le th\u00e8me des d\u00e9corations sera la couronne de l\u2019Avent<\/p>\n<p class=\" wall-content\">Le remplumage du sapin et le d\u00e9tachage de ses branches encore ficel\u00e9es pour son transport se feront \u00e0 la m\u00eame \u00e9ch\u00e9ance.<\/p>\n<p>Votre r\u00e9gion, votre actu !<\/p>\n<p>Recevez chaque jour les infos qui comptent pour vous.<\/p>\n<p>\t<a href=\"https:\/\/actu.fr\/newsletter\" class=\"ac-btn ac-btn--corner ac-btn--medium ac-btn--blue800\" target=\"_blank\" rel=\"noopener\">S&rsquo;incrire<\/a><\/p>\n<p class=\" wall-content\">Apr\u00e8s cela, il sera d\u00e9cor\u00e9 sur le th\u00e8me de la couronne de l\u2019Avent pendant environ deux semaines afin d\u2019\u00eatre pr\u00eat pour l\u2019ouverture du <a href=\"https:\/\/actu.fr\/tag\/marche-de-noel-de-strasbourg\" target=\"_blank\" rel=\"noopener\">march\u00e9 de No\u00ebl de Strasbourg<\/a> le 26\u00a0novembre prochain.<\/p>\n<p class=\" wall-content\">Personnalisez votre actualit\u00e9 en ajoutant vos villes et m\u00e9dias en favori avec <a href=\"https:\/\/moncompte.actu.fr\" title=\"D\u00e9couvez Mon Actu\" rel=\"nofollow noopener\" data-trk=\"{&quot;cta&quot;:{&quot;action&quot;:&quot;https:\\\/\\\/moncompte.actu.fr&quot;,&quot;category&quot;:&quot;mon compte&quot;,&quot;from&quot;:&quot;article footer&quot;,&quot;name&quot;:&quot;Mon actu&quot;,&quot;type&quot;:&quot;cta&quot;}}\" target=\"_blank\">Mon Actu<\/a>.<\/p>\n<p>                    <script async src=\"\/\/www.tiktok.com\/embed.js\"><\/script><\/p>\n","protected":false},"excerpt":{"rendered":"Par Thomas Blanc Publi\u00e9 le 24 oct. 2025 \u00e0 12h18 Elle marque le top d\u00e9part des f\u00eates de&hellip;\n","protected":false},"author":2,"featured_media":486554,"comment_status":"","ping_status":"","sticky":false,"template":"","format":"standard","meta":{"footnotes":""},"categories":[2820],"tags":[1111,11,1777,674,1011,27,775,1652,56596,12,15830,25,640],"class_list":{"0":"post-486553","1":"post","2":"type-post","3":"status-publish","4":"format-standard","5":"has-post-thumbnail","7":"category-strasbourg","8":"tag-actu","9":"tag-actualites","10":"tag-eu","11":"tag-europe","12":"tag-fr","13":"tag-france","14":"tag-grand-est","15":"tag-loisirs-culture","16":"tag-marche-de-noel-de-strasbourg","17":"tag-news","18":"tag-noel","19":"tag-republique-francaise","20":"tag-strasbourg"},"share_on_mastodon":{"url":"https:\/\/pubeurope.com\/@fr\/115428734084804754","error":""},"_links":{"self":[{"href":"https:\/\/www.europesays.com\/fr\/wp-json\/wp\/v2\/posts\/486553","targetHints":{"allow":["GET"]}}],"collection":[{"href":"https:\/\/www.europesays.com\/fr\/wp-json\/wp\/v2\/posts"}],"about":[{"href":"https:\/\/www.europesays.com\/fr\/wp-json\/wp\/v2\/types\/post"}],"author":[{"embeddable":true,"href":"https:\/\/www.europesays.com\/fr\/wp-json\/wp\/v2\/users\/2"}],"replies":[{"embeddable":true,"href":"https:\/\/www.europesays.com\/fr\/wp-json\/wp\/v2\/comments?post=486553"}],"version-history":[{"count":0,"href":"https:\/\/www.europesays.com\/fr\/wp-json\/wp\/v2\/posts\/486553\/revisions"}],"wp:featuredmedia":[{"embeddable":true,"href":"https:\/\/www.europesays.com\/fr\/wp-json\/wp\/v2\/media\/486554"}],"wp:attachment":[{"href":"https:\/\/www.europesays.com\/fr\/wp-json\/wp\/v2\/media?parent=486553"}],"wp:term":[{"taxonomy":"category","embeddable":true,"href":"https:\/\/www.europesays.com\/fr\/wp-json\/wp\/v2\/categories?post=486553"},{"taxonomy":"post_tag","embeddable":true,"href":"https:\/\/www.europesays.com\/fr\/wp-json\/wp\/v2\/tags?post=486553"}],"curies":[{"name":"wp","href":"https:\/\/api.w.org\/{rel}","templated":true}]}}