{"id":486560,"date":"2025-10-24T10:47:13","date_gmt":"2025-10-24T10:47:13","guid":{"rendered":"https:\/\/www.europesays.com\/fr\/486560\/"},"modified":"2025-10-24T10:47:13","modified_gmt":"2025-10-24T10:47:13","slug":"un-blesse-par-balles-admis-aux-urgences-etait-en-cavale-depuis-3-ans","status":"publish","type":"post","link":"https:\/\/www.europesays.com\/fr\/486560\/","title":{"rendered":"un bless\u00e9 par balles admis aux urgences \u00e9tait en cavale depuis 3 ans"},"content":{"rendered":"<p>\n    En fuite depuis 2022, un homme de 28 ans \u00e9tait recherch\u00e9 par plusieurs services de police et de gendarmerie pour tentative de meurtre et diverses affaires de trafic de drogue. Son pronostic vital n\u2019est pas engag\u00e9.<\/p>\n<p class=\"fig-paragraph\">Les enqu\u00eateurs ne s\u2019attendaient sans doute pas \u00e0 un d\u00e9nouement aussi banal. Un homme de 28 ans a \u00e9t\u00e9 admis aux urgences du\u00a0<a href=\"http:\/\/www.lefigaro.fr\/nantes\/chu-de-nantes-vers-un-recours-a-l-ia-pour-ameliorer-la-prise-en-charge-des-cancers-20250212\" target=\"_blank\" data-fig-type=\"NewsFlash\" rel=\"noopener nofollow\" data-gtm-custom-categorie=\"navigation\" data-gtm-custom-action=\"crossclick\" data-gtm-custom-label=\"Contextuel\" data-gtm-event=\"customEventSPE\" data-fig-domain=\"LEFIGARO\">CHU de Nantes<\/a>\u00a0(Loire-Atlantique), apr\u00e8s avoir \u00e9t\u00e9 bless\u00e9 par balles dans la nuit de jeudi \u00e0 vendredi. Alert\u00e9e par les services de sant\u00e9, la police nantaise s\u2019est pr\u00e9sent\u00e9e au chevet de la victime, aussit\u00f4t identifi\u00e9 comme une personne recherch\u00e9e par la justice. Mieux encore\u00a0: elle se trouvait en cavale depuis trois ans.<\/p>\n<p class=\"fig-paragraph\">\u00abCet homme \u00e9tait recherch\u00e9 par beaucoup de gens, pour de multiples faits, dont une tentative de meurtre et des d\u00e9lits li\u00e9s au\u00a0<a href=\"http:\/\/www.lefigaro.fr\/flash-actu\/delinquance-l-offensive-contre-le-narcotrafic-se-verifie-dans-les-chiffres-mais-la-violence-s-enracine-en-france-20250926\" target=\"_blank\" data-fig-type=\"NewsFlash\" rel=\"noopener nofollow\" data-gtm-custom-categorie=\"navigation\" data-gtm-custom-action=\"crossclick\" data-gtm-custom-label=\"Contextuel\" data-gtm-event=\"customEventSPE\" data-fig-domain=\"LEFIGARO\">trafic de stup\u00e9fiants<\/a> . Beaucoup de services vont vouloir l\u2019entendre: la gendarmerie, la police judiciaire\u2026\u00a0\u00bb, indique une source proche du dossier. Gri\u00e8vement bless\u00e9 par quatre balles, l\u2019individu originaire de Nantes a \u00e9t\u00e9 op\u00e9r\u00e9 dans la nuit. Son pronostic vital n\u2019est pas engag\u00e9. Il sera entendu par les enqu\u00eateurs de la division nantaise de la criminalit\u00e9 organis\u00e9e et sp\u00e9cialis\u00e9e (DOCS) d\u00e8s que son \u00e9tat le permettra.<\/p>\n<p>                                    <a class=\"fig-a11y-skip a11y-hidden\" href=\"#fig-a11y-skip-main-inarticle\"><br \/>\n        Passer la publicit\u00e9<br \/>\n    <\/a><\/p>\n<p>Narcotrafic<\/p>\n<p class=\"fig-paragraph\">Cette victime, recherch\u00e9e par les autorit\u00e9s, a \u00e9t\u00e9 d\u00e9pos\u00e9e vers 1h30 du matin devant le CHU, transport\u00e9e par un v\u00e9hicule qui a pris la fuite. D\u2019apr\u00e8s nos confr\u00e8res de\u00a0<a href=\"https:\/\/www.ouest-france.fr\/societe\/faits-divers\/en-fuite-depuis-2022-il-a-ete-depose-au-chu-de-nantes-apres-avoir-ete-atteint-par-quatre-balles-8767ad92-b0b5-11f0-a3b8-6cf5a651f4ac\" target=\"_blank\" rel=\"sponsored noopener nofollow\" data-gtm-custom-categorie=\"navigation\" data-gtm-custom-action=\"crossclick\" data-gtm-custom-label=\"Contextuel\" data-gtm-event=\"customEventSPE\">Ouest France<\/a>, cette personne avait \u00e9t\u00e9 condamn\u00e9e, en son absence, \u00e0 sept ans de prison ferme, par la Juridiction interr\u00e9gionale sp\u00e9cialis\u00e9e (JIRS) de Rennes. Le jugement, rendu en mars dernier, concernait une agression arm\u00e9e commise en 2023, dans un domicile de l\u2019agglom\u00e9ration nantaise, ainsi qu\u2019une affaire li\u00e9e au narcotrafic. \u00c9galement impliqu\u00e9 dans le\u00a0<a href=\"http:\/\/www.lefigaro.fr\/nantes\/nantes-relaxe-des-6-prevenus-de-l-affaire-de-la-fusillade-mortelle-du-moonlight-20250402\" target=\"_blank\" data-fig-type=\"NewsFlash\" rel=\"noopener nofollow\" data-gtm-custom-categorie=\"navigation\" data-gtm-custom-action=\"crossclick\" data-gtm-custom-label=\"Contextuel\" data-gtm-event=\"customEventSPE\" data-fig-domain=\"LEFIGARO\">dossier de la fusillade mortelle du Moonlight<\/a>, qui \u00e9tait survenue en avril 2019, \u00e0 Nantes, le mis en cause avait pris la fuite apr\u00e8s son placement sous contr\u00f4le judiciaire.<\/p>\n","protected":false},"excerpt":{"rendered":"En fuite depuis 2022, un homme de 28 ans \u00e9tait recherch\u00e9 par plusieurs services de police et de&hellip;\n","protected":false},"author":2,"featured_media":486561,"comment_status":"","ping_status":"","sticky":false,"template":"","format":"standard","meta":{"footnotes":""},"categories":[2818],"tags":[1111,11,1777,674,1011,27,766,12,2636,25,2949],"class_list":{"0":"post-486560","1":"post","2":"type-post","3":"status-publish","4":"format-standard","5":"has-post-thumbnail","7":"category-nantes","8":"tag-actu","9":"tag-actualites","10":"tag-eu","11":"tag-europe","12":"tag-fr","13":"tag-france","14":"tag-nantes","15":"tag-news","16":"tag-pays-de-la-loire","17":"tag-republique-francaise","18":"tag-violences"},"share_on_mastodon":{"url":"https:\/\/pubeurope.com\/@fr\/115428749747872245","error":""},"_links":{"self":[{"href":"https:\/\/www.europesays.com\/fr\/wp-json\/wp\/v2\/posts\/486560","targetHints":{"allow":["GET"]}}],"collection":[{"href":"https:\/\/www.europesays.com\/fr\/wp-json\/wp\/v2\/posts"}],"about":[{"href":"https:\/\/www.europesays.com\/fr\/wp-json\/wp\/v2\/types\/post"}],"author":[{"embeddable":true,"href":"https:\/\/www.europesays.com\/fr\/wp-json\/wp\/v2\/users\/2"}],"replies":[{"embeddable":true,"href":"https:\/\/www.europesays.com\/fr\/wp-json\/wp\/v2\/comments?post=486560"}],"version-history":[{"count":0,"href":"https:\/\/www.europesays.com\/fr\/wp-json\/wp\/v2\/posts\/486560\/revisions"}],"wp:featuredmedia":[{"embeddable":true,"href":"https:\/\/www.europesays.com\/fr\/wp-json\/wp\/v2\/media\/486561"}],"wp:attachment":[{"href":"https:\/\/www.europesays.com\/fr\/wp-json\/wp\/v2\/media?parent=486560"}],"wp:term":[{"taxonomy":"category","embeddable":true,"href":"https:\/\/www.europesays.com\/fr\/wp-json\/wp\/v2\/categories?post=486560"},{"taxonomy":"post_tag","embeddable":true,"href":"https:\/\/www.europesays.com\/fr\/wp-json\/wp\/v2\/tags?post=486560"}],"curies":[{"name":"wp","href":"https:\/\/api.w.org\/{rel}","templated":true}]}}