{"id":486564,"date":"2025-10-24T10:49:10","date_gmt":"2025-10-24T10:49:10","guid":{"rendered":"https:\/\/www.europesays.com\/fr\/486564\/"},"modified":"2025-10-24T10:49:10","modified_gmt":"2025-10-24T10:49:10","slug":"cet-evenement-populaire-impacte-la-circulation-des-trams-a-bordeaux-les-horaires-des-interruptions","status":"publish","type":"post","link":"https:\/\/www.europesays.com\/fr\/486564\/","title":{"rendered":"Cet \u00e9v\u00e8nement populaire impacte la circulation des trams \u00e0 Bordeaux : les horaires des interruptions"},"content":{"rendered":"<p>            Par<br \/>\n        <strong><br \/>\n            <a href=\"https:\/\/actu.fr\/auteur\/juliette-cardinale\" title=\"Consulter tous les articles de Juliette Cardinale\" rel=\"nofollow noopener\" target=\"_blank\">Juliette Cardinale<\/a><br \/>\n        <\/strong><\/p>\n<p>        Publi\u00e9 le<\/p>\n<p>            24 oct. 2025 \u00e0 12h16        <\/p>\n<p>Samedi 25 et dimanche 26 octobre 2025, la 21e \u00e9dition du Challenge du Ruban Rose aura lieu <a href=\"https:\/\/actu.fr\/bordeaux\/\" rel=\"nofollow noopener\" target=\"_blank\">\u00e0 Bordeaux.<\/a> Attention, le passage de cette <strong>manifestation caritative<\/strong> va impacter la circulation des tramways.\u00a0<\/p>\n<p class=\" wall-content\">Attention si vous comptiez traverser la Garonne via le tram A ce week-end. Au cours des deux matin\u00e9es, il sera <strong>interrompu de 9h \u00e0 12h30<\/strong> entre Stalingrad et Sainte-Catherine.<\/p>\n<p class=\" wall-content\">Pour permettre l\u2019acc\u00e8s des participants au lieu de d\u00e9part, les <strong>fr\u00e9quences seront renforc\u00e9es<\/strong> d\u00e8s 8h sur les lignes A, C et D. Samedi, un tram passera toutes les 7 minutes 30 sur les lignes A et C. Le dimanche, un tram sera pr\u00e9vu toutes les 10 minutes sur les lignes A et C et toutes les 15 minutes sur la ligne D.\u00a0<\/p>\n<p>Un challenge pour la bonne cause<\/p>\n<p class=\" wall-content\">Organis\u00e9 pour sensibiliser la population au <strong>d\u00e9pistage pr\u00e9coce du cancer du sein,<\/strong> le <a href=\"https:\/\/challengedurubanrose.fr\/bordeaux\/?fbclid=IwY2xjawNoKYZleHRuA2FlbQIxMABicmlkETBuOEdlcTducWdDOFB5UWtaAR6h_cR4sERj68Eju_G2bWcH2uDpRwOcAMrZ6drlHn8zIj4JE9eW5eM4ttiYsw_aem_f9eR8toH67bNGgbszqPyfQ\" rel=\"nofollow noopener\" target=\"_blank\">Challenge du Ruban Rose<\/a> est un rendez-vous bien suivi dans la capitale girondine. Il permet de r\u00e9aliser des dons aux instituts, cliniques et h\u00f4pitaux du secteur, notamment pour l\u2019achat de mat\u00e9riel innovant.<\/p>\n<p class=\" wall-content\">En 2024, plus de 20 000 participants ont pris part \u00e0 l\u2019\u00e9v\u00e8nement de Bordeaux. Cette ann\u00e9e, les organisateurs ont pour objectif d\u2019atteindre <strong>les 25 000 personnes.<\/strong><\/p>\n<p class=\" wall-content\">Elles s\u2019\u00e9lanceront depuis le Miroir d\u2019eau pour <strong>une course ou une randonn\u00e9e p\u00e9destre<\/strong> de 5,5 km. Le samedi, les d\u00e9parts sont pr\u00e9vus \u00e0 8h45 et \u00e0 9h. Le dimanche, \u00e0 8h55 et 9h15.<\/p>\n<p class=\" wall-content\">Personnalisez votre actualit\u00e9 en ajoutant vos villes et m\u00e9dias en favori avec <a href=\"https:\/\/moncompte.actu.fr\" title=\"D\u00e9couvez Mon Actu\" rel=\"nofollow noopener\" data-trk=\"{&quot;cta&quot;:{&quot;action&quot;:&quot;https:\\\/\\\/moncompte.actu.fr&quot;,&quot;category&quot;:&quot;mon compte&quot;,&quot;from&quot;:&quot;article footer&quot;,&quot;name&quot;:&quot;Mon actu&quot;,&quot;type&quot;:&quot;cta&quot;}}\" target=\"_blank\">Mon Actu<\/a>.<\/p>\n","protected":false},"excerpt":{"rendered":"Par Juliette Cardinale Publi\u00e9 le 24 oct. 2025 \u00e0 12h16 Samedi 25 et dimanche 26 octobre 2025, la&hellip;\n","protected":false},"author":2,"featured_media":486565,"comment_status":"","ping_status":"","sticky":false,"template":"","format":"standard","meta":{"footnotes":""},"categories":[2817],"tags":[1111,11,1997,3542,1777,674,1011,27,12,2219,25,104,7952,2803],"class_list":{"0":"post-486564","1":"post","2":"type-post","3":"status-publish","4":"format-standard","5":"has-post-thumbnail","7":"category-bordeaux","8":"tag-actu","9":"tag-actualites","10":"tag-bordeaux","11":"tag-circulation","12":"tag-eu","13":"tag-europe","14":"tag-fr","15":"tag-france","16":"tag-news","17":"tag-nouvelle-aquitaine","18":"tag-republique-francaise","19":"tag-societe","20":"tag-tbm","21":"tag-transport"},"share_on_mastodon":{"url":"https:\/\/pubeurope.com\/@fr\/115428757661484515","error":""},"_links":{"self":[{"href":"https:\/\/www.europesays.com\/fr\/wp-json\/wp\/v2\/posts\/486564","targetHints":{"allow":["GET"]}}],"collection":[{"href":"https:\/\/www.europesays.com\/fr\/wp-json\/wp\/v2\/posts"}],"about":[{"href":"https:\/\/www.europesays.com\/fr\/wp-json\/wp\/v2\/types\/post"}],"author":[{"embeddable":true,"href":"https:\/\/www.europesays.com\/fr\/wp-json\/wp\/v2\/users\/2"}],"replies":[{"embeddable":true,"href":"https:\/\/www.europesays.com\/fr\/wp-json\/wp\/v2\/comments?post=486564"}],"version-history":[{"count":0,"href":"https:\/\/www.europesays.com\/fr\/wp-json\/wp\/v2\/posts\/486564\/revisions"}],"wp:featuredmedia":[{"embeddable":true,"href":"https:\/\/www.europesays.com\/fr\/wp-json\/wp\/v2\/media\/486565"}],"wp:attachment":[{"href":"https:\/\/www.europesays.com\/fr\/wp-json\/wp\/v2\/media?parent=486564"}],"wp:term":[{"taxonomy":"category","embeddable":true,"href":"https:\/\/www.europesays.com\/fr\/wp-json\/wp\/v2\/categories?post=486564"},{"taxonomy":"post_tag","embeddable":true,"href":"https:\/\/www.europesays.com\/fr\/wp-json\/wp\/v2\/tags?post=486564"}],"curies":[{"name":"wp","href":"https:\/\/api.w.org\/{rel}","templated":true}]}}