{"id":486568,"date":"2025-10-24T10:51:17","date_gmt":"2025-10-24T10:51:17","guid":{"rendered":"https:\/\/www.europesays.com\/fr\/486568\/"},"modified":"2025-10-24T10:51:17","modified_gmt":"2025-10-24T10:51:17","slug":"a-peine-mise-en-route-cette-nouvelle-ligne-de-bus-lineo-seduit-deja-les-voyageurs","status":"publish","type":"post","link":"https:\/\/www.europesays.com\/fr\/486568\/","title":{"rendered":"\u00e0 peine mise en route, cette nouvelle ligne de bus Lin\u00e9o s\u00e9duit d\u00e9j\u00e0 les voyageurs"},"content":{"rendered":"<p>            Par<br \/>\n        <strong><br \/>\n            <a href=\"https:\/\/actu.fr\/auteur\/hugo-hancewicz\" title=\"Consulter tous les articles de Hugo Hancewicz\" rel=\"nofollow noopener\" target=\"_blank\">Hugo Hancewicz<\/a><br \/>\n        <\/strong><\/p>\n<p>        Publi\u00e9 le<\/p>\n<p>            24 oct. 2025 \u00e0 12h31        <\/p>\n<p>En un peu plus de sept semaines d\u2019exploitation, le <a href=\"https:\/\/actu.fr\/occitanie\/toulouse_31555\/toulouse-deux-nouvelles-lignes-de-bus-lineo-mises-en-service-a-la-rentree-voici-toutes-les-infos-a-avoir_63092699.html\" rel=\"nofollow noopener\" target=\"_blank\">Lin\u00e9o 7<\/a> a d\u00e9j\u00e0 convaincu. Lanc\u00e9e le 1er\u00a0septembre 2025, cette <strong>ligne express<\/strong> relie <a href=\"http:\/\/actu.fr\/occitanie\/saint-orens-de-gameville_31506\" rel=\"nofollow noopener\" target=\"_blank\">Saint-Orens<\/a> \u00e0 l\u2019<a href=\"https:\/\/actu.fr\/tag\/universite-toulouse-iii-paul-sabatier\" rel=\"nofollow noopener\" target=\"_blank\">universit\u00e9 Paul-Sabatier<\/a>, en traversant le quartier Malep\u00e8re, en pleine expansion. Ce jeudi 23\u00a0octobre, si les \u00e9lus ont officiellement inaugur\u00e9 officielle, les habitants, eux, n\u2019ont pas attendu pour l\u2019adopter.\u00a0Chaque jour, <strong>8\u2009200 voyageurs<\/strong> montent \u00e0 bord de ces bus, l\u2019objectif que s\u2019\u00e9tait fix\u00e9 <a href=\"https:\/\/actu.fr\/tag\/tisseo\" rel=\"nofollow noopener\" target=\"_blank\">Tiss\u00e9o<\/a>. Une preuve que la formule pla\u00eet et qu\u2019elle a su r\u00e9pondre \u00e0 une demande croissante de l\u2019est toulousain, o\u00f9 les d\u00e9placements domicile-travail ou domicile-\u00e9tudes sont nombreux. Alors, comment expliquer ce d\u00e9marrage en trombe\u2009?<\/p>\n<p>Un trac\u00e9 pens\u00e9 pour le quotidien des usagers<\/p>\n<p class=\" wall-content\">Le Lin\u00e9o 7 reprend l\u2019ancien itin\u00e9raire de la ligne 78, <a href=\"https:\/\/actu.fr\/occitanie\/saint-orens-de-gameville_31506\/cette-future-ligne-de-bus-express-va-relier-toulouse-de-sa-banlieue-le-trace-rallonge_61986340.html\" rel=\"nofollow noopener\" target=\"_blank\">mais l\u2019a enrichi<\/a>. Son parcours s\u2019\u00e9tend d\u00e9sormais jusqu\u2019\u00e0 la <strong>piscine de Saint-Orens<\/strong>, avec deux arr\u00eats suppl\u00e9mentaires pour desservir le coll\u00e8ge Jacques-Pr\u00e9vert et les \u00e9quipements publics alentour.<\/p>\n<blockquote class=\"ac-article-quote wall-content\">\n<p>Ce nouveau trac\u00e9 a d\u00e9j\u00e0 permis une hausse imm\u00e9diate de 14\u2009% par rapport \u00e0 l\u2019ancienne ligne<\/p>\n<p>    <strong>Jean-Michel Lattes<\/strong><br \/>\n        Pr\u00e9sident de Tiss\u00e9o, lors d&rsquo;un point sur les chiffres du lancement des nouvelles lignes de bus rapides dans l&rsquo;agglo, mercredi 8 octobre 2025    <\/p><\/blockquote>\n<p class=\" wall-content\">Ce trac\u00e9 de <strong>13,5 kilom\u00e8tres<\/strong> a \u00e9t\u00e9 pens\u00e9 pour relier des quartiers en plein essor et des lieux de vie fr\u00e9quent\u00e9s. De Saint-Orens \u00e0 Paul-Sabatier, en passant par Catala, les Am\u00e9thystes ou Malep\u00e8re, il connecte d\u00e9sormais plus de <strong>20\u2009000\u00a0habitants<\/strong> et 16\u2009000 emplois \u00e0 un arr\u00eat Lin\u00e9o situ\u00e9 \u00e0 moins de 400\u00a0m\u00e8tres.<\/p>\n<p class=\" wall-content\">L\u2019am\u00e9nagement de 7 kilom\u00e8tres de voies r\u00e9serv\u00e9es aux bus permet de r\u00e9duire nettement <strong>les temps de trajet<\/strong>, une promesse tenue selon les premiers retours des usagers. La ligne offre une v\u00e9ritable alternative \u00e0 la voiture, notamment pour rejoindre le m\u00e9tro <a href=\"https:\/\/actu.fr\/occitanie\/toulouse_31555\/toulouse-pourquoi-la-ligne-b-du-metro-va-etre-partiellement-fermee-plusieurs-semaines-a-l-ete-2026_62157503.html\" rel=\"nofollow noopener\" target=\"_blank\">ligne B<\/a> ou, \u00e0 terme, <a href=\"https:\/\/actu.fr\/occitanie\/toulouse_31555\/toulouse-la-ligne-c-du-metro-ouverte-fin-2028-un-risque-de-retard-evoque-mais-pas-acte-selon-tisseo_63303514.html\" rel=\"nofollow noopener\" target=\"_blank\">la future ligne C<\/a> et le <strong>T\u00e9l\u00e9o<\/strong>.<\/p>\n<p>Des bus fr\u00e9quents et r\u00e9guliers<\/p>\n<p class=\" wall-content\">C\u00f4t\u00e9 horaire, le Lin\u00e9o 7 reprend l\u2019esprit du r\u00e9seau Lin\u00e9o\u2009: une fr\u00e9quence \u00e9lev\u00e9e et une r\u00e9gularit\u00e9 <strong>quasi m\u00e9tronomique<\/strong>. En semaine, les bus passent toutes les 6\u00a0minutes entre l\u2019universit\u00e9 Paul-Sabatier et Malep\u00e8re aux heures de pointe, puis toutes les 9 \u00e0 10\u00a0minutes jusqu\u2019\u00e0 Saint-Orens. M\u00eame en heures creuses, le service reste <strong>soutenu<\/strong> avec un passage toutes les 12\u00a0minutes.<\/p>\n<p>Votre r\u00e9gion, votre actu !<\/p>\n<p>Recevez chaque jour les infos qui comptent pour vous.<\/p>\n<p>\t<a href=\"https:\/\/actu.fr\/newsletter\" class=\"ac-btn ac-btn--corner ac-btn--medium ac-btn--blue800\" rel=\"nofollow noopener\" target=\"_blank\">S&rsquo;incrire<\/a><\/p>\n<p class=\" wall-content\">Le samedi, les bus circulent toutes les 20\u00a0minutes le matin et 15\u00a0minutes l\u2019apr\u00e8s-midi, tandis que le dimanche, la fr\u00e9quence passe \u00e0 <strong>30\u00a0minutes<\/strong>. Ce maillage serr\u00e9 garantit un service continu, sans longues attentes, quelle que soit l\u2019heure de la journ\u00e9e.<\/p>\n<p>    <img   decoding=\"async\" loading=\"lazy\" src=\"https:\/\/www.europesays.com\/fr\/wp-content\/uploads\/2025\/10\/plan-ligne-7-960x640.jpeg\" alt=\"Voici le trac\u00e9 du bus Lin\u00e9o 7 qui relie l'universit\u00e9 Paul-Sabatier \u00e0 Saint-Orens.\" width=\"960\" height=\"640\"\/><br \/>\n    Voici le trac\u00e9 du bus Lin\u00e9o 7 qui relie l\u2019universit\u00e9 Paul-Sabatier \u00e0 Saint-Orens. (\u00a9Tiss\u00e9o)Des bus accessibles<\/p>\n<p class=\" wall-content\">Les bus du Lin\u00e9o 7 sont <strong>r\u00e9cents<\/strong>, articul\u00e9s et fonctionnent majoritairement au gaz naturel (GNV). \u00c0 bord, tout a \u00e9t\u00e9 pr\u00e9vu pour le confort et l\u2019accessibilit\u00e9\u2009avec des rampes \u00e9lectriques, de grands espaces pour fauteuils roulants et poussettes, des annonces sonores et visuelles et des si\u00e8ges r\u00e9serv\u00e9s.<\/p>\n<p class=\" wall-content\">Les arr\u00eats ont \u00e9galement \u00e9t\u00e9 mis aux normes d\u2019accessibilit\u00e9 et dot\u00e9s d\u2019\u00e9crans d\u2019information <strong>en temps r\u00e9el<\/strong>, pour permettre aux voyageurs de suivre le passage des bus en direct. Ces am\u00e9nagements viennent s\u2019ajouter \u00e0 la cr\u00e9ation de pistes cyclables le long de la route de Revel, dans le cadre du <a href=\"https:\/\/actu.fr\/occitanie\/toulouse_31555\/securite-praticite-rapidite-ce-que-le-nouveau-reseau-express-velo-change-pour-les-cyclistes-a-toulouse_63030823.html\" rel=\"nofollow noopener\" target=\"_blank\">R\u00e9seau Express V\u00e9lo<\/a> (<strong>REV<\/strong>), et \u00e0 de nouveaux couloirs r\u00e9serv\u00e9s aux bus.<\/p>\n<p>Un investissement structurant pour le sud-est toulousain<\/p>\n<p class=\" wall-content\">Au total, le projet repr\u00e9sente <strong>9\u00a0millions d\u2019euros<\/strong> d\u2019investissement, financ\u00e9s par Tiss\u00e9o, Toulouse M\u00e9tropole et le d\u00e9partement de la <a href=\"https:\/\/actu.fr\/occitanie\/haute-garonne_31\" rel=\"nofollow noopener\" target=\"_blank\">Haute-Garonne<\/a>, ce dernier finan\u00e7ant \u00e0 hauteur de 25\u2009% le programme Lin\u00e9o.<\/p>\n<p class=\" wall-content\">Au-del\u00e0 du chiffre, il s\u2019agit d\u2019un chantier structurant pour l\u2019ensemble du secteur. Lin\u00e9o 7 s\u2019inscrit dans un vaste programme de <a href=\"https:\/\/actu.fr\/occitanie\/toulouse_31555\/nouveaux-bus-express-lignes-rallongees-communes-enfin-desservies-cela-va-bouger-dans-l-agglo-de-toulouse_62796301.html\" rel=\"nofollow noopener\" target=\"_blank\">lignes express<\/a> destin\u00e9es \u00e0 renforcer la connexion entre Toulouse et ses<strong> communes limitrophes<\/strong>, tout en pr\u00e9parant l\u2019arriv\u00e9e de la future ligne C du m\u00e9tro.<\/p>\n<p class=\" wall-content\">Personnalisez votre actualit\u00e9 en ajoutant vos villes et m\u00e9dias en favori avec <a href=\"https:\/\/moncompte.actu.fr\" title=\"D\u00e9couvez Mon Actu\" rel=\"nofollow noopener\" data-trk=\"{&quot;cta&quot;:{&quot;action&quot;:&quot;https:\\\/\\\/moncompte.actu.fr&quot;,&quot;category&quot;:&quot;mon compte&quot;,&quot;from&quot;:&quot;article footer&quot;,&quot;name&quot;:&quot;Mon actu&quot;,&quot;type&quot;:&quot;cta&quot;}}\" target=\"_blank\">Mon Actu<\/a>.<\/p>\n","protected":false},"excerpt":{"rendered":"Par Hugo Hancewicz Publi\u00e9 le 24 oct. 2025 \u00e0 12h31 En un peu plus de sept semaines d\u2019exploitation,&hellip;\n","protected":false},"author":2,"featured_media":486569,"comment_status":"","ping_status":"","sticky":false,"template":"","format":"standard","meta":{"footnotes":""},"categories":[2816],"tags":[1111,11,1777,674,1011,27,12,2680,25,104,5400,2312,2803],"class_list":{"0":"post-486568","1":"post","2":"type-post","3":"status-publish","4":"format-standard","5":"has-post-thumbnail","7":"category-toulouse","8":"tag-actu","9":"tag-actualites","10":"tag-eu","11":"tag-europe","12":"tag-fr","13":"tag-france","14":"tag-news","15":"tag-occitanie","16":"tag-republique-francaise","17":"tag-societe","18":"tag-tisseo","19":"tag-toulouse","20":"tag-transport"},"share_on_mastodon":{"url":"https:\/\/pubeurope.com\/@fr\/115428765968675410","error":""},"_links":{"self":[{"href":"https:\/\/www.europesays.com\/fr\/wp-json\/wp\/v2\/posts\/486568","targetHints":{"allow":["GET"]}}],"collection":[{"href":"https:\/\/www.europesays.com\/fr\/wp-json\/wp\/v2\/posts"}],"about":[{"href":"https:\/\/www.europesays.com\/fr\/wp-json\/wp\/v2\/types\/post"}],"author":[{"embeddable":true,"href":"https:\/\/www.europesays.com\/fr\/wp-json\/wp\/v2\/users\/2"}],"replies":[{"embeddable":true,"href":"https:\/\/www.europesays.com\/fr\/wp-json\/wp\/v2\/comments?post=486568"}],"version-history":[{"count":0,"href":"https:\/\/www.europesays.com\/fr\/wp-json\/wp\/v2\/posts\/486568\/revisions"}],"wp:featuredmedia":[{"embeddable":true,"href":"https:\/\/www.europesays.com\/fr\/wp-json\/wp\/v2\/media\/486569"}],"wp:attachment":[{"href":"https:\/\/www.europesays.com\/fr\/wp-json\/wp\/v2\/media?parent=486568"}],"wp:term":[{"taxonomy":"category","embeddable":true,"href":"https:\/\/www.europesays.com\/fr\/wp-json\/wp\/v2\/categories?post=486568"},{"taxonomy":"post_tag","embeddable":true,"href":"https:\/\/www.europesays.com\/fr\/wp-json\/wp\/v2\/tags?post=486568"}],"curies":[{"name":"wp","href":"https:\/\/api.w.org\/{rel}","templated":true}]}}