{"id":486578,"date":"2025-10-24T10:57:13","date_gmt":"2025-10-24T10:57:13","guid":{"rendered":"https:\/\/www.europesays.com\/fr\/486578\/"},"modified":"2025-10-24T10:57:13","modified_gmt":"2025-10-24T10:57:13","slug":"14-logements-etudiants-rehabilites-par-grand-lyon-habitat","status":"publish","type":"post","link":"https:\/\/www.europesays.com\/fr\/486578\/","title":{"rendered":"14 logements \u00e9tudiants r\u00e9habilit\u00e9s par Grand Lyon Habitat"},"content":{"rendered":"<p>                            <img loading=\"lazy\" width=\"574\" height=\"342\" class=\"attachment-article size-article wp-post-image lazyload\" alt=\"\" decoding=\"async\" src=\"https:\/\/www.europesays.com\/fr\/wp-content\/uploads\/2025\/07\/istockphoto-1354575441-612x612-1-e1711457864712.jpg\" data-eio-rwidth=\"574\" data-eio-rheight=\"342\"\/><\/p>\n<p>Illustration logement (\u00a9 iStock)<\/p>\n<p class=\"content\" style=\"font-size:1.2em;font-weight:700\">Ces habitations ont b\u00e9n\u00e9fici\u00e9 d&rsquo;une mise aux normes en mati\u00e8re de s\u00e9curit\u00e9 et de confort. Co\u00fbt total des travaux de r\u00e9habilitation : 179 500 \u20ac.<\/p>\n<p>Grand Lyon Habitat annonce la r\u00e9habilitation de 14 logements sociaux \u00e9tudiants par l&rsquo;interm\u00e9diaire d&rsquo;un communiqu\u00e9 publi\u00e9 ce jeudi. Situ\u00e9 aux 1er et 2\u00e8me \u00e9tages du 7 rue Mazard \u00e0 Lyon 2e, ces habitations ont \u00e9t\u00e9 totalement r\u00e9habilit\u00e9es. Les travaux avaient d\u00e9but\u00e9s en avril dernier, ils ont permis de totalement restructurer les 12 studios et 2 T2. En effet, 4 studios de moins de 15 m\u00e8tres carr\u00e9s ont \u00e9t\u00e9 r\u00e9unis pour former deux T2 plus spacieux.<\/p>\n<p>De nouveaux \u00e9quipements ont vu le jour dans ces espaces, comme des salles de bain, des cuisines \u00e9quip\u00e9es, ou encore des VMC neuves. A noter que les \u00e9quipements des T1 d\u00e9j\u00e0 existants ont fait l&rsquo;objet d&rsquo;une modernisation (rev\u00eatements de sol, robinetterie, \u00e9clairage, chauffage, kitchenettes) afin de garantir un meilleur confort.<\/p>\n<p>La gestion des logements sera confi\u00e9e \u00e0 Oxance, d\u00e9j\u00e0 gestionnaire des 2 T2. Les premiers locataires de ces T2 ont int\u00e9gr\u00e9 ce logement d\u00e8s ce mois d&rsquo;octobre. Une op\u00e9ration dont s&rsquo;est f\u00e9licit\u00e9 Jean-No\u00ebl Freixinos, directeur g\u00e9n\u00e9ral de Grand Lyon : \u00ab\u00a0Cette op\u00e9ration illustre la capacit\u00e9 de GrandLyon Habitat \u00e0 r\u00e9pondre aux besoins croissants de logements abordables pour les jeunes\u00a0\u00bb, explique-t-il dans ce communiqu\u00e9. Co\u00fbt total des travaux de r\u00e9habilitation : 179 500 \u20ac.<\/p>\n","protected":false},"excerpt":{"rendered":"Illustration logement (\u00a9 iStock) Ces habitations ont b\u00e9n\u00e9fici\u00e9 d&rsquo;une mise aux normes en mati\u00e8re de s\u00e9curit\u00e9 et de&hellip;\n","protected":false},"author":2,"featured_media":286288,"comment_status":"","ping_status":"","sticky":false,"template":"","format":"standard","meta":{"footnotes":""},"categories":[1889],"tags":[1111,11,2430,6379,1777,674,1011,27,37119,2428,12,25],"class_list":{"0":"post-486578","1":"post","2":"type-post","3":"status-publish","4":"format-standard","5":"has-post-thumbnail","7":"category-lyon","8":"tag-actu","9":"tag-actualites","10":"tag-auvergne-rhone-alpes","11":"tag-etudiants","12":"tag-eu","13":"tag-europe","14":"tag-fr","15":"tag-france","16":"tag-grand-lyon-habitat","17":"tag-lyon","18":"tag-news","19":"tag-republique-francaise"},"share_on_mastodon":{"url":"https:\/\/pubeurope.com\/@fr\/115428789506970872","error":""},"_links":{"self":[{"href":"https:\/\/www.europesays.com\/fr\/wp-json\/wp\/v2\/posts\/486578","targetHints":{"allow":["GET"]}}],"collection":[{"href":"https:\/\/www.europesays.com\/fr\/wp-json\/wp\/v2\/posts"}],"about":[{"href":"https:\/\/www.europesays.com\/fr\/wp-json\/wp\/v2\/types\/post"}],"author":[{"embeddable":true,"href":"https:\/\/www.europesays.com\/fr\/wp-json\/wp\/v2\/users\/2"}],"replies":[{"embeddable":true,"href":"https:\/\/www.europesays.com\/fr\/wp-json\/wp\/v2\/comments?post=486578"}],"version-history":[{"count":0,"href":"https:\/\/www.europesays.com\/fr\/wp-json\/wp\/v2\/posts\/486578\/revisions"}],"wp:featuredmedia":[{"embeddable":true,"href":"https:\/\/www.europesays.com\/fr\/wp-json\/wp\/v2\/media\/286288"}],"wp:attachment":[{"href":"https:\/\/www.europesays.com\/fr\/wp-json\/wp\/v2\/media?parent=486578"}],"wp:term":[{"taxonomy":"category","embeddable":true,"href":"https:\/\/www.europesays.com\/fr\/wp-json\/wp\/v2\/categories?post=486578"},{"taxonomy":"post_tag","embeddable":true,"href":"https:\/\/www.europesays.com\/fr\/wp-json\/wp\/v2\/tags?post=486578"}],"curies":[{"name":"wp","href":"https:\/\/api.w.org\/{rel}","templated":true}]}}