{"id":486585,"date":"2025-10-24T11:01:20","date_gmt":"2025-10-24T11:01:20","guid":{"rendered":"https:\/\/www.europesays.com\/fr\/486585\/"},"modified":"2025-10-24T11:01:20","modified_gmt":"2025-10-24T11:01:20","slug":"decouvrez-le-spectacle-lumineux-cree-pour-la-fermeture-du-centre-pompidou-a-paris","status":"publish","type":"post","link":"https:\/\/www.europesays.com\/fr\/486585\/","title":{"rendered":"D\u00e9couvrez le spectacle lumineux cr\u00e9\u00e9 pour la fermeture du Centre Pompidou \u00e0 Paris"},"content":{"rendered":"<p class=\"mb-4 text-lg md:leading-8 break-words\"><strong>SHOW &#8211; Un spectacle pyrotechnique tout en explosions de couleurs a \u00e9t\u00e9 propos\u00e9 ce mercredi \u00e0 Paris sur la fa\u00e7ade du Centre Pompidou pour marquer officiellement la fermeture du mus\u00e9e d\u2019art moderne, pr\u00e9vue jusqu\u2019en 2030<\/strong><\/p>\n<p class=\"mb-4 text-lg md:leading-8 break-words\">Un dernier \u00e9merveillement avant une longue absence. Pour marquer le d\u00e9but d\u2019une p\u00e9riode de cinq ans de fermeture pour travaux, <a href=\"https:\/\/www.20minutes.fr\/dossier\/centre_pompidou?at_medium=RSS%20feed&amp;at_campaign=ynews&amp;utm_source=yahoo&amp;utm_medium=rss&amp;utm_campaign=news_feed&amp;utm_content=in_article_link\" rel=\"nofollow noopener\" target=\"_blank\" data-ylk=\"slk:le Centre Pompidou;elm:context_link;itc:0;sec:content-canvas\" class=\"link \">le Centre Pompidou<\/a> \u00e0 Paris a choisi d\u2019en mettre plein les yeux. Un spectacle pyrotechnique a ainsi \u00e9t\u00e9 organis\u00e9 ce mercredi avec pour support la fa\u00e7ade du c\u00e9l\u00e8bre b\u00e2timent accueillant <a href=\"https:\/\/www.20minutes.fr\/dossier\/musee?at_medium=RSS%20feed&amp;at_campaign=ynews&amp;utm_source=yahoo&amp;utm_medium=rss&amp;utm_campaign=news_feed&amp;utm_content=in_article_link\" rel=\"nofollow noopener\" target=\"_blank\" data-ylk=\"slk:le mus\u00e9e;elm:context_link;itc:0;sec:content-canvas\" class=\"link \">le mus\u00e9e<\/a> d\u2019art moderne. La cr\u00e9ation avait pour titre Le Dernier Carnaval, pr\u00e9cise le <a href=\"https:\/\/www.huffingtonpost.fr\/culture\/article\/le-centre-pompidou-dynamite-dans-un-feu-d-artifice-impressionnant-pour-celebrer-sa-fermeture_256302.html?at_medium=RSS%20feed&amp;at_campaign=ynews&amp;utm_source=yahoo&amp;utm_medium=rss&amp;utm_campaign=news_feed&amp;utm_content=in_article_link\" rel=\"nofollow noopener\" target=\"_blank\" data-ylk=\"slk:HuffPost;elm:context_link;itc:0;sec:content-canvas\" class=\"link \">HuffPost<\/a>.<\/p>\n<p class=\"mb-4 text-lg md:leading-8 break-words\">Il est l\u2019\u0153uvre de Cai Guo-Qiang, qui a imagin\u00e9 un \u00ab au revoir monumental qui rend hommage \u00e0 la collection du Centre Pompidou et \u00e0 toute la cr\u00e9ation artistique \u00bb, a expliqu\u00e9 le mus\u00e9e sur son compte Instagram, o\u00f9 il a aussi mis en ligne une vid\u00e9o spectaculaire de ces <a href=\"https:\/\/www.20minutes.fr\/dossier\/feu_d_artifice?at_medium=RSS%20feed&amp;at_campaign=ynews&amp;utm_source=yahoo&amp;utm_medium=rss&amp;utm_campaign=news_feed&amp;utm_content=in_article_link\" rel=\"nofollow noopener\" target=\"_blank\" data-ylk=\"slk:feux d\u2019artifice;elm:context_link;itc:0;sec:content-canvas\" class=\"link \">feux d\u2019artifice<\/a>. Sur les images, on constate que le spectacle a attir\u00e9 une foule captiv\u00e9e par les illuminations color\u00e9es qui ont dur\u00e9 environ dix minutes.<\/p>\n<p>D\u00e9samiantage et transformations<\/p>\n<p class=\"mb-4 text-lg md:leading-8 break-words\">Le mus\u00e9e avait en fait ferm\u00e9 ses portes le 22 septembre dernier et devrait \u00e0 nouveau accueillir des visiteurs en 2030. D\u2019ici l\u00e0, une importante op\u00e9ration de d\u00e9samiantage sera men\u00e9e dans les locaux, qui seront aussi r\u00e9nov\u00e9s. L\u2019objectif est de cr\u00e9er de nouveaux espaces, notamment une terrasse panoramique et des pi\u00e8ces d\u2019exposition rempla\u00e7ant le parking au sous-sol, mais aussi de rendre possible une sc\u00e9nographie in\u00e9dite.<\/p>\n<p class=\"mb-4 text-lg md:leading-8 break-words\"><a href=\"https:\/\/www.20minutes.fr\/arts-stars\/insolite\/4181349-20251024-decouvrez-spectacle-lumineux-cree-fermeture-centre-pompidou-paris?at_medium=RSS%20feed&amp;at_campaign=ynews&amp;utm_source=yahoo&amp;utm_medium=rss&amp;utm_campaign=news_feed&amp;utm_content=read_more_link&quot;\" rel=\"nofollow noopener\" target=\"_blank\" data-ylk=\"slk:Lire la suite sur 20minutes;elm:context_link;itc:0;sec:content-canvas\" class=\"link \">Lire la suite sur 20minutes<\/a><\/p>\n<p>\u00c0 lire aussi :<br \/><a href=\"https:\/\/www.20minutes.fr\/arts-stars\/culture\/4142383-20250307-centre-pompidou-musee-gratuit-tout-week-end-avant-fermeture?at_medium=RSS%20feed&amp;at_campaign=ynews&amp;utm_source=yahoo&amp;utm_medium=rss&amp;utm_campaign=news_feed&amp;utm_content=related_content_link\" rel=\"nofollow noopener\" target=\"_blank\" data-ylk=\"slk:Centre Pompidou : Le mus\u00e9e est gratuit tout le week-end avant sa fermeture;elm:context_link;itc:0;sec:content-canvas\" class=\"link \">Centre Pompidou : Le mus\u00e9e est gratuit tout le week-end avant sa fermeture<\/a><br \/><a href=\"https:\/\/www.20minutes.fr\/arts-stars\/culture\/4174474-20250922-centre-pompidou-vont-devenir-uvres-musee-parisien-pendant-fermeture-cinq-ans?at_medium=RSS%20feed&amp;at_campaign=ynews&amp;utm_source=yahoo&amp;utm_medium=rss&amp;utm_campaign=news_feed&amp;utm_content=related_content_link\" rel=\"nofollow noopener\" target=\"_blank\" data-ylk=\"slk:Centre Pompidou : Que vont devenir les \u0153uvres du mus\u00e9e parisien pendant sa fermeture (de cinq ans) ?;elm:context_link;itc:0;sec:content-canvas\" class=\"link \">Centre Pompidou : Que vont devenir les \u0153uvres du mus\u00e9e parisien pendant sa fermeture (de cinq ans) ?<\/a><\/p>\n","protected":false},"excerpt":{"rendered":"SHOW &#8211; Un spectacle pyrotechnique tout en explosions de couleurs a \u00e9t\u00e9 propos\u00e9 ce mercredi \u00e0 Paris sur&hellip;\n","protected":false},"author":2,"featured_media":486586,"comment_status":"","ping_status":"","sticky":false,"template":"","format":"standard","meta":{"footnotes":""},"categories":[1888],"tags":[1111,1928,11,1927,4223,14819,1777,674,13407,1011,27,54129,12,1926,626,1925,25,60982],"class_list":{"0":"post-486585","1":"post","2":"type-post","3":"status-publish","4":"format-standard","5":"has-post-thumbnail","7":"category-paris","8":"tag-actu","9":"tag-actu-paris","10":"tag-actualites","11":"tag-actualites-paris","12":"tag-centre-pompidou","13":"tag-creation-artistique","14":"tag-eu","15":"tag-europe","16":"tag-fermeture","17":"tag-fr","18":"tag-france","19":"tag-musee-dart-moderne","20":"tag-news","21":"tag-news-paris","22":"tag-paris","23":"tag-paris-news","24":"tag-republique-francaise","25":"tag-spectacle-pyrotechnique"},"share_on_mastodon":{"url":"https:\/\/pubeurope.com\/@fr\/115428804885005311","error":""},"_links":{"self":[{"href":"https:\/\/www.europesays.com\/fr\/wp-json\/wp\/v2\/posts\/486585","targetHints":{"allow":["GET"]}}],"collection":[{"href":"https:\/\/www.europesays.com\/fr\/wp-json\/wp\/v2\/posts"}],"about":[{"href":"https:\/\/www.europesays.com\/fr\/wp-json\/wp\/v2\/types\/post"}],"author":[{"embeddable":true,"href":"https:\/\/www.europesays.com\/fr\/wp-json\/wp\/v2\/users\/2"}],"replies":[{"embeddable":true,"href":"https:\/\/www.europesays.com\/fr\/wp-json\/wp\/v2\/comments?post=486585"}],"version-history":[{"count":0,"href":"https:\/\/www.europesays.com\/fr\/wp-json\/wp\/v2\/posts\/486585\/revisions"}],"wp:featuredmedia":[{"embeddable":true,"href":"https:\/\/www.europesays.com\/fr\/wp-json\/wp\/v2\/media\/486586"}],"wp:attachment":[{"href":"https:\/\/www.europesays.com\/fr\/wp-json\/wp\/v2\/media?parent=486585"}],"wp:term":[{"taxonomy":"category","embeddable":true,"href":"https:\/\/www.europesays.com\/fr\/wp-json\/wp\/v2\/categories?post=486585"},{"taxonomy":"post_tag","embeddable":true,"href":"https:\/\/www.europesays.com\/fr\/wp-json\/wp\/v2\/tags?post=486585"}],"curies":[{"name":"wp","href":"https:\/\/api.w.org\/{rel}","templated":true}]}}