{"id":486612,"date":"2025-10-24T11:15:13","date_gmt":"2025-10-24T11:15:13","guid":{"rendered":"https:\/\/www.europesays.com\/fr\/486612\/"},"modified":"2025-10-24T11:15:13","modified_gmt":"2025-10-24T11:15:13","slug":"on-a-demande-aux-cannois-ce-quils-pensaient-de-la-decision-de-la-ville-de-donner-le-nom-de-bernard-brochand-au-palais-des-victoires","status":"publish","type":"post","link":"https:\/\/www.europesays.com\/fr\/486612\/","title":{"rendered":"On a demand\u00e9 aux Cannois ce qu\u2019ils pensaient de la d\u00e9cision de la Ville de donner le nom de Bernard Brochand au Palais des Victoires"},"content":{"rendered":"<p class=\"fs-5 \">\u00ab\u00a0Ah bon ? Le Palais des Victoires va porter le nom de Bernard Brochand ? Non, je ne suis pas au courant\u2026 \u00bb<\/p>\n<p class=\"fs-5 \">Aux abords de la place Paul-Roubaud, \u00e0 La Bocca, peu de personnes interrog\u00e9es semblent \u00eatre au fait du changement qui va tr\u00e8s prochainement s\u2019op\u00e9rer.<\/p>\n<p class=\"fs-5 \">En effet, nous l\u2019avions annonc\u00e9 dans nos colonnes peu apr\u00e8s<a href=\"https:\/\/www.nicematin.com\/societe\/politique\/l-ex-maire-de-cannes-est-mort-bernard-brochand-un-maire-au-dela-du-slogan-975570\" rel=\"nofollow noopener\" target=\"_blank\"> le d\u00e9c\u00e8s de l\u2019ancien d\u00e9put\u00e9-maire de Cannes<\/a>, en avril dernier : en son honneur, la Ville va attribuer son nom \u00e0 l\u2019enceinte sportive du Palais des Victoires.<\/p>\n<p class=\"fs-5 \"><a href=\"https:\/\/www.nicematin.com\/societe\/vie-locale\/c-est-acte-a-cannes-le-palais-des-victoires-portera-bientot-le-nom-de-l-ancien-maire-bernard-brochand-981228\" rel=\"nofollow noopener\" target=\"_blank\">Une d\u00e9cision act\u00e9e lors d\u2019un conseil municipal<\/a> en f\u00e9vrier dernier et qui sera enfin officialis\u00e9e ce samedi, en amont du match de championnat de France de volley-ball entre l\u2019AS Cannes et Saint-Nazaire pr\u00e9vu \u00e0 15 h. Deuxi\u00e8me match de l\u2019ann\u00e9e, mais premier match de la saison \u00e0 domicile pour les volleyeurs cannois. \u00ab C\u2019est un bel hommage \u00e0 Bernard Brochand, qui a \u0153uvr\u00e9 pour la Ville et pour le Palais des Victoires, s\u2019est d\u2019ailleurs r\u00e9joui Amaury Delbart, directeur g\u00e9n\u00e9ral de Cannes volley-ball. Cela contribue \u00e0 enraciner encore un peu plus ce complexe dans l\u2019histoire sportive de Cannes. \u00bb<\/p>\n<p>                                                                                \u00ab \u00c7a va encore co\u00fbter \u00e9norm\u00e9ment d\u2019argent \u00bb<\/p>\n<p class=\"fs-5 \">\u00ab Donner le nom d\u2019un ancien maire ? Pourquoi pas, c\u2019est une bonne id\u00e9e, c\u2019\u00e9tait un bon \u00e9lu \u00bb, confie un couple crois\u00e9 \u00e0 la sortie du cin\u00e9ma L\u2019Olympia, en centre-ville. Mais c\u2019est un choix qui divise n\u00e9anmoins les Cannois interrog\u00e9s, dont la plupart ont, donc, appris la nouvelle ce mercredi matin.<\/p>\n<p class=\"fs-5 \">Tandis que certains saluent l\u2019initiative et l\u2019hommage, comme Catherine, Cannoise depuis de nombreuses ann\u00e9es, ou comme une Mandolocienne crois\u00e9e \u00e0 La Bocca \u2013 \u00ab Monsieur Brochand a fait des choses bien pour la commune, alors oui, c\u2019est une bonne id\u00e9e \u00bb \u2013 d\u2019autres se questionnent sur l\u2019effet produit. \u00ab \u00c7a va encore co\u00fbter \u00e9norm\u00e9ment d\u2019argent pour changer tous les flyers, les panneaux\u2026 s\u2019inqui\u00e8te Louis. Plut\u00f4t que de mettre cette somme dans le changement de nom, pourquoi ne pas plut\u00f4t donner un peu plus d\u2019argent aux joueurs ? \u00bb<\/p>\n<p class=\"fs-5 \">\u00ab Je trouve que le nom qu\u2019il a lui va tr\u00e8s bien \u00bb, lance Martine. Et ce n\u2019est pas Monique qui dira le contraire : \u00ab C\u2019est stupide, pourquoi changer ? Ce n\u2019est pas n\u00e9cessaire. Je pense qu\u2019il y a d\u2019autres probl\u00e8mes dont il faudrait s\u2019occuper\u2026 Et puis, c\u2019est un peu trop tard, il aurait peut-\u00eatre plut\u00f4t fallu mettre une plaque mentionnant le fait que c\u2019est Bernard Brochand qui l\u2019avait inaugur\u00e9. \u00bb<\/p>\n","protected":false},"excerpt":{"rendered":"\u00ab\u00a0Ah bon ? Le Palais des Victoires va porter le nom de Bernard Brochand ? Non, je ne&hellip;\n","protected":false},"author":2,"featured_media":486613,"comment_status":"","ping_status":"","sticky":false,"template":"","format":"standard","meta":{"footnotes":""},"categories":[1417],"tags":[1011,27,60,1470,1469],"class_list":{"0":"post-486612","1":"post","2":"type-post","3":"status-publish","4":"format-standard","5":"has-post-thumbnail","7":"category-volley","8":"tag-fr","9":"tag-france","10":"tag-sports","11":"tag-volley","12":"tag-volleyball"},"share_on_mastodon":{"url":"https:\/\/pubeurope.com\/@fr\/115428859899433098","error":""},"_links":{"self":[{"href":"https:\/\/www.europesays.com\/fr\/wp-json\/wp\/v2\/posts\/486612","targetHints":{"allow":["GET"]}}],"collection":[{"href":"https:\/\/www.europesays.com\/fr\/wp-json\/wp\/v2\/posts"}],"about":[{"href":"https:\/\/www.europesays.com\/fr\/wp-json\/wp\/v2\/types\/post"}],"author":[{"embeddable":true,"href":"https:\/\/www.europesays.com\/fr\/wp-json\/wp\/v2\/users\/2"}],"replies":[{"embeddable":true,"href":"https:\/\/www.europesays.com\/fr\/wp-json\/wp\/v2\/comments?post=486612"}],"version-history":[{"count":0,"href":"https:\/\/www.europesays.com\/fr\/wp-json\/wp\/v2\/posts\/486612\/revisions"}],"wp:featuredmedia":[{"embeddable":true,"href":"https:\/\/www.europesays.com\/fr\/wp-json\/wp\/v2\/media\/486613"}],"wp:attachment":[{"href":"https:\/\/www.europesays.com\/fr\/wp-json\/wp\/v2\/media?parent=486612"}],"wp:term":[{"taxonomy":"category","embeddable":true,"href":"https:\/\/www.europesays.com\/fr\/wp-json\/wp\/v2\/categories?post=486612"},{"taxonomy":"post_tag","embeddable":true,"href":"https:\/\/www.europesays.com\/fr\/wp-json\/wp\/v2\/tags?post=486612"}],"curies":[{"name":"wp","href":"https:\/\/api.w.org\/{rel}","templated":true}]}}