{"id":486616,"date":"2025-10-24T11:17:11","date_gmt":"2025-10-24T11:17:11","guid":{"rendered":"https:\/\/www.europesays.com\/fr\/486616\/"},"modified":"2025-10-24T11:17:11","modified_gmt":"2025-10-24T11:17:11","slug":"wta-caroline-garcia-bryan-shelton-ma-demande-ce-qui-mavait-manque-pour-remporter-un-grand-chelem-je-pense-que-jai-perdu-beaucoup-de-matchs-que-jaurais-pu-gagner-si-on-mavait-appris-a-me-dir","status":"publish","type":"post","link":"https:\/\/www.europesays.com\/fr\/486616\/","title":{"rendered":"WTA > Caroline Garcia : \u00ab\u00a0Bryan Shelton m&rsquo;a demand\u00e9 ce qui m&rsquo;avait manqu\u00e9 pour remporter un Grand Chelem. Je pense que j&rsquo;ai perdu beaucoup de matchs que j&rsquo;aurais pu gagner si on m&rsquo;avait appris \u00e0 me dire : &lsquo;Ok, aujourd&rsquo;hui, je dois mettre la balle dans le court'\u00a0\u00bb"},"content":{"rendered":"<p>Lors du dernier \u00e9pisode de son podcast \u00ab\u202fTennis Insider\u202f\u00bb, en compa\u00adgnie du p\u00e8re et entra\u00ee\u00adneur de Ben Shelton, Bryan, Caroline Garcia a exprim\u00e9 quelques regrets.\u00a0<\/p>\n<blockquote class=\"instagram-media\" data-instgrm-captioned=\"\" data-instgrm-permalink=\"https:\/\/www.instagram.com\/reel\/DQJsIFSEgd6\/?utm_source=ig_embed&amp;utm_campaign=loading\" data-instgrm-version=\"14\" style=\" background:#FFF; border:0; border-radius:3px; box-shadow:0 0 1px 0 rgba(0,0,0,0.5),0 1px 10px 0 rgba(0,0,0,0.15); margin: 1px; max-width:540px; min-width:326px; padding:0; width:99.375%; width:-webkit-calc(100% - 2px); width:calc(100% - 2px);\"\/>\n<p><strong>\u00ab\u202fBryan Shelton m\u2019a demand\u00e9 ce qui m\u2019avait manqu\u00e9 pour remporter un Grand Chelem. Voici mes r\u00e9flexions \u00e0 ce sujet et ce que j\u2019au\u00adrais aim\u00e9 faire diff\u00e9\u00adrem\u00adment. J\u2019aurais d\u00fb ajouter une option B \u00e0 mon jeu, car la plupart du temps, mon jeu \u00e9tait tr\u00e8s risqu\u00e9. Je pense que j\u2019ai perdu beau\u00adcoup de matchs que j\u2019au\u00adrais pu gagner si on m\u2019avait appris \u00e0 me dire\u00a0: \u2018Ok, aujourd\u2019hui, je dois mettre la balle dans le court. Mon p\u00e8re voulait que je sois agres\u00adsive, que je fasse des coups gagnants, mais il y avait des jours o\u00f9 je ne me sentais pas d\u2019hu\u00admeur ou o\u00f9 j\u2019\u00e9tais trop stress\u00e9e, et je n\u2019y arri\u00advais\u00a0pas.\u202f\u00bb<\/strong><\/p>\n<p class=\"post-published-date\" style=\"color: silver; font-size: 75%; text-align: left;\">Publi\u00e9 le vendredi 24 octobre 2025 \u00e0 11:48<\/p>\n<p><script async src=\"\/\/www.instagram.com\/embed.js\"><\/script><\/p>\n","protected":false},"excerpt":{"rendered":"Lors du dernier \u00e9pisode de son podcast \u00ab\u202fTennis Insider\u202f\u00bb, en compa\u00adgnie du p\u00e8re et entra\u00ee\u00adneur de Ben Shelton,&hellip;\n","protected":false},"author":2,"featured_media":486617,"comment_status":"","ping_status":"","sticky":false,"template":"","format":"standard","meta":{"footnotes":""},"categories":[1415],"tags":[1011,27,8002,60,1467],"class_list":{"0":"post-486616","1":"post","2":"type-post","3":"status-publish","4":"format-standard","5":"has-post-thumbnail","7":"category-tennis","8":"tag-fr","9":"tag-france","10":"tag-garcia","11":"tag-sports","12":"tag-tennis"},"share_on_mastodon":{"url":"https:\/\/pubeurope.com\/@fr\/115428867661556279","error":""},"_links":{"self":[{"href":"https:\/\/www.europesays.com\/fr\/wp-json\/wp\/v2\/posts\/486616","targetHints":{"allow":["GET"]}}],"collection":[{"href":"https:\/\/www.europesays.com\/fr\/wp-json\/wp\/v2\/posts"}],"about":[{"href":"https:\/\/www.europesays.com\/fr\/wp-json\/wp\/v2\/types\/post"}],"author":[{"embeddable":true,"href":"https:\/\/www.europesays.com\/fr\/wp-json\/wp\/v2\/users\/2"}],"replies":[{"embeddable":true,"href":"https:\/\/www.europesays.com\/fr\/wp-json\/wp\/v2\/comments?post=486616"}],"version-history":[{"count":0,"href":"https:\/\/www.europesays.com\/fr\/wp-json\/wp\/v2\/posts\/486616\/revisions"}],"wp:featuredmedia":[{"embeddable":true,"href":"https:\/\/www.europesays.com\/fr\/wp-json\/wp\/v2\/media\/486617"}],"wp:attachment":[{"href":"https:\/\/www.europesays.com\/fr\/wp-json\/wp\/v2\/media?parent=486616"}],"wp:term":[{"taxonomy":"category","embeddable":true,"href":"https:\/\/www.europesays.com\/fr\/wp-json\/wp\/v2\/categories?post=486616"},{"taxonomy":"post_tag","embeddable":true,"href":"https:\/\/www.europesays.com\/fr\/wp-json\/wp\/v2\/tags?post=486616"}],"curies":[{"name":"wp","href":"https:\/\/api.w.org\/{rel}","templated":true}]}}