{"id":486630,"date":"2025-10-24T11:25:12","date_gmt":"2025-10-24T11:25:12","guid":{"rendered":"https:\/\/www.europesays.com\/fr\/486630\/"},"modified":"2025-10-24T11:25:12","modified_gmt":"2025-10-24T11:25:12","slug":"lauteure-varoise-maud-ankaoua-explique-pourquoi-les-marcheurs-plebiscitent-le-chemin-de-compostelle","status":"publish","type":"post","link":"https:\/\/www.europesays.com\/fr\/486630\/","title":{"rendered":"l\u2019auteure varoise Maud Ankaoua explique pourquoi les marcheurs pl\u00e9biscitent le chemin de Compostelle"},"content":{"rendered":"<p class=\"fs-5 \">Maud Ankaoua est l\u2019auteure de<strong> Plus jamais sans moi<\/strong> son 3e best-seller publi\u00e9 en janvier 2023 et qui raconte l\u2019histoire de Constance, une avocate brillante qui, alors qu\u2019elle vient de signer son contrat dans un cabinet d\u2019\u00e9lite, d\u00e9couvre qu\u2019elle doit effectuer une p\u00e9riode d\u2019essai d\u2019un genre peu conventionnel\u00a0: marcher sur le chemin de Compostelle.<\/p>\n<p class=\"fs-5 \"><strong>Comme Constance, le personnage principal de Plus jamais sans moi, vous avez aussi march\u00e9 sur les chemins de Saint-Jacques\u00a0?<\/strong><\/p>\n<p class=\"fs-5 \">J\u2019ai commenc\u00e9 ce chemin en 2016 au moment o\u00f9 je publiais mon premier livre Kilom\u00e8tre z\u00e9ro pour mes amis.<\/p>\n<p class=\"fs-5 \">J\u2019avais envoy\u00e9 le manuscrit chez mon imprimeur et en m\u00eame temps j\u2019avais d\u00e9cid\u00e9 de marcher.<\/p>\n<p class=\"fs-5 \">C\u2019\u00e9tait tout au d\u00e9but de ma vie de romanci\u00e8re.<\/p>\n<p class=\"fs-5 \">Depuis, je l\u2019ai parcouru \u00e0 plusieurs reprises\u00a0: seule, avec des amis, en couple, avec des groupes de lecteurs\u2026 Mais jamais de bout en bout.<\/p>\n<p class=\"fs-5 \"><strong>Comment expliquez-vous l\u2019engouement depuis quelques ann\u00e9es pour ces chemins de p\u00e8lerinage\u00a0?<\/strong><\/p>\n<p class=\"fs-5 \">La marche s\u2019est beaucoup d\u00e9mocratis\u00e9e. Il suffit d\u2019une bonne paire de baskets. Je pense aussi que les gens ont eu besoin de retourner \u00e0 la nature.<\/p>\n<p class=\"fs-5 \">Depuis quelque temps, effectivement, les GR sont pas mal emprunt\u00e9s. Et c\u2019est encore plus vrai sur le chemin de Compostelle, o\u00f9 l\u2019ambiance est tr\u00e8s particuli\u00e8re, tr\u00e8s conviviale et tr\u00e8s solidaire.<\/p>\n<p class=\"fs-5 \">Ce qu\u2019on n\u2019a sur aucun autre GR. C\u2019est vraiment caract\u00e9ristique du chemin de Compostelle.<\/p>\n<p>            <img src=\"https:\/\/www.europesays.com\/fr\/wp-content\/uploads\/2025\/10\/16e73d5_upload-from-url-1-3b17xrelwnru-data-art-14200055-pp5wno5u.jpg\"   loading=\"lazy\" decoding=\"async\" alt=\"\" class=\"img-fluid position-absolute w-100 object-fit-cover rounded-2\" width=\"600\" height=\"400\"\/><\/p>\n<p class=\"fs-5 \"><strong>Comment \u00e7a se caract\u00e9rise\u00a0?<\/strong><\/p>\n<p class=\"fs-5 \">Que vous partiez seul(e) ou en groupe, lorsque vous vous arr\u00eatez, il y a toujours quelqu\u2019un qui vous demande\u00a0: \u00ab\u00a0\u00c7a va, tout va bien, tu as besoin de rien\u00a0? \u00a0\u00bb<\/p>\n<p class=\"fs-5 \">Non, non, c\u2019est bon, je fais juste une pause, merci. Et les gens passent et respectent ce besoin d\u2019\u00eatre seul(e) ou de discuter.<\/p>\n<p class=\"fs-5 \">Il y a une entraide et une solidarit\u00e9 qui est extraordinaire. Et pour l\u2019avoir fait beaucoup de fois seule, c\u2019est vraiment un chemin s\u00e9curitaire.<\/p>\n<p class=\"fs-5 \"><strong>Votre livre y a sans doute contribu\u00e9\u00a0!<\/strong><\/p>\n<p class=\"fs-5 \">\u00c7a, c\u2019est s\u00fbr\u00a0! Depuis la sortie du livre dans lequel je cite le nom des lieux et des g\u00eetes, tout le monde me dit que c\u2019est d\u00e9j\u00e0 r\u00e9serv\u00e9 sur cinq ans\u00a0!<\/p>\n<p class=\"fs-5 \">Je suis tr\u00e8s heureuse de \u00e7a parce que ce sont des gens tr\u00e8s m\u00e9ritants, souvent des p\u00e8lerins d\u2019ailleurs, qui ont d\u00e9cid\u00e9 de faire des g\u00eetes d\u2019accueil.<\/p>\n<p class=\"fs-5 \">C\u2019est aussi cela qui cr\u00e9e une ambiance sur le chemin, parce que ce sont des gens qui connaissent les besoins des p\u00e8lerins.<\/p>\n<p class=\"fs-5 \"><strong>La marche est tr\u00e8s pr\u00e9sente dans vos romans. Cela fait partie d\u2019un processus de d\u00e9veloppement personnel\u00a0?<\/strong><\/p>\n<p class=\"fs-5 \">Oui, parce que le fait de marcher, surtout dans des endroits inconnus \u2014 et c\u2019est le propre des \u00e9tapes du chemin de Compostelle \u2014 c\u2019est de vivre l\u2019instant pr\u00e9sent.<\/p>\n<p class=\"fs-5 \">C\u2019est un peu des sch\u00e9mas de survie\u00a0: o\u00f9 est-ce que je vais dormir\u00a0? O\u00f9 est-ce que je vais aller manger\u00a0? O\u00f9 est-ce qu\u2019on est ici\u00a0? O\u00f9 est-ce que c\u2019est l\u00e0\u00a0?<\/p>\n<p class=\"fs-5 \">Et notre cerveau est tellement happ\u00e9 par le moment pr\u00e9sent qu\u2019on reconnecte avec nos \u00e9motions.<\/p>\n<p class=\"fs-5 \">Donc, pour moi, \u00e7a fait vraiment partie d\u2019un processus. J\u2019adore marcher pour cette raison. Et puis \u00e7a me permet aussi de cr\u00e9er.<\/p>\n<p class=\"fs-5 \"><strong>Le \u00ab\u00a0voyage int\u00e9rieur\u00a0\u00bb a remplac\u00e9 l\u2019exp\u00e9dition au bout du monde\u00a0?<\/strong><\/p>\n<p class=\"fs-5 \">C\u2019est un peu ma drogue, le voyage. Mais c\u2019est tout \u00e0 fait juste de dire qu\u2019on n\u2019a pas besoin d\u2019aller au bout du monde pour travailler sur soi.<\/p>\n<p class=\"fs-5 \">Il suffit d\u2019aller dans les bois autour de son domicile. Le simple fait de se promener, sans \u00eatre press\u00e9, \u00e7a fait un bien fou. Et c\u2019est offert \u00e0 tout le monde, si tant est qu\u2019on a la chance de pouvoir marcher. Il y a aussi plein de clubs de randonn\u00e9es, donc c\u2019est tr\u00e8s simple de pouvoir marcher m\u00eame lorsqu\u2019on ne conna\u00eet pas.<\/p>\n<p class=\"fs-5 \">Et quand on a peur de se lancer seul(e), c\u2019est tr\u00e8s facile de trouver des groupes de gens ou des associations qui vous emm\u00e8nent voir des choses superbes.<\/p>\n<p class=\"fs-5 \"><strong>Connaissez-vous la Via Aurelia, qui va de Menton \u00e0 Arles\u00a0?<\/strong><\/p>\n<p class=\"fs-5 \">Non, je ne la connais pas, je ne l\u2019ai jamais emprunt\u00e9e, mais j\u2019aimerais la faire parce que j\u2019ai des amis qui m\u2019ont dit qu\u2019elle \u00e9tait magnifique. Elle est moins emprunt\u00e9e parce qu\u2019il y a moins de g\u00eetes. Et du coup, il y a des passages o\u00f9 il faut \u00eatre un peu plus grand marcheur.<\/p>\n<p class=\"fs-5 \"><strong>Savoir+<\/strong><\/p>\n<p class=\"fs-5 \">Maud Ankaoua est aujourd\u2019hui coach, conf\u00e9renci\u00e8re et romanci\u00e8re. L\u2019autrice de Kilom\u00e8tre z\u00e9ro, Respire\u00a0! et Plus jamais sans moi a d\u00e9j\u00e0 vendu plus de 5 millions de livres. Son 4e ouvrage Ces questions que tout le monde se pose (aux \u00e9ditions Eyrolles) est disponible en librairie depuis le 25 septembre.<\/p>\n","protected":false},"excerpt":{"rendered":"Maud Ankaoua est l\u2019auteure de Plus jamais sans moi son 3e best-seller publi\u00e9 en janvier 2023 et qui&hellip;\n","protected":false},"author":2,"featured_media":486631,"comment_status":"","ping_status":"","sticky":false,"template":"","format":"standard","meta":{"footnotes":""},"categories":[1357],"tags":[1379,58,59,1011,27,1380],"class_list":{"0":"post-486630","1":"post","2":"type-post","3":"status-publish","4":"format-standard","5":"has-post-thumbnail","7":"category-livres","8":"tag-books","9":"tag-divertissement","10":"tag-entertainment","11":"tag-fr","12":"tag-france","13":"tag-livres"},"share_on_mastodon":{"url":"https:\/\/pubeurope.com\/@fr\/115428899757998583","error":""},"_links":{"self":[{"href":"https:\/\/www.europesays.com\/fr\/wp-json\/wp\/v2\/posts\/486630","targetHints":{"allow":["GET"]}}],"collection":[{"href":"https:\/\/www.europesays.com\/fr\/wp-json\/wp\/v2\/posts"}],"about":[{"href":"https:\/\/www.europesays.com\/fr\/wp-json\/wp\/v2\/types\/post"}],"author":[{"embeddable":true,"href":"https:\/\/www.europesays.com\/fr\/wp-json\/wp\/v2\/users\/2"}],"replies":[{"embeddable":true,"href":"https:\/\/www.europesays.com\/fr\/wp-json\/wp\/v2\/comments?post=486630"}],"version-history":[{"count":0,"href":"https:\/\/www.europesays.com\/fr\/wp-json\/wp\/v2\/posts\/486630\/revisions"}],"wp:featuredmedia":[{"embeddable":true,"href":"https:\/\/www.europesays.com\/fr\/wp-json\/wp\/v2\/media\/486631"}],"wp:attachment":[{"href":"https:\/\/www.europesays.com\/fr\/wp-json\/wp\/v2\/media?parent=486630"}],"wp:term":[{"taxonomy":"category","embeddable":true,"href":"https:\/\/www.europesays.com\/fr\/wp-json\/wp\/v2\/categories?post=486630"},{"taxonomy":"post_tag","embeddable":true,"href":"https:\/\/www.europesays.com\/fr\/wp-json\/wp\/v2\/tags?post=486630"}],"curies":[{"name":"wp","href":"https:\/\/api.w.org\/{rel}","templated":true}]}}