{"id":486632,"date":"2025-10-24T11:26:16","date_gmt":"2025-10-24T11:26:16","guid":{"rendered":"https:\/\/www.europesays.com\/fr\/486632\/"},"modified":"2025-10-24T11:26:16","modified_gmt":"2025-10-24T11:26:16","slug":"ce-personnage-phare-va-disparaitre-dan","status":"publish","type":"post","link":"https:\/\/www.europesays.com\/fr\/486632\/","title":{"rendered":"ce personnage phare va dispara\u00eetre dan &#8230;"},"content":{"rendered":"<p>EN BREF<\/p>\n<ul class=\"bloc_resume_post_list\">\n<li>La saison 22 de Grey\u00a0\u00bbs Anatomy a d\u00e9marr\u00e9 aux Etats-Unis,<br \/>\net elle est d\u00e9j\u00e0 pleine de surprises.<\/li>\n<li>Dans le deuxi\u00e8me \u00e9pisode de la saison, on apprend qu&rsquo;un<br \/>\ndes personnages phares de la s\u00e9rie va s&rsquo;absenter pendant plusieurs<br \/>\n\u00e9pisodes.<\/li>\n<li>En plus des raisons sc\u00e9naristiques, une autre explication<br \/>\nse cache derri\u00e8re cette d\u00e9cision.<\/li>\n<\/ul>\n<p>Avant toute chose, <strong>attention aux spoilers sur la saison<br \/>\n22 de Grey\u2019s Anatomy<\/strong> dans la suite. La <a href=\"https:\/\/www.telestar.fr\/serie_tv\/eric-dane-atteint-de-la-maladie-de-charcot-la-star-de-greys-anatomy-decroche-un-role-dans-une-autre-serie-medicale-1742494\" target=\"_blank\" rel=\"noopener\"><br \/>\ns\u00e9rie m\u00e9dicale<\/a> cr\u00e9\u00e9e par Shonda Rhimes a repris cet automne aux<br \/>\nEtats-Unis, mais aucune date de diffusion sur TF1 n\u2019a pour le<br \/>\nmoment \u00e9t\u00e9 communiqu\u00e9e. Si on peut s\u2019attendre \u00e0 ce que la s\u00e9rie<br \/>\nrevienne au printemps 2026, cela signifie qu\u2019il va falloir prendre<br \/>\nson mal en patience un certain moment avant de retrouver Meredith<br \/>\n(<a href=\"https:\/\/www.telestar.fr\/serie_tv\/largent-que-je-merite-la-veritable-raison-pour-laquelle-ellen-pompeo-continue-greys-anatomy-1719034\" rel=\"noopener\" target=\"_blank\">Ellen Pompeo<\/a>) et les autres. Alors qu\u2019on en disait plus<br \/>\nsur le premier \u00e9pisode de la prochaine saison et sur le personnage<br \/>\nqui n\u2019y a <a href=\"https:\/\/www.telestar.fr\/serie_tv\/grey_s_anatomy\/greys-anatomy-spoiler-on-sait-enfin-qui-meurt-dans-la-nouvelle-saison-et-cest-une-surprise-totale-1741498\" target=\"_blank\" rel=\"noopener\"><br \/>\npas surv\u00e9cu<\/a>\u00a0il y a peu,\u00a0 c\u2019est encore une mauvaise<br \/>\nnouvelle qu\u2019on va annoncer aux plus curieuses et curieux.<\/p>\n<p>Dans le deuxi\u00e8me \u00e9pisode de la saison 22 de <a href=\"https:\/\/www.telestar.fr\/serie_tv\/grey_s_anatomy\/greys-anatomy-saison-22-spoiler-la-nouvelle-bande-annonce-est-sortie-et-semble-confirmer-la-mort-de-ce-personnage-1740121\" target=\"_blank\" rel=\"noopener\"><br \/>\nGrey\u2019s Anatomy<\/a>\u00a0&#8211; qui marque le 450e \u00e9pisode de la s\u00e9rie &#8211;<br \/>\nles m\u00e9decins du Grey Sloan Memorial Hospital subissent les<br \/>\nretomb\u00e9es de <a href=\"https:\/\/www.telestar.fr\/serie_tv\/greys-anatomy-saison-22-spoiler-voila-tous-les-personnages-qui-ont-survecu-a-lexplosion-1740173\" target=\"_blank\" rel=\"noopener\"><br \/>\nl\u2019explosion<\/a> qui a tu\u00e9 le docteur Beltran (Natalie Morales).<br \/>\nPour Amelia (Caterina Scorsone), la situation est plus que<br \/>\ncompliqu\u00e9e puisqu\u2019elle s\u2019estime responsable de l\u2019explosion. C\u2019est<br \/>\nnotamment la raison pour laquelle elle va voir Richard (James<br \/>\nPickens Jr.) \u00e0 la fin de l\u2019\u00e9pisode pour lui faire une grande<br \/>\nannonce. <strong>Elle d\u00e9cide de prendre un cong\u00e9<br \/>\nsabbatique<\/strong> \u00e0 dur\u00e9e ind\u00e9termin\u00e9e.<\/p>\n<p>Grey\u2019s Anatomy : Amelia Shepherd prend une grosse d\u00e9cision<\/p>\n<p>Cette d\u00e9cision signifie qu\u2019<strong>Amelia ne sera pas dans les<br \/>\nprochains \u00e9pisodes de la saison 22 de Grey\u2019s Anatomy<\/strong>, mais<br \/>\npas de panique. La premi\u00e8re chose \u00e0 savoir est qu\u2019elle va revenir<br \/>\navant la fin de la saison. La deuxi\u00e8me chose est que cette d\u00e9cision<br \/>\nfait partie du nouveau contrat de l\u2019actrice. Comme tous les anciens<br \/>\nde la s\u00e9rie, Caterina Scorsone a vu son nombre d\u2019\u00e9pisodes diminuer<br \/>\ndans les saisons 21 et 22 pour des raisons financi\u00e8res.<\/p>\n<p>Les stars de la s\u00e9rie co\u00fbtent plus cher, et <strong>la<br \/>\nproduction de Grey\u2019s Anatomy a donc d\u00e9cid\u00e9 de r\u00e9duire leurs<br \/>\n\u00e9pisodes<\/strong>, les faisant appara\u00eetre dans 14 des 18 \u00e9pisodes<br \/>\nde la saison. Si g\u00e9n\u00e9ralement ces absences sont diss\u00e9min\u00e9es de<br \/>\nfa\u00e7on \u00e0 ne pas \u00eatre remarqu\u00e9es, le contrat de Caterina Scorsone ne<br \/>\nla fait appara\u00eetre que dans 10 \u00e9pisodes de la saison 22.<\/p>\n<p>Elle sera absente pendant 8<br \/>\n\u00e9pisodes<\/p>\n<p>Et il semblerait que cette fois, les sc\u00e9naristes aient d\u00e9cid\u00e9<br \/>\nd\u2019<strong>encha\u00eener toutes les absences de l\u2019actrice<\/strong> et de<br \/>\njustifier cela par une intrigue coh\u00e9rente avec ce qu\u2019Amelia<br \/>\ntraverse. La neurochirurgienne va donc quitter Seattle pendant<br \/>\nquelque temps. Mais selon les sources de <a href=\"https:\/\/deadline.com\/2025\/10\/greys-anatomy-catarina-scorsone-amelia-hiatus-return-1236589898\/\" rel=\"nofollow noopener\" target=\"_blank\">Deadline<\/a>, elle sera bien de retour en 2026<br \/>\nlorsque Grey\u2019s Anatomy reviendra de sa pause hivernale.<\/p>\n","protected":false},"excerpt":{"rendered":"EN BREF La saison 22 de Grey\u00a0\u00bbs Anatomy a d\u00e9marr\u00e9 aux Etats-Unis, et elle est d\u00e9j\u00e0 pleine de&hellip;\n","protected":false},"author":2,"featured_media":486633,"comment_status":"","ping_status":"","sticky":false,"template":"","format":"standard","meta":{"footnotes":""},"categories":[1356],"tags":[548,58,16343,59,1011,27,6885,252,1364],"class_list":{"0":"post-486632","1":"post","2":"type-post","3":"status-publish","4":"format-standard","5":"has-post-thumbnail","7":"category-television","8":"tag-article-simple","9":"tag-divertissement","10":"tag-ellen-pompeo","11":"tag-entertainment","12":"tag-fr","13":"tag-france","14":"tag-greys-anatomy","15":"tag-television","16":"tag-tv"},"share_on_mastodon":{"url":"https:\/\/pubeurope.com\/@fr\/115428903114342325","error":""},"_links":{"self":[{"href":"https:\/\/www.europesays.com\/fr\/wp-json\/wp\/v2\/posts\/486632","targetHints":{"allow":["GET"]}}],"collection":[{"href":"https:\/\/www.europesays.com\/fr\/wp-json\/wp\/v2\/posts"}],"about":[{"href":"https:\/\/www.europesays.com\/fr\/wp-json\/wp\/v2\/types\/post"}],"author":[{"embeddable":true,"href":"https:\/\/www.europesays.com\/fr\/wp-json\/wp\/v2\/users\/2"}],"replies":[{"embeddable":true,"href":"https:\/\/www.europesays.com\/fr\/wp-json\/wp\/v2\/comments?post=486632"}],"version-history":[{"count":0,"href":"https:\/\/www.europesays.com\/fr\/wp-json\/wp\/v2\/posts\/486632\/revisions"}],"wp:featuredmedia":[{"embeddable":true,"href":"https:\/\/www.europesays.com\/fr\/wp-json\/wp\/v2\/media\/486633"}],"wp:attachment":[{"href":"https:\/\/www.europesays.com\/fr\/wp-json\/wp\/v2\/media?parent=486632"}],"wp:term":[{"taxonomy":"category","embeddable":true,"href":"https:\/\/www.europesays.com\/fr\/wp-json\/wp\/v2\/categories?post=486632"},{"taxonomy":"post_tag","embeddable":true,"href":"https:\/\/www.europesays.com\/fr\/wp-json\/wp\/v2\/tags?post=486632"}],"curies":[{"name":"wp","href":"https:\/\/api.w.org\/{rel}","templated":true}]}}