{"id":486634,"date":"2025-10-24T11:27:10","date_gmt":"2025-10-24T11:27:10","guid":{"rendered":"https:\/\/www.europesays.com\/fr\/486634\/"},"modified":"2025-10-24T11:27:10","modified_gmt":"2025-10-24T11:27:10","slug":"ca-te-vieillit-jenifer-attaquee-sur-son-physique-par-une-personnalite-ca-va-loin","status":"publish","type":"post","link":"https:\/\/www.europesays.com\/fr\/486634\/","title":{"rendered":"\u201c\u00c7a te vieillit !\u201d : Jenifer attaqu\u00e9e sur son physique par une personnalit\u00e9, \u00e7a va loin"},"content":{"rendered":"<p data-start=\"194\" data-end=\"875\"><a href=\"https:\/\/www.closermag.fr\/people\/jenifer-le-pere-de-son-fils-joseph-partage-de-rarissimes-photos-du-garcon-de-11-ans-qui-seclate-en-corse-3572836\" target=\"_blank\" rel=\"noopener\"><br \/>\nJenifer<\/a> n\u2019en finit pas de surprendre. Passionn\u00e9e de cosm\u00e9tiques<br \/>\ndepuis ses d\u00e9buts, la chanteuse vient d\u2019\u00eatre choisie par la marque<br \/>\nbritannique <a href=\"https:\/\/www.closermag.fr\/people\/celine-dion-au-plus-mal-ce-retour-quelle-prepare-mais-tres-loin-de-la-musique-3578055https:\/\/www.closermag.fr\/people\/celine-dion-au-plus-mal-ce-retour-quelle-prepare-mais-tres-loin-de-la-musique-3578055\" target=\"_blank\" rel=\"noopener\"><br \/>\n<strong data-start=\"337\" data-end=\"358\">Charlotte<br \/>\nTilbury<\/strong><\/a> pour devenir sa premi\u00e8re \u00e9g\u00e9rie fran\u00e7aise, un<br \/>\nchoix qui confirme sa place privil\u00e9gi\u00e9e dans l\u2019univers de la<br \/>\nbeaut\u00e9.<\/p>\n<p data-start=\"194\" data-end=\"875\">Toujours fid\u00e8le \u00e0 son style, la<br \/>\nstar mise sur un <strong>smoky-eye intense et un teint<br \/>\nvelout\u00e9<\/strong>, devenus au fil du temps sa signature. Sur sc\u00e8ne<br \/>\ncomme dans la vie de tous les jours, la chanteuse affiche un teint<br \/>\nh\u00e2l\u00e9 et lumineux, toujours impeccable, comme fig\u00e9 dans le<br \/>\ntemps.<\/p>\n<p>Jenifer, nouvelle \u00e9g\u00e9rie d\u2019une<br \/>\nmarque prestigieuse<\/p>\n<p data-start=\"175\" data-end=\"715\">R\u00e9cemment, la <a href=\"https:\/\/www.closermag.fr\/people\/je-me-suis-autorisee-a-dire-non-la-relation-compliquee-de-jenifer-avec-son-corps-ca-ne-date-pas-dhier-3497909\" target=\"_blank\" rel=\"noopener\"><br \/>\nchanteuse<\/a> a d\u2019ailleurs partag\u00e9 avec enthousiasme son produit<br \/>\ncoup de c\u0153ur : le fond de teint <strong data-start=\"582\" data-end=\"614\">Airbrush Flawless Foundation<\/strong>. D\u2019apr\u00e8s elle, il<br \/>\ns\u2019agit de l\u2019alli\u00e9 parfait pour un teint lumineux, uniforme et<br \/>\nsurtout \u00ab\u00a0naturel\u00a0\u00bb. Et si son allure semble naturelle, elle<br \/>\nr\u00e9sulte en r\u00e9alit\u00e9 d\u2019une routine beaut\u00e9 minutieuse qu\u2019elle<br \/>\nperfectionne depuis des ann\u00e9es.<\/p>\n<p data-start=\"175\" data-end=\"715\">Mais son apparition maquillage<br \/>\nn\u2019a pas fait l\u2019unanimit\u00e9. Un <a href=\"https:\/\/www.closermag.fr\/beaute\/jenifer-ces-indispensables-beaute-et-make-up-qui-ne-quittent-jamais-son-sac-une-routine-qui-a-fait-ses-preuves-3538465https:\/\/www.closermag.fr\/beaute\/jenifer-ces-indispensables-beaute-et-make-up-qui-ne-quittent-jamais-son-sac-une-routine-qui-a-fait-ses-preuves-3538465\" target=\"_blank\" rel=\"noopener\"><br \/>\ntutoriel beaut\u00e9<\/a> partag\u00e9 r\u00e9cemment par Jenifer a suscit\u00e9 de<br \/>\nvives r\u00e9actions sur les r\u00e9seaux sociaux. Si certains fans ont salu\u00e9<br \/>\nsa collaboration avec Charlotte Tilbury, d\u2019autres ont critiqu\u00e9 le<br \/>\nrendu final, jugeant le maquillage trop marqu\u00e9 ou mal appliqu\u00e9.<\/p>\n<p>Une<br \/>\nd\u00e9monstration qui ne fait pas l\u2019unanimit\u00e9<\/p>\n<p data-start=\"770\" data-end=\"2113\">Mais tout le monde ne partage<br \/>\npas l\u2019avis de la chanteuse. L\u2019influenceur beaut\u00e9<br \/>\n<strong data-start=\"849\" data-end=\"868\">Charly Salvator<\/strong>,<br \/>\nconnu pour ses critiques franches et sans d\u00e9tour, a publi\u00e9 sur<br \/>\nInstagram une vid\u00e9o dans laquelle il remet en question le r\u00e9sultat<br \/>\ndu maquillage de Jenifer. Selon lui, le produit choisi ne flatte<br \/>\npas son teint : \u00ab\u00a0C\u2019est un fond de teint tr\u00e8s couvrant, donc<br \/>\nm\u00eame avec une seule pompe, tu vas voir le r\u00e9sultat : du pl\u00e2tre. En<br \/>\nplus, \u00e7a tire sur le jaune \u00e0 cause de la concentration de pigments.<br \/>\n\u00c7a marque tous les traits et <strong>\u00e7a te vieillit<\/strong>\u00ab\u00a0,<br \/>\na-t-il expliqu\u00e9.<\/p>\n<p data-start=\"770\" data-end=\"2113\">L\u2019influenceur a ensuite<br \/>\nprodigu\u00e9 quelques conseils pour un rendu plus harmonieux : \u00ab\u00a0Une<br \/>\npompe suffit. Utilise <strong>un pinceau souple<\/strong>, pas dur,<br \/>\ncar plus il sera dense, plus il couvrira. Imbibe-le et applique<br \/>\navec des mouvements tr\u00e8s l\u00e9gers sur tout le visage.\u00a0\u00bb En clair,<br \/>\ntout repose sur la technique d\u2019application. D\u2019apr\u00e8s lui, Jenifer<br \/>\naurait encore \u00ab\u00a0quelques progr\u00e8s \u00e0 faire\u00a0\u00bb pour \u00e9viter<br \/>\nl\u2019effet \u00ab\u00a0<strong>truelle<\/strong>\u00ab\u00a0. Une opinion largement<br \/>\npartag\u00e9e dans les commentaires : \u00ab\u00a0Incroyable comme<br \/>\nl&rsquo;application est importante, merci Charly\u00a0\u00bb.<\/p>\n","protected":false},"excerpt":{"rendered":"Jenifer n\u2019en finit pas de surprendre. Passionn\u00e9e de cosm\u00e9tiques depuis ses d\u00e9buts, la chanteuse vient d\u2019\u00eatre choisie par&hellip;\n","protected":false},"author":2,"featured_media":486635,"comment_status":"","ping_status":"","sticky":false,"template":"","format":"standard","meta":{"footnotes":""},"categories":[1355],"tags":[58,59,1011,27,3284,1361,873],"class_list":{"0":"post-486634","1":"post","2":"type-post","3":"status-publish","4":"format-standard","5":"has-post-thumbnail","7":"category-musique","8":"tag-divertissement","9":"tag-entertainment","10":"tag-fr","11":"tag-france","12":"tag-jenifer","13":"tag-music","14":"tag-musique"},"share_on_mastodon":{"url":"https:\/\/pubeurope.com\/@fr\/115428907192644601","error":""},"_links":{"self":[{"href":"https:\/\/www.europesays.com\/fr\/wp-json\/wp\/v2\/posts\/486634","targetHints":{"allow":["GET"]}}],"collection":[{"href":"https:\/\/www.europesays.com\/fr\/wp-json\/wp\/v2\/posts"}],"about":[{"href":"https:\/\/www.europesays.com\/fr\/wp-json\/wp\/v2\/types\/post"}],"author":[{"embeddable":true,"href":"https:\/\/www.europesays.com\/fr\/wp-json\/wp\/v2\/users\/2"}],"replies":[{"embeddable":true,"href":"https:\/\/www.europesays.com\/fr\/wp-json\/wp\/v2\/comments?post=486634"}],"version-history":[{"count":0,"href":"https:\/\/www.europesays.com\/fr\/wp-json\/wp\/v2\/posts\/486634\/revisions"}],"wp:featuredmedia":[{"embeddable":true,"href":"https:\/\/www.europesays.com\/fr\/wp-json\/wp\/v2\/media\/486635"}],"wp:attachment":[{"href":"https:\/\/www.europesays.com\/fr\/wp-json\/wp\/v2\/media?parent=486634"}],"wp:term":[{"taxonomy":"category","embeddable":true,"href":"https:\/\/www.europesays.com\/fr\/wp-json\/wp\/v2\/categories?post=486634"},{"taxonomy":"post_tag","embeddable":true,"href":"https:\/\/www.europesays.com\/fr\/wp-json\/wp\/v2\/tags?post=486634"}],"curies":[{"name":"wp","href":"https:\/\/api.w.org\/{rel}","templated":true}]}}