{"id":486651,"date":"2025-10-24T11:37:09","date_gmt":"2025-10-24T11:37:09","guid":{"rendered":"https:\/\/www.europesays.com\/fr\/486651\/"},"modified":"2025-10-24T11:37:09","modified_gmt":"2025-10-24T11:37:09","slug":"saint-etienne-il-seme-lalpine-des-gendarmes-sur-la7-un-banal-controle-le-fait-tomber","status":"publish","type":"post","link":"https:\/\/www.europesays.com\/fr\/486651\/","title":{"rendered":"Saint-Etienne. Il s\u00e8me l&rsquo;Alpine des gendarmes sur l&rsquo;A7, un banal contr\u00f4le le fait tomber"},"content":{"rendered":"<p>            Par<br \/>\n        <strong><br \/>\n            <a href=\"https:\/\/actu.fr\/auteur\/mathias-souteyrat\" title=\"Consulter tous les articles de Mathias Souteyrat\" target=\"_blank\" rel=\"noopener\">Mathias Souteyrat<\/a><br \/>\n        <\/strong><\/p>\n<p>        Publi\u00e9 le<\/p>\n<p>            24 oct. 2025 \u00e0 11h14        <\/p>\n<p>C\u2019est un simple contr\u00f4le d\u2019identit\u00e9 le 21\u00a0octobre place Jacquard \u00e0 <a href=\"https:\/\/actu.fr\/saint-etienne\/\" target=\"_blank\" rel=\"noopener\">Saint-Etienne<\/a> (Loire) qui a permis \u00e0 la justice de mettre la main sur un fou du volant. Tout remonte, il y a plus d\u2019un an.<\/p>\n<p class=\" wall-content\">Le 15 ao\u00fbt 2024, un conducteur est intercept\u00e9 sur l\u2019<a href=\"https:\/\/actu.fr\/tag\/autoroute-7-a7\" target=\"_blank\" rel=\"noopener\">autoroute A7<\/a> au volant de son Audi RS \u00e0 <strong>la vitesse de 174\u00a0km\/h, peu apr\u00e8s Bourg-l\u00e8s-Valence<\/strong> (<a href=\"https:\/\/actu.fr\/drome\/\" target=\"_blank\" rel=\"noopener\">Dr\u00f4me<\/a>), comme le r\u00e9v\u00e8lent nos confr\u00e8res du <a href=\"https:\/\/www.leprogres.fr\/faits-divers-justice\/2025\/10\/23\/plus-d-un-an-apres-un-grand-exces-de-vitesse-sur-l-a7-il-est-retrouve-et-interpelle-a-saint-etienne\" target=\"_blank\" rel=\"noopener\">Progr\u00e8s<\/a>.<\/p>\n<p>Les gendarmes en Alpine stoppent la course-poursuite<\/p>\n<p class=\" wall-content\">Mais l\u2019homme ne suit pas les forces de l\u2019ordre jusqu\u2019\u00e0 l\u2019aire de repos et prend la fuite en direction de Marseille, prenant tous les risques.<\/p>\n<p class=\" wall-content\">Les gendarmes, en Alpine A110, stoppent m\u00eame la course-poursuite car la situation est devenue trop dangereuse. <strong>Le chauffard roulant \u00e0 plus de 220\u00a0km\/h<\/strong>, nous rapporte la police st\u00e9phanoise.<\/p>\n<p>Une fiche de recherches<\/p>\n<p class=\" wall-content\">Le mardi 21\u00a0octobre, les policiers de la Brigade sp\u00e9cialis\u00e9e de terrain (BST) effectuent des contr\u00f4les d\u2019identit\u00e9 sur la place Jacquard \u00e0 Saint-Etienne. Ils arr\u00eatent <strong>un St\u00e9phanois \u00e2g\u00e9 de 30\u00a0ans<\/strong>, qui fait l\u2019objet d\u2019une fiche de recherches pour les faits racont\u00e9s ci-dessus.<\/p>\n<p class=\" wall-content\">Il est plac\u00e9 en garde \u00e0 vue. Le Lig\u00e9rien sera convoqu\u00e9 devant la justice valentinoise pour le refus d\u2019obtemp\u00e9rer, circulation sur la bande d\u2019arr\u00eat d\u2019urgence, d\u00e9passement par la droite, d\u00e9faut d\u2019assurance et d\u00e9faut de permis de conduire.<\/p>\n<p class=\" wall-content\">Personnalisez votre actualit\u00e9 en ajoutant vos villes et m\u00e9dias en favori avec <a href=\"https:\/\/moncompte.actu.fr\" title=\"D\u00e9couvez Mon Actu\" rel=\"nofollow noopener\" data-trk=\"{&quot;cta&quot;:{&quot;action&quot;:&quot;https:\\\/\\\/moncompte.actu.fr&quot;,&quot;category&quot;:&quot;mon compte&quot;,&quot;from&quot;:&quot;article footer&quot;,&quot;name&quot;:&quot;Mon actu&quot;,&quot;type&quot;:&quot;cta&quot;}}\" target=\"_blank\">Mon Actu<\/a>.<\/p>\n","protected":false},"excerpt":{"rendered":"Par Mathias Souteyrat Publi\u00e9 le 24 oct. 2025 \u00e0 11h14 C\u2019est un simple contr\u00f4le d\u2019identit\u00e9 le 21\u00a0octobre place&hellip;\n","protected":false},"author":2,"featured_media":486652,"comment_status":"","ping_status":"","sticky":false,"template":"","format":"standard","meta":{"footnotes":""},"categories":[9653],"tags":[1111,11,6423,2430,1777,674,5915,118,1011,27,3381,12,25,4001],"class_list":{"0":"post-486651","1":"post","2":"type-post","3":"status-publish","4":"format-standard","5":"has-post-thumbnail","7":"category-saint-etienne","8":"tag-actu","9":"tag-actualites","10":"tag-autoroute-7-a7","11":"tag-auvergne-rhone-alpes","12":"tag-eu","13":"tag-europe","14":"tag-exces-de-vitesse","15":"tag-faits-divers","16":"tag-fr","17":"tag-france","18":"tag-gendarmerie","19":"tag-news","20":"tag-republique-francaise","21":"tag-saint-etienne"},"share_on_mastodon":{"url":"https:\/\/pubeurope.com\/@fr\/115428946395462096","error":""},"_links":{"self":[{"href":"https:\/\/www.europesays.com\/fr\/wp-json\/wp\/v2\/posts\/486651","targetHints":{"allow":["GET"]}}],"collection":[{"href":"https:\/\/www.europesays.com\/fr\/wp-json\/wp\/v2\/posts"}],"about":[{"href":"https:\/\/www.europesays.com\/fr\/wp-json\/wp\/v2\/types\/post"}],"author":[{"embeddable":true,"href":"https:\/\/www.europesays.com\/fr\/wp-json\/wp\/v2\/users\/2"}],"replies":[{"embeddable":true,"href":"https:\/\/www.europesays.com\/fr\/wp-json\/wp\/v2\/comments?post=486651"}],"version-history":[{"count":0,"href":"https:\/\/www.europesays.com\/fr\/wp-json\/wp\/v2\/posts\/486651\/revisions"}],"wp:featuredmedia":[{"embeddable":true,"href":"https:\/\/www.europesays.com\/fr\/wp-json\/wp\/v2\/media\/486652"}],"wp:attachment":[{"href":"https:\/\/www.europesays.com\/fr\/wp-json\/wp\/v2\/media?parent=486651"}],"wp:term":[{"taxonomy":"category","embeddable":true,"href":"https:\/\/www.europesays.com\/fr\/wp-json\/wp\/v2\/categories?post=486651"},{"taxonomy":"post_tag","embeddable":true,"href":"https:\/\/www.europesays.com\/fr\/wp-json\/wp\/v2\/tags?post=486651"}],"curies":[{"name":"wp","href":"https:\/\/api.w.org\/{rel}","templated":true}]}}