{"id":486662,"date":"2025-10-24T11:43:11","date_gmt":"2025-10-24T11:43:11","guid":{"rendered":"https:\/\/www.europesays.com\/fr\/486662\/"},"modified":"2025-10-24T11:43:11","modified_gmt":"2025-10-24T11:43:11","slug":"fumer-tue-alors-si-vous-voulez-echapper-a-un-cancer-suivez-le-defi-mois-sans-tabac","status":"publish","type":"post","link":"https:\/\/www.europesays.com\/fr\/486662\/","title":{"rendered":"\u00ab\u00a0fumer tue\u00a0\u00bb, alors si vous voulez \u00e9chapper \u00e0 un cancer, suivez le d\u00e9fi Mois sans tabac"},"content":{"rendered":"<p>            Par<br \/>\n        <strong><br \/>\n            <a href=\"https:\/\/actu.fr\/auteur\/metropoop\" title=\"Consulter tous les articles de R\u00e9daction M\u00e9tropolitain\" rel=\"nofollow noopener\" target=\"_blank\">R\u00e9daction M\u00e9tropolitain<\/a><br \/>\n        <\/strong><\/p>\n<p>        Publi\u00e9 le<\/p>\n<p>            24 oct. 2025 \u00e0 13h32        <\/p>\n<p>Novembre 2025 marquera la dixi\u00e8me e\u0301dition de la <strong>campagne nationale Mois sans tabac<\/strong>, un de\u0301fi collectif propose\u0301 chaque anne\u0301e a\u0300 tous les fumeurs souhaitant arre\u0302ter le tabac, avec un accompagnement gratuit, personnalise\u0301 et bienveillant. Un enjeu de sante\u0301 majeur en Occitanie. <strong>Le Village Mois sans tabac<\/strong> est install\u00e9 ce vendredi et ce samedi dans l\u2019\u00c9cusson, \u00e0 <strong>Montpellier.<\/strong><\/p>\n<p class=\" wall-content\">En France, pre\u0300s de 12 millions d\u2019adultes fument quotidiennement. En<strong> Occitanie<\/strong>, ce sont 1,2 million de fumeurs quotidiens, soit une des re\u0301gions les plus concerne\u0301es par le tabagisme. Pourtant, pre\u0300s de six fumeurs sur dix de\u0301clarent vouloir arre\u0302ter. La campagne Mois sans tabac leur offre une opportunite\u0301 concre\u0300te et motivante pour franchir le cap.<\/p>\n<p class=\" wall-content\">Arre\u0302ter de fumer pendant un mois, c\u2019est cinq fois plus de chances d\u2019arre\u0302ter de\u0301finitivement. Depuis 2016, plus de 1,4 million de fumeurs ont tente\u0301 l\u2019expe\u0301rience partout en France. Les be\u0301ne\u0301fices pour la sante\u0301 publique sont conside\u0301rables : en arre\u0302tant collectivement le tabac, on peut pre\u0301venir des dizaines de milliers de cas de cancers, de BPCO (bronchopneumopathie chronique obstructive) ou d\u2019infections respiratoires graves.<\/p>\n<p>Des outils gratuits et personnalise\u0301s pour re\u0301ussir<\/p>\n<p class=\" wall-content\">Mois sans tabac, c\u2019est un accompagnement complet mis a\u0300 disposition des participants \u00a0: inscription sur <a href=\"http:\/\/tabac-info-service.fr,\" rel=\"nofollow\">tabac-info-service.fr,<\/a> application Tabac Info Service, avec coaching quotidien, nume\u0301ro d\u2019aide 39 89 pour un suivi personnalise\u0301, kit d\u2019aide a\u0300 l\u2019arre\u0302t, disponible gratuitement, professionnels de sante\u0301 mobilise\u0301s : me\u0301decins, tabacologues, pharmaciens, infirmiers.<\/p>\n<p>Ensemble pour une re\u0301gion sans tabac<\/p>\n<p class=\" wall-content\">Cette dixi\u00e8me e\u0301dition marque un tournant : \u00ab\u00a0plus qu\u2019un de\u0301fi, Mois sans tabac devient un ve\u0301ritable mouvement collectif pour prote\u0301ger la sante\u0301 de tous. L\u2019arre\u0302t du tabac ne se fait pas seul : c\u2019est entoure\u0301, accompagne\u0301 et encourage\u0301 que le de\u0301fi est releve\u0301 avec succe\u0300s\u00a0\u00bb, rel\u00e8ve l\u2019<strong>Agence r\u00e9gionale de sant\u00e9<\/strong> -ARS Occitanie- bas\u00e9e \u00e0 Montpellier.<\/p>\n<p>Vid\u00e9os : en ce moment sur ActuUne campagne relaye\u0301e a\u0300 grande e\u0301chelle<\/p>\n<p class=\" wall-content\">L\u2019e\u0301dition 2025 be\u0301ne\u0301ficie a\u0300 nouveau d\u2019un dispositif national de grande ampleur, avec une campagne TV, radio, digitale et en pharmacie, porte\u0301e notamment par l\u2019animateur <strong>E\u0301ric Antoine<\/strong>, ambassadeur engage\u0301 dans l\u2019e\u0301mission \u00ab La France a un incroyable talent \u00bb.<br \/>Les Villages Mois sans tabac viennent a\u0300 votre rencontre en octobre et novembre<br \/>Pour aller a\u0300 la rencontre des fumeurs, la tourne\u0301e re\u0301gionale des Villages Mois sans tabac sera de retour dans toute l\u2019Occitanie a\u0300 l\u2019automne. D\u2019octobre a\u0300 novembre 2025, des stands d\u2019information, des animations, des entretiens gratuits avec des tabacologues et des conseils personnalise\u0301s seront propose\u0301s dans de nombreuses communes.<\/p>\n<p class=\" wall-content\">Ces actions sont organise\u0301es par l\u2019Agence re\u0301gionale de sante\u0301 Occitanie, Epidaure (Institut du Cancer de Montpellier), Promotion Sante\u0301 Occitanie, les collectivite\u0301s locales et les nombreux partenaires re\u0301gionaux de la lutte contre le tabagisme.<\/p>\n<p>Votre r\u00e9gion, votre actu !<\/p>\n<p>Recevez chaque jour les infos qui comptent pour vous.<\/p>\n<p>\t<a href=\"https:\/\/actu.fr\/newsletter\" class=\"ac-btn ac-btn--corner ac-btn--medium ac-btn--blue800\" rel=\"nofollow noopener\" target=\"_blank\">S&rsquo;incrire<\/a><\/p>\n<p>    <img   decoding=\"async\" loading=\"lazy\" src=\"https:\/\/www.europesays.com\/fr\/wp-content\/uploads\/2025\/10\/4b7eb9fd2f2866f7eb9fd2f28538ebv-960x640.jpg\" alt=\"Plusieurs personnes ont \u00e9t\u00e9 mises en examen apr\u00e8s la d\u00e9couverte d'une manufacture ill\u00e9gale de fabrication de cigarettes. Les faits ont eu lieu \u00e0 Roubaix.\" width=\"960\" height=\"640\"\/><br \/>\n    \u00ab\u00a0Fumer tue\u00a0\u00bb et \u00ab\u00a0fumer provoque le cancer\u00a0\u00bb\u00a0(\u00a9Illustration\/Pixabay)Deux jours de rendez-vous<\/p>\n<p class=\" wall-content\">Le Village Mois sans tabac fait \u00e9tape \u00e0 <strong>Montpellier<\/strong>\u00a0ce vendredi 24 novembre et ce samedi 25 novembre 2025 dans la rue de la Loge, pr\u00e8s de la place de la Com\u00e9die, o\u00f9 des professionnels accueillent les visiteurs. Dans le pass\u00e9, un tramway de la M\u00e9tropole de Montpellier a e\u0301te\u0301 entie\u0300rement floque\u0301 aux couleurs de Mois sans tabac et a ensuite circule\u0301 sur les quatre lignes de la ville.<\/p>\n<p class=\" wall-content\">La barre des 100 000 inscrits depuis le de\u0301but de la campagne est atteinte en re\u0301gion Occitanie, avec cette ann\u00e9e une extension des zones sans tabac. Depuis le\u00a01er juillet, en effet, de nombreux espaces publics exte\u0301rieurs, tels que les plages, les parcs, les jardins publics, les aires scolaires, les abribus et les installations sportives sont devenues des zones sans tabac.<\/p>\n<p class=\" wall-content\">Le tabagisme peut tuer.\u00a0En Occitanie, les cancers sont la premie\u0300re cause de de\u0301ce\u0300s attribuables au tabagisme (61,1% des de\u0301ce\u0300s annuels attribuables au tabac), suivis des maladies cardiovasculaires qui sont responsables de 22,6 % des de\u0301ce\u0300s.<br \/>Ces tendances se retrouvent chez les hommes et chez les femmes, avec des causes principales similaires pour les de\u0301ce\u0300s lie\u0301s au tabagisme. Toutefois, il est a\u0300 noter que les cancers sont plus fre\u0301quents chez les hommes que chez les femmes, contribuant respectivement a\u0300 64,8 % et 51,1 % des de\u0301ce\u0300s attribuables au tabac. En revanche, les femmes pre\u0301sentent des taux le\u0301ge\u0300rement plus e\u0301leve\u0301s de de\u0301ce\u0300s attribuables au tabagisme lie\u0301s aux maladies cardiovasculaires (28,0 % contre 20,5 % chez les hommes) et aux maladies respiratoires chroniques (15,7 % contre 12,1 % chez les hommes).<\/p>\n<p class=\" wall-content\">\u00ab\u00a0Dans la continuite\u0301 des anne\u0301es pre\u0301ce\u0301dentes mais de fac\u0327on encore plus marque\u0301e, les ventes de traitements d\u2019aide au sevrage du tabac \u2014 traitements nicotiniques de substitution (TNS) \u2014 re\u0301alise\u0301es en pharmacie enregistrent une augmentation de 12,8 % en 2023 par rapport a\u0300 2022 : 8 301 555 ventes en \u00ab e\u0301quivalents mois de traitement \u00bb.\u00a0Depuis 2019, les volumes vendus ont ainsi augmente\u0301 de 44 %, tendance favorise\u0301e par l\u2019ensemble des politiques publiques qui incitent a\u0300 la sortie du tabagisme\u00a0\u00bb, indique l\u2019ARS Occitanie.<\/p>\n<p class=\" wall-content\">Lance\u0301 par le Ministe\u0300re de la Sante\u0301 et de la Pre\u0301vention et Sante\u0301 publique France en 2016, en partenariat avec l\u2019Assurance Maladie, #MoisSansTabac mise sur la force d\u2019une mobilisation collective en incitant les fumeurs a\u0300 arre\u0302ter de fumer tous ensemble pendant 30 jours, au mois de novembre. Afin de les pre\u0301parer a\u0300 l\u2019arre\u0302t du tabac, la campagne de sensibilisation de\u0301marre en octobre.<\/p>\n<p class=\" wall-content\">Cette ope\u0301ration s\u2019appuie sur des messages positifs mettant en avant les avantages de l\u2019arre\u0302t du tabac pluto\u0302t que les risques du tabagisme. Sur un ton bienveillant et non culpabilisant, la campagne encourage aussi le partage d\u2019expe\u0301riences entre les participants. Chaque anne\u0301e, la campagne rencontre un franc succe\u0300s aupre\u0300s des fumeurs, quelles que soient les cate\u0301gories sociales.\u00a0<\/p>\n<p class=\" wall-content\">Depuis le lancement de cette op\u00e9ration de pr\u00e9vention et de lutte contre les ravages du tabac, de nombreuses structures diffe\u0301rentes contribuent a\u0300 sa mise en \u0153uvre : les institutions, les e\u0301tablissements de sante\u0301, les associations, les e\u0301tablissements scolaires ou encore les entreprises se mobilisent pour sensibiliser les usagers, e\u0301le\u0300ves, salarie\u0301s et les publics les plus e\u0301loigne\u0301s du syste\u0300me de sante\u0301 et de pre\u0301vention.<\/p>\n<p>&gt; Les infos du Mois sans tabac \u00e0 Montpellier, c\u2019est<a href=\"https:\/\/www.occitanie.ars.sante.fr\" rel=\"nofollow noopener\" target=\"_blank\"> ici<\/a><\/p>\n<p class=\" wall-content\">Personnalisez votre actualit\u00e9 en ajoutant vos villes et m\u00e9dias en favori avec <a href=\"https:\/\/moncompte.actu.fr\" title=\"D\u00e9couvez Mon Actu\" rel=\"nofollow noopener\" data-trk=\"{&quot;cta&quot;:{&quot;action&quot;:&quot;https:\\\/\\\/moncompte.actu.fr&quot;,&quot;category&quot;:&quot;mon compte&quot;,&quot;from&quot;:&quot;article footer&quot;,&quot;name&quot;:&quot;Mon actu&quot;,&quot;type&quot;:&quot;cta&quot;}}\" target=\"_blank\">Mon Actu<\/a>.<\/p>\n","protected":false},"excerpt":{"rendered":"Par R\u00e9daction M\u00e9tropolitain Publi\u00e9 le 24 oct. 2025 \u00e0 13h32 Novembre 2025 marquera la dixi\u00e8me e\u0301dition de la&hellip;\n","protected":false},"author":2,"featured_media":486663,"comment_status":"","ping_status":"","sticky":false,"template":"","format":"standard","meta":{"footnotes":""},"categories":[9599],"tags":[1111,11,1777,674,1011,27,2208,12,2680,25,71,104,6582],"class_list":{"0":"post-486662","1":"post","2":"type-post","3":"status-publish","4":"format-standard","5":"has-post-thumbnail","7":"category-montpellier","8":"tag-actu","9":"tag-actualites","10":"tag-eu","11":"tag-europe","12":"tag-fr","13":"tag-france","14":"tag-montpellier","15":"tag-news","16":"tag-occitanie","17":"tag-republique-francaise","18":"tag-sante","19":"tag-societe","20":"tag-tabac"},"share_on_mastodon":{"url":"https:\/\/pubeurope.com\/@fr\/115428970581246250","error":""},"_links":{"self":[{"href":"https:\/\/www.europesays.com\/fr\/wp-json\/wp\/v2\/posts\/486662","targetHints":{"allow":["GET"]}}],"collection":[{"href":"https:\/\/www.europesays.com\/fr\/wp-json\/wp\/v2\/posts"}],"about":[{"href":"https:\/\/www.europesays.com\/fr\/wp-json\/wp\/v2\/types\/post"}],"author":[{"embeddable":true,"href":"https:\/\/www.europesays.com\/fr\/wp-json\/wp\/v2\/users\/2"}],"replies":[{"embeddable":true,"href":"https:\/\/www.europesays.com\/fr\/wp-json\/wp\/v2\/comments?post=486662"}],"version-history":[{"count":0,"href":"https:\/\/www.europesays.com\/fr\/wp-json\/wp\/v2\/posts\/486662\/revisions"}],"wp:featuredmedia":[{"embeddable":true,"href":"https:\/\/www.europesays.com\/fr\/wp-json\/wp\/v2\/media\/486663"}],"wp:attachment":[{"href":"https:\/\/www.europesays.com\/fr\/wp-json\/wp\/v2\/media?parent=486662"}],"wp:term":[{"taxonomy":"category","embeddable":true,"href":"https:\/\/www.europesays.com\/fr\/wp-json\/wp\/v2\/categories?post=486662"},{"taxonomy":"post_tag","embeddable":true,"href":"https:\/\/www.europesays.com\/fr\/wp-json\/wp\/v2\/tags?post=486662"}],"curies":[{"name":"wp","href":"https:\/\/api.w.org\/{rel}","templated":true}]}}