{"id":486664,"date":"2025-10-24T11:44:10","date_gmt":"2025-10-24T11:44:10","guid":{"rendered":"https:\/\/www.europesays.com\/fr\/486664\/"},"modified":"2025-10-24T11:44:10","modified_gmt":"2025-10-24T11:44:10","slug":"montpellier-le-match-all-blacks-xv","status":"publish","type":"post","link":"https:\/\/www.europesays.com\/fr\/486664\/","title":{"rendered":"Montpellier : le match All Blacks XV"},"content":{"rendered":"<p>\nNouvel \u00e9pisode du feuilleton des initimiti\u00e9s entre Michael Delafosse, maire pr\u00e9sident de Montpellier, et Mohed Altrad, pr\u00e9sident du club de rugby montpelli\u00e9rain MHR.<\/p>\n<p>\n\u00a9 DR. Mohed Altrad.<\/p>\n<p>Le pelouse, encore la pelouse. Le 16 novembre prochain, le Septeo stadium (anciennement GGL Stadium), s\u2019appr\u00eatait \u00e0 recevoir l\u2019\u00e9quipe r\u00e9serve des All Blacks XV et l\u2019\u00e9quipe nationale de l\u2019Uruguay pour un match dans le cadre d\u2019un partenariat. Une rencontre qui sera finalement d\u00e9localis\u00e9e \u00e0 B\u00e9ziers en raison de \u00ab\u00a0conditions impos\u00e9es\u00a0\u00bb par la M\u00e9tropole de Montpellier. \u00ab\u00a0Ils demandent notamment que le club assume la responsabilit\u00e9 de la pelouse et qu\u2019il prenne en charge sa remise en \u00e9tat si elle venait \u00e0 \u00eatre d\u00e9t\u00e9rior\u00e9e. Pourquoi en serait-il ainsi alors que le club paie d\u00e9j\u00e0 pour cette pelouse, et que les matchs du Top 14 comme ceux de coupe d\u2019Europe, s\u2019y d\u00e9roulent sans qu\u2019il soit question de cette clause\u00a0\u00bb, fulmine l\u2019homme d\u2019affaires Mohed Altrad, candidat aux municipales de 2020.<\/p>\n<p>\u00ab\u00a0Cette clause servirait-elle \u00e0 faire payer au club la r\u00e9fection d\u2019une pelouse que la m\u00e9tropole, propri\u00e9taire du stade, est cens\u00e9e lui remettre en bon \u00e9tat ?\u00a0\u00bb<\/p>\n<p>Le m\u00eame d\u00e9roule plusieurs questions suspicieuses : \u00ab\u00a0Nous savons tous que la pelouse est en piteux \u00e9tat ; et un match de plus ou de moins n\u2019y changera rien. Alors, cette clause servirait-elle \u00e0 faire payer au club la r\u00e9fection d\u2019une pelouse que la m\u00e9tropole, propri\u00e9taire du stade, est cens\u00e9e lui remettre en bon \u00e9tat ? Servirait-elle \u00e0 donner \u00e0 la m\u00e9tropole comme argument, si la pelouse venait \u00e0 ne pas tenir cet hiver : \u00ab C\u2019est \u00e0 cause du match des All Blacks \u00bb ? Ou n\u2019a-t-elle pour objet que d\u2019importuner le club, et l\u2019emp\u00eacher d\u2019accueillir les All Blacks ?\u00a0\u00bb. <\/p>\n<p>\u00ab\u00a0B\u00e9ziers a simplement r\u00e9pondu : \u2018Oui, le stade est \u00e0 vous&rsquo;\u00a0\u00bb<\/p>\n<p>Le club n\u2019ayant pas l\u2019intention de c\u00e9der \u00e0 ces demandes infond\u00e9es, le match ne pourra se d\u00e9rouler \u00e0 Montpellier et sera d\u00e9plac\u00e9 \u00e0 B\u00e9ziers. Mohed Altrad ajoute : \u00ab\u00a0B\u00e9ziers a simplement r\u00e9pondu : \u00ab Oui, le stade est \u00e0 vous. \u00bb Il n\u2019y a pas eu de clause, pas d\u2019arri\u00e8re-pens\u00e9e. Juste du rugby, comme ce devrait \u00eatre\u00a0\u00bb, regrettant que \u00ab\u00a0a m\u00e9tropole ne fait rien pour nous aider, au contraire.\u00a0\u00bb. Le 21 octobre, la billetterie a \u00e9t\u00e9 lanc\u00e9e. Un dispositif sera organis\u00e9 pour permettre aux supporters montp\u00e9llirains de se rendre au stade.<\/p>\n<p>La pelouse avait d\u00e9j\u00e0 \u00e9t\u00e9 au coeur de la controverse la saison derni\u00e8re. Utilis\u00e9e durant l\u2019\u00e9t\u00e9 dans le cadre de la pr\u00e9paration de plusieurs \u00e9quipes pour les JO, Mohed Altrad avait alors d\u00e9nonc\u00e9 des dommages en r\u00e9sultant. Contact\u00e9s par le <a href=\"https:\/\/actu.fr\/occitanie\/montpellier_34172\/les-all-blacks-xv-delocalises-a-beziers-la-metropole-de-montpellier-repond-a-mohed-altrad_63334406.html\" target=\"_blank\" rel=\"nofollow noopener\">M\u00e9tropolitain,<\/a> les services de la M\u00e9tropole ont indiqu\u00e9 vouloir donner la priorit\u00e9 \u00e0 son club r\u00e9sidant, pour ne pas que la collectivit\u00e9 se retrouve \u00e0 payer si la pelouse \u00e9tait d\u00e9grad\u00e9e dans un autre cadre qu\u2019\u00e0 l\u2019habitude, et donner la priorit\u00e9 au MHR pour le reste de la saison. Le M\u00e9tropolitain indique : \u00ab\u00a0Le club \u00e9tant organisateur au nom d\u2019un tiers de la rencontre et celle-ci ne rentrant pas dans le cadre de la convention d\u2019occupation temporaire du domaine public entre la M\u00e9tropole de Montpellier et le MHR, une clause a \u00e9t\u00e9 soumise quant \u00e0 la responsabilit\u00e9 de la pelouse\u00a0\u00bb. \u00a0<\/p>\n","protected":false},"excerpt":{"rendered":"Nouvel \u00e9pisode du feuilleton des initimiti\u00e9s entre Michael Delafosse, maire pr\u00e9sident de Montpellier, et Mohed Altrad, pr\u00e9sident du&hellip;\n","protected":false},"author":2,"featured_media":486665,"comment_status":"","ping_status":"","sticky":false,"template":"","format":"standard","meta":{"footnotes":""},"categories":[9599],"tags":[1111,11,1777,674,1011,27,14987,29430,2208,12,2680,25],"class_list":{"0":"post-486664","1":"post","2":"type-post","3":"status-publish","4":"format-standard","5":"has-post-thumbnail","7":"category-montpellier","8":"tag-actu","9":"tag-actualites","10":"tag-eu","11":"tag-europe","12":"tag-fr","13":"tag-france","14":"tag-mhr","15":"tag-mohed-altrad","16":"tag-montpellier","17":"tag-news","18":"tag-occitanie","19":"tag-republique-francaise"},"share_on_mastodon":{"url":"https:\/\/pubeurope.com\/@fr\/115428973999522775","error":""},"_links":{"self":[{"href":"https:\/\/www.europesays.com\/fr\/wp-json\/wp\/v2\/posts\/486664","targetHints":{"allow":["GET"]}}],"collection":[{"href":"https:\/\/www.europesays.com\/fr\/wp-json\/wp\/v2\/posts"}],"about":[{"href":"https:\/\/www.europesays.com\/fr\/wp-json\/wp\/v2\/types\/post"}],"author":[{"embeddable":true,"href":"https:\/\/www.europesays.com\/fr\/wp-json\/wp\/v2\/users\/2"}],"replies":[{"embeddable":true,"href":"https:\/\/www.europesays.com\/fr\/wp-json\/wp\/v2\/comments?post=486664"}],"version-history":[{"count":0,"href":"https:\/\/www.europesays.com\/fr\/wp-json\/wp\/v2\/posts\/486664\/revisions"}],"wp:featuredmedia":[{"embeddable":true,"href":"https:\/\/www.europesays.com\/fr\/wp-json\/wp\/v2\/media\/486665"}],"wp:attachment":[{"href":"https:\/\/www.europesays.com\/fr\/wp-json\/wp\/v2\/media?parent=486664"}],"wp:term":[{"taxonomy":"category","embeddable":true,"href":"https:\/\/www.europesays.com\/fr\/wp-json\/wp\/v2\/categories?post=486664"},{"taxonomy":"post_tag","embeddable":true,"href":"https:\/\/www.europesays.com\/fr\/wp-json\/wp\/v2\/tags?post=486664"}],"curies":[{"name":"wp","href":"https:\/\/api.w.org\/{rel}","templated":true}]}}