{"id":486668,"date":"2025-10-24T11:46:44","date_gmt":"2025-10-24T11:46:44","guid":{"rendered":"https:\/\/www.europesays.com\/fr\/486668\/"},"modified":"2025-10-24T11:46:44","modified_gmt":"2025-10-24T11:46:44","slug":"on-continue-notre-chemin-regis-brouard-satisfait-du-point-pris-dans-le-derby-face-a-caen","status":"publish","type":"post","link":"https:\/\/www.europesays.com\/fr\/486668\/","title":{"rendered":"\u00ab\u00a0On continue notre chemin\u00a0\u00bb, R\u00e9gis Brouard satisfait du point pris dans le derby face \u00e0 Caen"},"content":{"rendered":"<p>Le derby normand comptant pour <a href=\"https:\/\/www.foot-national.com\/data\/resultat-national.html\" target=\"_blank\" rel=\"noopener\">la onzi\u00e8me journ\u00e9e<\/a> du championnat National a tenu toutes ses promesses, mais n&rsquo;a pas d\u00e9sign\u00e9 de vainqueur. <a href=\"https:\/\/www.foot-national.com\/actus\/national-pas-de-vainqueur-dans-le-derby-entre-caen-et-rouen-928078\" target=\"_blank\" rel=\"noopener\">Le Stade Malherbe de Caen et le Football Club de Rouen 1899 se sont neutralis\u00e9s (1-1)<\/a> devant 17 128 spectateurs pr\u00e9sents au Stade Michel-d&rsquo;Ornano, un record d&rsquo;affluence cette saison. Malgr\u00e9 l&rsquo;arr\u00eat de sa s\u00e9rie de cinq victoires cons\u00e9cutives sans but encaiss\u00e9, ce point pris par le FCR lui permet d&rsquo;accentuer son avance. Le leader comptant d\u00e9sormais quatre unit\u00e9s d&rsquo;avance sur un trio de poursuivants : Dijon, Orl\u00e9ans et Versailles.<\/p>\n<p><a href=\"https:\/\/www.foot-national.com\/data\/classement-national.html\" target=\"_blank\" rel=\"noopener\">&gt;&gt; National : le classement.<\/a><\/p>\n<p><strong>\u00ab\u00a0On continue notre chemin\u00a0\u00bb<\/strong><\/p>\n<p>Interrog\u00e9 en conf\u00e9rence de presse d&rsquo;apr\u00e8s-match, l&rsquo;entra\u00eeneur du FC Rouen, R\u00e9gis Brouard, a dress\u00e9 un bilan positif de la rencontre : \u00ab\u00a0On a fait une premi\u00e8re demi-heure coh\u00e9rente, avec un but magnifique. On a recul\u00e9 sur le dernier quart d&rsquo;heure et on encaisse. En deuxi\u00e8me mi-temps, \u00e0 dix, il y a eu beaucoup de solidarit\u00e9. C&rsquo;est un bon point de pris. On continue notre chemin. Je veux aussi remercier nos supporters, qui nous ont soutenus tout le match.\u00a0\u00bb<\/p>\n<\/p>\n<p>Partagez cette info avec vos amis et vos proches en cliquant ici<br \/>Pour r\u00e9sumer<\/p>\n<p>D\u00e9couvrez la r\u00e9action de R\u00e9gis Brouard, entra\u00eeneur du Football Club de Rouen 1899, apr\u00e8s le match nul (1-1) sur la pelouse du Stade Malherbe de Caen mardi soir \u00e0 l&rsquo;occasion de la onzi\u00e8me journ\u00e9e du championnat National.<\/p>\n<p> <img decoding=\"async\" width=\"76\" height=\"76\" loading=\"lazy\" src=\"https:\/\/static.wui.fr\/images_v3\/avatar-footnational.png\" alt=\"Aris Djennadi\"\/><\/p>\n","protected":false},"excerpt":{"rendered":"Le derby normand comptant pour la onzi\u00e8me journ\u00e9e du championnat National a tenu toutes ses promesses, mais n&rsquo;a&hellip;\n","protected":false},"author":2,"featured_media":486669,"comment_status":"","ping_status":"","sticky":false,"template":"","format":"standard","meta":{"footnotes":""},"categories":[9587],"tags":[1111,11,1777,674,1011,27,59645,12,5161,25,9590],"class_list":{"0":"post-486668","1":"post","2":"type-post","3":"status-publish","4":"format-standard","5":"has-post-thumbnail","7":"category-rouen","8":"tag-actu","9":"tag-actualites","10":"tag-eu","11":"tag-europe","12":"tag-fr","13":"tag-france","14":"tag-national-actus","15":"tag-news","16":"tag-normandie","17":"tag-republique-francaise","18":"tag-rouen"},"share_on_mastodon":{"url":"https:\/\/pubeurope.com\/@fr\/115428982625099177","error":""},"_links":{"self":[{"href":"https:\/\/www.europesays.com\/fr\/wp-json\/wp\/v2\/posts\/486668","targetHints":{"allow":["GET"]}}],"collection":[{"href":"https:\/\/www.europesays.com\/fr\/wp-json\/wp\/v2\/posts"}],"about":[{"href":"https:\/\/www.europesays.com\/fr\/wp-json\/wp\/v2\/types\/post"}],"author":[{"embeddable":true,"href":"https:\/\/www.europesays.com\/fr\/wp-json\/wp\/v2\/users\/2"}],"replies":[{"embeddable":true,"href":"https:\/\/www.europesays.com\/fr\/wp-json\/wp\/v2\/comments?post=486668"}],"version-history":[{"count":0,"href":"https:\/\/www.europesays.com\/fr\/wp-json\/wp\/v2\/posts\/486668\/revisions"}],"wp:featuredmedia":[{"embeddable":true,"href":"https:\/\/www.europesays.com\/fr\/wp-json\/wp\/v2\/media\/486669"}],"wp:attachment":[{"href":"https:\/\/www.europesays.com\/fr\/wp-json\/wp\/v2\/media?parent=486668"}],"wp:term":[{"taxonomy":"category","embeddable":true,"href":"https:\/\/www.europesays.com\/fr\/wp-json\/wp\/v2\/categories?post=486668"},{"taxonomy":"post_tag","embeddable":true,"href":"https:\/\/www.europesays.com\/fr\/wp-json\/wp\/v2\/tags?post=486668"}],"curies":[{"name":"wp","href":"https:\/\/api.w.org\/{rel}","templated":true}]}}