{"id":486670,"date":"2025-10-24T11:47:09","date_gmt":"2025-10-24T11:47:09","guid":{"rendered":"https:\/\/www.europesays.com\/fr\/486670\/"},"modified":"2025-10-24T11:47:09","modified_gmt":"2025-10-24T11:47:09","slug":"une-femme-saute-du-3e-etage-dun-immeuble","status":"publish","type":"post","link":"https:\/\/www.europesays.com\/fr\/486670\/","title":{"rendered":"une femme saute du 3e \u00e9tage d&rsquo;un immeuble"},"content":{"rendered":"<p itemprop=\"description\"><strong>Que s&rsquo;est-il pass\u00e9e dans la nuit de jeudi \u00e0 vendredi rue Genissieu \u00e0 Grenoble ?<\/strong><\/p>\n<p>Les secours et les forces de l&rsquo;ordre ont \u00e9t\u00e9 appel\u00e9s vers 2h du matin par un homme affol\u00e9. Et pour cause, sa compagne s&rsquo;\u00e9tait jet\u00e9e depuis leur balcon situ\u00e9 au 3e \u00e9tage de l&rsquo;immeuble. Lui \u00e9tait descendu apr\u00e8s une dispute conjugale, et avait tent\u00e9 de la rattraper. Mais le choc a \u00e9t\u00e9 violent et la jeune femme de 21 ans se trouvait dans un \u00e9tat critique.<\/p>\n<p>Hospitalis\u00e9e au CHU Grenoble Alpes, son pronostic vital \u00e9tait engag\u00e9.<\/p>\n<p>Bless\u00e9 \u00e9galement apr\u00e8s avoir \u00e9t\u00e9 \u00e9cras\u00e9 par sa compagne, l&rsquo;homme de 26 ans souffre d&rsquo;un traumatisme cr\u00e2nien. Il sera interrog\u00e9 par les forces de l&rsquo;ordre quand son \u00e9tat le permettra.<\/p>\n","protected":false},"excerpt":{"rendered":"Que s&rsquo;est-il pass\u00e9e dans la nuit de jeudi \u00e0 vendredi rue Genissieu \u00e0 Grenoble ? Les secours et&hellip;\n","protected":false},"author":2,"featured_media":486671,"comment_status":"","ping_status":"","sticky":false,"template":"","format":"standard","meta":{"footnotes":""},"categories":[9566],"tags":[1111,11,7733,8279,2430,7736,650,7734,2889,2263,1777,674,1011,27,2731,8280,6417,1114,108,4662,12,3725,1825,25,7737],"class_list":{"0":"post-486670","1":"post","2":"type-post","3":"status-publish","4":"format-standard","5":"has-post-thumbnail","7":"category-grenoble","8":"tag-actu","9":"tag-actualites","10":"tag-alpes","11":"tag-alpes1","12":"tag-auvergne-rhone-alpes","13":"tag-cds","14":"tag-cinema","15":"tag-ecoute","16":"tag-emission","17":"tag-equipe","18":"tag-eu","19":"tag-europe","20":"tag-fr","21":"tag-france","22":"tag-grenoble","23":"tag-haute","24":"tag-information","25":"tag-infos","26":"tag-isere","27":"tag-journal","28":"tag-news","29":"tag-podcast","30":"tag-radio","31":"tag-republique-francaise","32":"tag-winamp"},"share_on_mastodon":{"url":"https:\/\/pubeurope.com\/@fr\/115428985655562086","error":""},"_links":{"self":[{"href":"https:\/\/www.europesays.com\/fr\/wp-json\/wp\/v2\/posts\/486670","targetHints":{"allow":["GET"]}}],"collection":[{"href":"https:\/\/www.europesays.com\/fr\/wp-json\/wp\/v2\/posts"}],"about":[{"href":"https:\/\/www.europesays.com\/fr\/wp-json\/wp\/v2\/types\/post"}],"author":[{"embeddable":true,"href":"https:\/\/www.europesays.com\/fr\/wp-json\/wp\/v2\/users\/2"}],"replies":[{"embeddable":true,"href":"https:\/\/www.europesays.com\/fr\/wp-json\/wp\/v2\/comments?post=486670"}],"version-history":[{"count":0,"href":"https:\/\/www.europesays.com\/fr\/wp-json\/wp\/v2\/posts\/486670\/revisions"}],"wp:featuredmedia":[{"embeddable":true,"href":"https:\/\/www.europesays.com\/fr\/wp-json\/wp\/v2\/media\/486671"}],"wp:attachment":[{"href":"https:\/\/www.europesays.com\/fr\/wp-json\/wp\/v2\/media?parent=486670"}],"wp:term":[{"taxonomy":"category","embeddable":true,"href":"https:\/\/www.europesays.com\/fr\/wp-json\/wp\/v2\/categories?post=486670"},{"taxonomy":"post_tag","embeddable":true,"href":"https:\/\/www.europesays.com\/fr\/wp-json\/wp\/v2\/tags?post=486670"}],"curies":[{"name":"wp","href":"https:\/\/api.w.org\/{rel}","templated":true}]}}