{"id":48668,"date":"2025-04-24T08:00:08","date_gmt":"2025-04-24T08:00:08","guid":{"rendered":"https:\/\/www.europesays.com\/fr\/48668\/"},"modified":"2025-04-24T08:00:08","modified_gmt":"2025-04-24T08:00:08","slug":"ventes-en-chute-dans-lue","status":"publish","type":"post","link":"https:\/\/www.europesays.com\/fr\/48668\/","title":{"rendered":"Ventes en Chute dans l\u2019UE"},"content":{"rendered":"<p>Les ventes de Tesla s\u2019effondrent de 45 % dans l\u2019UE en 2025, une crise sans pr\u00e9c\u00e9dent. Quelles sont les causes de ce d\u00e9clin brutal ? Cliquez pour le d\u00e9couvrir&#8230;<\/p>\n<p>Imaginez un g\u00e9ant de l\u2019automobile, autrefois intouchable, qui voit ses ventes s\u2019effondrer de pr\u00e8s de la moiti\u00e9 en quelques mois seulement. C\u2019est la r\u00e9alit\u00e9 \u00e0 laquelle fait face un constructeur embl\u00e9matique de voitures \u00e9lectriques dans l\u2019Union europ\u00e9enne en 2025. Alors que le march\u00e9 des v\u00e9hicules neufs reprend des couleurs, avec une hausse de 2,8 % en mars, ce pionnier du secteur traverse une temp\u00eate sans pr\u00e9c\u00e9dent. Quelles sont les raisons de cette chute vertigineuse, et que nous dit-elle sur l\u2019avenir de l\u2019industrie automobile ?<\/p>\n<p>Une Chute Brutale sur le March\u00e9 Europ\u00e9en<\/p>\n<p>Le march\u00e9 automobile europ\u00e9en affiche une sant\u00e9 relative en ce d\u00e9but d\u2019ann\u00e9e 2025. Les immatriculations de voitures neuves progressent l\u00e9g\u00e8rement, port\u00e9es par une demande croissante pour les <strong>v\u00e9hicules \u00e9lectriques<\/strong>. Des constructeurs comme Renault et Volkswagen tirent leur \u00e9pingle du jeu, compensant le recul des mod\u00e8les essence et diesel. Pourtant, dans ce contexte favorable, un acteur majeur d\u00e9tonne par ses contre-performances : ses ventes ont chut\u00e9 de <strong>36 %<\/strong> en mars par rapport \u00e0 l\u2019ann\u00e9e pr\u00e9c\u00e9dente, et de <strong>45 %<\/strong> sur l\u2019ensemble du premier trimestre.<\/p>\n<p>Concr\u00e8tement, ce constructeur a immatricul\u00e9 seulement 36 167 v\u00e9hicules dans l\u2019UE entre janvier et mars 2025, contre 65 774 sur la m\u00eame p\u00e9riode en 2024. Cette d\u00e9gringolade est la plus marqu\u00e9e parmi les grands noms de l\u2019automobile, faisant passer sa part de march\u00e9 de 2,9 % \u00e0 un maigre 2 %. Comment un leader du secteur, connu pour son innovation, en est-il arriv\u00e9 l\u00e0 ?<\/p>\n<p>Des R\u00e9sultats Financiers Alarmants<\/p>\n<p>Les chiffres parlent d\u2019eux-m\u00eames. Au premier trimestre 2025, la production de ce constructeur a recul\u00e9 de <strong>16 %<\/strong>, atteignant 362 615 unit\u00e9s. Les livraisons, quant \u00e0 elles, ont chut\u00e9 de <strong>13 %<\/strong>, avec 336 681 v\u00e9hicules livr\u00e9s. Ces baisses ont un impact direct sur les finances : le chiffre d\u2019affaires s\u2019\u00e9l\u00e8ve \u00e0 19,34 milliards de dollars, en recul de <strong>9 %<\/strong>. Pire encore, le b\u00e9n\u00e9fice par action a plong\u00e9 de <strong>40 %<\/strong>, passant de 0,45 \u00e0 0,27 cent, loin des attentes des analystes qui tablaient sur 0,42 cent.<\/p>\n<blockquote class=\"wp-block-quote is-layout-flow wp-block-quote-is-layout-flow\">\n<p>\u00ab Cette baisse est un signal d\u2019alarme. Le march\u00e9 \u00e9volue rapidement, et les erreurs strat\u00e9giques se paient cher. \u00bb<\/p>\n<p>Un analyste du secteur automobile<\/p><\/blockquote>\n<p>Ces r\u00e9sultats traduisent une combinaison de facteurs internes et externes. La mise \u00e0 jour d\u2019un mod\u00e8le phare, bien que n\u00e9cessaire, a frein\u00e9 les livraisons. Mais ce n\u2019est qu\u2019une partie de l\u2019explication. Le constructeur fait face \u00e0 des d\u00e9fis bien plus profonds, \u00e0 commencer par une concurrence accrue et des choix strat\u00e9giques controvers\u00e9s.<\/p>\n<p>Une Image de Marque \u00c9corn\u00e9e<\/p>\n<p>L\u2019un des facteurs les plus discut\u00e9s est l\u2019image de marque, qui semble avoir souffert r\u00e9cemment. Le dirigeant de l\u2019entreprise, figure publique controvers\u00e9e, s\u2019est engag\u00e9 dans des initiatives politiques aux \u00c9tats-Unis, notamment en collaborant avec une administration conservatrice. Ce positionnement a suscit\u00e9 des critiques en Europe, o\u00f9 les consommateurs sont particuli\u00e8rement sensibles aux valeurs des entreprises. Bien que le PDG ait annonc\u00e9 un retour \u00e0 la t\u00eate de l\u2019entreprise d\u00e8s mai 2025, le mal semble fait.<\/p>\n<p>En Europe, o\u00f9 l\u2019achat d\u2019une voiture \u00e9lectrique est souvent per\u00e7u comme un acte militant pour l\u2019environnement, cette association avec des figures politiques clivantes a pu d\u00e9tourner une partie de la client\u00e8le. Les r\u00e9seaux sociaux bruissent de d\u00e9bats sur l\u2019\u00e9thique de l\u2019entreprise, et certains clients se tournent vers des marques per\u00e7ues comme plus align\u00e9es avec leurs valeurs.<\/p>\n<p><strong>\u00c0 retenir :<\/strong><\/p>\n<ul>\n<li><strong>Chute des ventes :<\/strong> -45 % dans l\u2019UE depuis janvier 2025.<\/li>\n<li><strong>Part de march\u00e9 :<\/strong> R\u00e9duite de 2,9 % \u00e0 2 % en un an.<\/li>\n<li><strong>Impact financier :<\/strong> B\u00e9n\u00e9fice par action en baisse de 40 %.<\/li>\n<\/ul>\n<p>La Menace de la Concurrence Chinoise<\/p>\n<p>Sur le plan commercial, la <strong>concurrence chinoise<\/strong> repr\u00e9sente un d\u00e9fi majeur. Les constructeurs asiatiques, comme BYD, proposent des v\u00e9hicules \u00e9lectriques performants \u00e0 des prix bien inf\u00e9rieurs. Pour rester comp\u00e9titif, le constructeur a d\u00fb baisser ses tarifs, ce qui a rogn\u00e9 ses marges. Cette strat\u00e9gie, bien que n\u00e9cessaire, n\u2019a pas suffi \u00e0 enrayer la chute des ventes, notamment en Europe, o\u00f9 les consommateurs pl\u00e9biscitent les alternatives locales et chinoises.<\/p>\n<p>Sur le march\u00e9 chinois, la situation est encore plus pr\u00e9occupante. Deux mod\u00e8les embl\u00e9matiques ont \u00e9t\u00e9 retir\u00e9s, signe des difficult\u00e9s \u00e0 s\u2019imposer face aux acteurs locaux. Cette perte de terrain en Asie, combin\u00e9e \u00e0 la crise europ\u00e9enne, fragilise la position globale de l\u2019entreprise.<\/p>\n<p>Les D\u00e9fis de la Guerre Commerciale<\/p>\n<p>\u00c0 l\u2019\u00e9chelle mondiale, les tensions commerciales compliquent la donne. Les <strong>politiques commerciales<\/strong> \u00e9voluent rapidement, perturbant les cha\u00eenes d\u2019approvisionnement. Les droits de douane, notamment entre les \u00c9tats-Unis et la Chine, affectent les co\u00fbts de production et les prix de vente. L\u2019entreprise a reconnu qu\u2019il \u00e9tait difficile d\u2019\u00e9valuer l\u2019impact pr\u00e9cis de ces mesures, mais les incertitudes p\u00e8sent sur ses pr\u00e9visions.<\/p>\n<p>Initialement, le constructeur tablait sur une croissance des ventes de <strong>20 \u00e0 30 %<\/strong> en 2025. Aujourd\u2019hui, cet objectif semble hors de port\u00e9e. Une r\u00e9\u00e9valuation des pr\u00e9visions est pr\u00e9vue au deuxi\u00e8me trimestre, mais les analystes restent sceptiques quant \u00e0 un rebond rapide.<\/p>\n<p>L\u2019Attente d\u2019un Mod\u00e8le Abordable<\/p>\n<p>Un autre point d\u2019interrogation concerne le lancement d\u2019un v\u00e9hicule \u00e9lectrique \u00e0 moins de <strong>25 000 euros<\/strong>, promis pour le premier semestre 2025. Ce mod\u00e8le, destin\u00e9 \u00e0 d\u00e9mocratiser l\u2019acc\u00e8s \u00e0 la marque, suscite beaucoup d\u2019attentes. Pourtant, le silence du constructeur sur ce projet alimente les doutes. Les plans pr\u00e9voient une production de 250 000 unit\u00e9s aux \u00c9tats-Unis en 2026, avec une expansion ult\u00e9rieure en Europe et en Chine. Mais sans communication claire, les consommateurs restent sur leur faim.<\/p>\n<p>Ce mod\u00e8le abordable pourrait-il inverser la tendance ? Rien n\u2019est moins s\u00fbr. Dans un march\u00e9 satur\u00e9, o\u00f9 les concurrents proposent d\u00e9j\u00e0 des options \u00e0 bas prix, le constructeur devra se d\u00e9marquer par l\u2019innovation et la fiabilit\u00e9.<\/p>\n<p>Quelles Perspectives pour l\u2019Avenir ?<\/p>\n<p>Face \u00e0 cette crise, plusieurs sc\u00e9narios se dessinent. D\u2019un c\u00f4t\u00e9, un recentrage strat\u00e9gique pourrait permettre de regagner la confiance des consommateurs europ\u00e9ens. Un retour aux fondamentaux \u2013 innovation, qualit\u00e9, communication transparente \u2013 est essentiel. De l\u2019autre, l\u2019intensification de la concurrence et les incertitudes g\u00e9opolitiques pourraient prolonger les difficult\u00e9s.<\/p>\n<p>Voici les d\u00e9fis \u00e0 relever :<\/p>\n<ul style=\"list-style-type: disc; margin-left: 20px;\">\n<li><strong>Restaurer l\u2019image de marque :<\/strong> Dissiper les controverses et renforcer l\u2019engagement environnemental.<\/li>\n<li><strong>Acc\u00e9l\u00e9rer l\u2019innovation :<\/strong> Lancer le mod\u00e8le abordable et am\u00e9liorer les mod\u00e8les existants.<\/li>\n<li><strong>Naviguer les tensions commerciales :<\/strong> Adapter la strat\u00e9gie aux \u00e9volutions des politiques douani\u00e8res.<\/li>\n<\/ul>\n<p>En attendant, le constructeur doit agir vite. Le march\u00e9 automobile \u00e9volue \u00e0 grande vitesse, et les places de leader ne sont jamais garanties. La capacit\u00e9 \u00e0 surmonter cette crise d\u00e9terminera si l\u2019entreprise peut retrouver son \u00e9clat d\u2019antan ou si elle continuera \u00e0 perdre du terrain face \u00e0 des rivaux toujours plus agressifs.<\/p>\n<p>Un Tournant pour l\u2019Industrie Automobile<\/p>\n<p>La situation de ce constructeur embl\u00e9matique est plus qu\u2019une simple crise passag\u00e8re. Elle refl\u00e8te les bouleversements profonds qui secouent l\u2019industrie automobile. La transition vers l\u2019\u00e9lectrique, la mont\u00e9e en puissance des constructeurs chinois, les tensions commerciales mondiales : autant de facteurs qui redessinent les \u00e9quilibres du secteur.<\/p>\n<p>Pour les consommateurs, cette p\u00e9riode de turbulence pourrait \u00eatre une opportunit\u00e9. La concurrence accrue devrait se traduire par des prix plus bas et des innovations plus fr\u00e9quentes. Mais pour le constructeur en difficult\u00e9, le chemin vers la reprise s\u2019annonce sem\u00e9 d\u2019emb\u00fbches.<\/p>\n<blockquote class=\"wp-block-quote is-layout-flow wp-block-quote-is-layout-flow\">\n<p>\u00ab L\u2019automobile est \u00e0 un tournant. Ceux qui ne s\u2019adaptent pas risquent de dispara\u00eetre. \u00bb<\/p>\n<p>Un expert en mobilit\u00e9 durable<\/p><\/blockquote>\n<p>En conclusion, la chute des ventes dans l\u2019UE en 2025 est un signal fort pour l\u2019ensemble de l\u2019industrie. Elle rappelle qu\u2019aucune entreprise, aussi innovante soit-elle, n\u2019est \u00e0 l\u2019abri des erreurs strat\u00e9giques ou des \u00e9volutions du march\u00e9. Pour ce pionnier de l\u2019\u00e9lectrique, l\u2019heure est \u00e0 la r\u00e9invention. Reste \u00e0 savoir s\u2019il saura saisir cette chance.<\/p>\n","protected":false},"excerpt":{"rendered":"Les ventes de Tesla s\u2019effondrent de 45 % dans l\u2019UE en 2025, une crise sans pr\u00e9c\u00e9dent. Quelles sont&hellip;\n","protected":false},"author":2,"featured_media":48669,"comment_status":"","ping_status":"","sticky":false,"template":"","format":"standard","meta":{"footnotes":""},"categories":[1586],"tags":[11,33,1777,674,1779,1011,27,12,25,717,1778,364],"class_list":{"0":"post-48668","1":"post","2":"type-post","3":"status-publish","4":"format-standard","5":"has-post-thumbnail","7":"category-europe","8":"tag-actualites","9":"tag-economie","10":"tag-eu","11":"tag-europe","12":"tag-european-union","13":"tag-fr","14":"tag-france","15":"tag-news","16":"tag-republique-francaise","17":"tag-technologie","18":"tag-ue","19":"tag-union-europeenne"},"share_on_mastodon":{"url":"https:\/\/pubeurope.com\/@fr\/114391890223796350","error":""},"_links":{"self":[{"href":"https:\/\/www.europesays.com\/fr\/wp-json\/wp\/v2\/posts\/48668","targetHints":{"allow":["GET"]}}],"collection":[{"href":"https:\/\/www.europesays.com\/fr\/wp-json\/wp\/v2\/posts"}],"about":[{"href":"https:\/\/www.europesays.com\/fr\/wp-json\/wp\/v2\/types\/post"}],"author":[{"embeddable":true,"href":"https:\/\/www.europesays.com\/fr\/wp-json\/wp\/v2\/users\/2"}],"replies":[{"embeddable":true,"href":"https:\/\/www.europesays.com\/fr\/wp-json\/wp\/v2\/comments?post=48668"}],"version-history":[{"count":0,"href":"https:\/\/www.europesays.com\/fr\/wp-json\/wp\/v2\/posts\/48668\/revisions"}],"wp:featuredmedia":[{"embeddable":true,"href":"https:\/\/www.europesays.com\/fr\/wp-json\/wp\/v2\/media\/48669"}],"wp:attachment":[{"href":"https:\/\/www.europesays.com\/fr\/wp-json\/wp\/v2\/media?parent=48668"}],"wp:term":[{"taxonomy":"category","embeddable":true,"href":"https:\/\/www.europesays.com\/fr\/wp-json\/wp\/v2\/categories?post=48668"},{"taxonomy":"post_tag","embeddable":true,"href":"https:\/\/www.europesays.com\/fr\/wp-json\/wp\/v2\/tags?post=48668"}],"curies":[{"name":"wp","href":"https:\/\/api.w.org\/{rel}","templated":true}]}}