{"id":486688,"date":"2025-10-24T11:56:18","date_gmt":"2025-10-24T11:56:18","guid":{"rendered":"https:\/\/www.europesays.com\/fr\/486688\/"},"modified":"2025-10-24T11:56:18","modified_gmt":"2025-10-24T11:56:18","slug":"un-mois-apres-sa-reouverture-lalarme-incendie-de-la-cathedrale-se-declenche-en-pleine-messe","status":"publish","type":"post","link":"https:\/\/www.europesays.com\/fr\/486688\/","title":{"rendered":"un mois apr\u00e8s sa r\u00e9ouverture, l\u2019alarme incendie de la cath\u00e9drale se d\u00e9clenche en pleine messe"},"content":{"rendered":"<p>\n    Les fid\u00e8les ont d\u00fb \u00eatre \u00e9vacu\u00e9s, mais la situation a vite \u00e9t\u00e9 ma\u00eetris\u00e9e. Victime d\u2019un incendie criminel, l\u2019\u00e9difice a rouvert fin septembre apr\u00e8s des travaux d\u2019envergure.<\/p>\n<p class=\"fig-paragraph\">Panique \u00e0 la\u00a0<a href=\"http:\/\/www.lefigaro.fr\/nantes\/cathedrale-de-nantes-les-mysterieux-ossements-de-3-individus-decouverts-dans-la-tombe-du-dernier-duc-de-bretagne-20250615\" target=\"_blank\" data-fig-type=\"NewsFlash\" rel=\"noopener nofollow\" data-gtm-custom-categorie=\"navigation\" data-gtm-custom-action=\"crossclick\" data-gtm-custom-label=\"Contextuel\" data-gtm-event=\"customEventSPE\" data-fig-domain=\"LEFIGARO\">cath\u00e9drale de Nantes<\/a>. Victime d\u2019un\u00a0<a href=\"https:\/\/www.lefigaro.fr\/actualite-france\/apres-l-incendie-de-la-cathedrale-de-nantes-inquietudes-sur-l-etat-et-la-securite-des-eglises-20200723\" target=\"_blank\" data-fig-type=\"Article\" rel=\"noopener nofollow\" data-gtm-custom-categorie=\"navigation\" data-gtm-custom-action=\"crossclick\" data-gtm-custom-label=\"Contextuel\" data-gtm-event=\"customEventSPE\" data-fig-domain=\"LEFIGARO\">incendie criminel en 2020<\/a>, l\u2019\u00e9difice accueille de nouveau ses visiteurs et fid\u00e8les depuis le\u00a0<a href=\"http:\/\/www.lefigaro.fr\/nantes\/une-grande-joie-a-nantes-l-emotion-des-fideles-retrouvant-leur-cathedrale-lors-de-la-messe-solennelle-de-reouverture-20250928\" target=\"_blank\" data-fig-type=\"NewsFlash\" rel=\"noopener nofollow\" data-gtm-custom-categorie=\"navigation\" data-gtm-custom-action=\"crossclick\" data-gtm-custom-label=\"Contextuel\" data-gtm-event=\"customEventSPE\" data-fig-domain=\"LEFIGARO\">27 septembre<\/a>. Or, \u00e0 peine un mois apr\u00e8s\u00a0<a href=\"http:\/\/www.lefigaro.fr\/nantes\/le-reveil-de-la-cathedrale-de-nantes-5-ans-apres-son-incendie-criminel-20250927\" target=\"_blank\" data-fig-type=\"NewsFlash\" rel=\"noopener nofollow\" data-gtm-custom-categorie=\"navigation\" data-gtm-custom-action=\"crossclick\" data-gtm-custom-label=\"Contextuel\" data-gtm-event=\"customEventSPE\" data-fig-domain=\"LEFIGARO\">cette r\u00e9ouverture<\/a>, l\u2019alarme incendie s\u2019est d\u00e9clench\u00e9e en pleine messe. Jeudi soir, vers 18h30, des pompiers ont \u00e9t\u00e9 d\u00e9p\u00each\u00e9s aux abords du monument \u00absuite \u00e0 une d\u00e9tection incendie dans la tour sud de la cath\u00e9drale au niveau de salle des carillons\u00bb, a communiqu\u00e9 le centre d\u2019op\u00e9ration d\u00e9partemental d\u2019incendie et de secours de Loire-Atlantique.<\/p>\n<p class=\"fig-paragraph\">La situation a vite \u00e9t\u00e9 ma\u00eetris\u00e9e. \u00abLes reconnaissances dans le b\u00e2timent, crois\u00e9es avec les informations fournies par le Syst\u00e8me de S\u00e9curit\u00e9 Incendie et la vid\u00e9osurveillance, n\u2019ont r\u00e9v\u00e9l\u00e9 aucune pr\u00e9sence de points chauds, de fum\u00e9es et de flammes\u00bb, pr\u00e9cise le bulletin des pompiers. Si rien de grave n\u2019a \u00e9t\u00e9 d\u00e9tect\u00e9, 130 fid\u00e8les qui participaient \u00e0 l\u2019office religieux de 18 heures ont tout de m\u00eame \u00e9t\u00e9 \u00e9vacu\u00e9s. De m\u00eame, un important dispositif de s\u00e9curit\u00e9 a \u00e9t\u00e9 d\u00e9ploy\u00e9. La police et le pr\u00e9fet se sont rendus sur place. L\u2019hypoth\u00e8se d\u2019un dysfonctionnement de s\u00e9curit\u00e9 est \u00e0 l\u2019\u00e9tude. Selon\u00a0<a href=\"https:\/\/france3-regions.franceinfo.fr\/pays-de-la-loire\/loire-atlantique\/nantes\/frayeur-a-la-cathedrale-de-nantes-apres-le-declenchement-d-une-alarme-incendie-3238552.html\" target=\"_blank\" rel=\"noopener nofollow\" data-gtm-custom-categorie=\"navigation\" data-gtm-custom-action=\"crossclick\" data-gtm-custom-label=\"Contextuel\" data-gtm-event=\"customEventSPE\">France 3<\/a>, le syst\u00e8me d\u2019alarme va faire l\u2019objet d\u2019une expertise technique.<\/p>\n<p>                                    <a class=\"fig-a11y-skip a11y-hidden\" href=\"#fig-a11y-skip-main-inarticle\"><br \/>\n        Passer la publicit\u00e9<br \/>\n    <\/a><\/p>\n<p>Des travaux encore en cours<\/p>\n<p class=\"fig-paragraph\">Durant son chantier de restauration quasiment termin\u00e9, tout le syst\u00e8me de r\u00e9seaux \u00e9lectriques, d\u2019\u00e9clairage et de s\u00fbret\u00e9 a \u00e9t\u00e9 chang\u00e9. D\u2019autres travaux sont encore en cours. En 1972, la cath\u00e9drale de Nantes avait d\u00e9j\u00e0 br\u00fbl\u00e9, de mani\u00e8re accidentelle. En 2020, le feu avait \u00e9t\u00e9 mis par un\u00a0<a href=\"http:\/\/www.lefigaro.fr\/actualite-france\/incendie-de-la-cathedrale-de-nantes-le-benevole-de-nouveau-en-garde-a-vue-20200725\" target=\"_blank\" data-fig-type=\"NewsFlash\" rel=\"noopener nofollow\" data-gtm-custom-categorie=\"navigation\" data-gtm-custom-action=\"crossclick\" data-gtm-custom-label=\"Contextuel\" data-gtm-event=\"customEventSPE\" data-fig-domain=\"LEFIGARO\">r\u00e9fugi\u00e9 rwandais sous OQTF<\/a>, fragile psychologiquement, qui \u00e9tait b\u00e9n\u00e9vole dans le dioc\u00e8se.<\/p>\n","protected":false},"excerpt":{"rendered":"Les fid\u00e8les ont d\u00fb \u00eatre \u00e9vacu\u00e9s, mais la situation a vite \u00e9t\u00e9 ma\u00eetris\u00e9e. Victime d\u2019un incendie criminel, l\u2019\u00e9difice&hellip;\n","protected":false},"author":2,"featured_media":486689,"comment_status":"","ping_status":"","sticky":false,"template":"","format":"standard","meta":{"footnotes":""},"categories":[2818],"tags":[1111,11,13601,1777,674,1011,27,766,12,2636,25],"class_list":{"0":"post-486688","1":"post","2":"type-post","3":"status-publish","4":"format-standard","5":"has-post-thumbnail","7":"category-nantes","8":"tag-actu","9":"tag-actualites","10":"tag-cathedrale","11":"tag-eu","12":"tag-europe","13":"tag-fr","14":"tag-france","15":"tag-nantes","16":"tag-news","17":"tag-pays-de-la-loire","18":"tag-republique-francaise"},"share_on_mastodon":{"url":"https:\/\/pubeurope.com\/@fr\/115429021173072334","error":""},"_links":{"self":[{"href":"https:\/\/www.europesays.com\/fr\/wp-json\/wp\/v2\/posts\/486688","targetHints":{"allow":["GET"]}}],"collection":[{"href":"https:\/\/www.europesays.com\/fr\/wp-json\/wp\/v2\/posts"}],"about":[{"href":"https:\/\/www.europesays.com\/fr\/wp-json\/wp\/v2\/types\/post"}],"author":[{"embeddable":true,"href":"https:\/\/www.europesays.com\/fr\/wp-json\/wp\/v2\/users\/2"}],"replies":[{"embeddable":true,"href":"https:\/\/www.europesays.com\/fr\/wp-json\/wp\/v2\/comments?post=486688"}],"version-history":[{"count":0,"href":"https:\/\/www.europesays.com\/fr\/wp-json\/wp\/v2\/posts\/486688\/revisions"}],"wp:featuredmedia":[{"embeddable":true,"href":"https:\/\/www.europesays.com\/fr\/wp-json\/wp\/v2\/media\/486689"}],"wp:attachment":[{"href":"https:\/\/www.europesays.com\/fr\/wp-json\/wp\/v2\/media?parent=486688"}],"wp:term":[{"taxonomy":"category","embeddable":true,"href":"https:\/\/www.europesays.com\/fr\/wp-json\/wp\/v2\/categories?post=486688"},{"taxonomy":"post_tag","embeddable":true,"href":"https:\/\/www.europesays.com\/fr\/wp-json\/wp\/v2\/tags?post=486688"}],"curies":[{"name":"wp","href":"https:\/\/api.w.org\/{rel}","templated":true}]}}