{"id":486692,"date":"2025-10-24T11:58:14","date_gmt":"2025-10-24T11:58:14","guid":{"rendered":"https:\/\/www.europesays.com\/fr\/486692\/"},"modified":"2025-10-24T11:58:14","modified_gmt":"2025-10-24T11:58:14","slug":"girondins-bordeaux-va-dans-le-bon-sens-avec-cette-philosophie-de-jeu","status":"publish","type":"post","link":"https:\/\/www.europesays.com\/fr\/486692\/","title":{"rendered":"Girondins : \u00ab\u00a0Bordeaux va dans le bon sens avec cette philosophie de jeu\u00a0\u00bb"},"content":{"rendered":"<p><img decoding=\"async\" src=\"https:\/\/www.europesays.com\/fr\/wp-content\/uploads\/2025\/10\/671_5b7307d1a536570e49d9e3330e52f74b.jpg\" alt=\"Girondins : &quot;Bordeaux va dans le bon sens avec cette philosophie de jeu&quot;\" class=\"img-responsive mt-3\"\/><\/p>\n<p class=\"text-center mb-3\" style=\"font-size: 14px\">\u00a9 Iconsport<\/p>\n<p>      <strong>Jonathan D\u2019Agostino : \u201cLe 4-4-2 redonne confiance et \u00e9quilibre aux Girondins\u201d<\/strong><\/p>\n<p style=\"text-align: justify;\">Jonathan D\u2019Agostino salue le retour au 4-4-2 des Girondins : un sch\u00e9ma plus simple, plus efficace et porteur de confiance pour les hommes de Bruno Irl\u00e8s.<\/p>\n<p style=\"text-align: justify;\">\u00c9coutez ou lisez ses propos :<\/p>\n<p><strong>\u00ab\u00a0Il est revenu sur un syst\u00e8me plus classique\u00a0\u00bb<\/strong><\/p>\n<p style=\"text-align: justify;\">Jonathan D&rsquo;Agostino dans le <a href=\"https:\/\/www.youtube.com\/watch?v=hGq1hnhb73s&amp;t=2576s\" target=\"_blank\" rel=\"noopener\">Talk sur WebGirondins<\/a> : \u00ab\u00a0Ce qui est int\u00e9ressant, c&rsquo;est qu&rsquo;il s&rsquo;est tr\u00e8s vite aper\u00e7u que son dispositif en 3-4-3 n&rsquo;allait pas. Il est revenu en arri\u00e8re. J&rsquo;avais des doutes sur Bruno Irl\u00e8s, sur le fait qu&rsquo;il puisse se remettre en question. Je pense que le 3-4-3 \u00e9tait un peu trop complexe pour garder un bloc solide et g\u00e9rer la profondeur. Mais aussi pour cr\u00e9er du mouvement et de la compl\u00e9mentarit\u00e9, aussi bien en d\u00e9fense qu&rsquo;en attaque. Il est revenu sur un syst\u00e8me plus classique, un syst\u00e8me qu&rsquo;il conna\u00eet mieux. C&rsquo;est un 4-4-2 ou un 4-2-3-1 selon les phases de jeu. J&rsquo;ai l&rsquo;impression qu&rsquo;il est revenu au syst\u00e8me qu&rsquo;il avait l&rsquo;an pass\u00e9\u00a0\u00bb.<\/p>\n<p><strong>\u00ab\u00a0Le message passe mieux\u00a0\u00bb<\/strong><\/p>\n<p style=\"text-align: justify;\">\u00ab\u00a0Je pense que le retour \u00e0 ce dispositif a fait beaucoup de bien aux joueurs, on sent que le message passe mieux. Les joueurs arrivent mieux \u00e0 comprendre et \u00e0 appliquer ce qu&rsquo;on leur demande. Le pressing haut marche mieux depuis deux matchs et les joueurs mettent plus d&rsquo;intensit\u00e9. Ils savent mieux se situer, ils sont plus en mesure de g\u00e9rer leurs courses et les efforts. Les mouvements offensifs sont beaucoup mieux coordonn\u00e9s, notamment le jeu sur les c\u00f4t\u00e9s, en particulier le c\u00f4t\u00e9 gauche avec Driss Trichard et Steve Shamal\u00a0\u00bb.<\/p>\n<p><strong>\u00ab\u00a0Ils sont bien mieux physiquement\u00a0\u00bb<\/strong><\/p>\n<p style=\"text-align: justify;\">\u00ab\u00a0Tout \u00e7a est bien s\u00fbr \u00e0 mettre en corr\u00e9lation avec l&rsquo;aspect physique des joueurs. Depuis deux matchs, ils sont bien mieux physiquement. On est au-dessus des adversaires sur cet aspect. Les joueurs se comprennent et combinent mieux. Le milieu de terrain, le couloir gauche, le duo d&rsquo;attaque\u2026 On sent que, physiquement et mentalement, cette philosophie de jeu demande beaucoup d&rsquo;efforts physiques. On sait que certains postes sont restreints. On s&rsquo;interroge encore sur le physique de Faissal Manai, \u00c9ric Vandenabeele ou Soufiane Bahassa\u00a0\u00bb.<\/p>\n<p><strong>\u00ab\u00a0On va dans le bon sens avec cette philosophie de jeu\u00a0\u00bb<\/strong><\/p>\n<p style=\"text-align: justify;\">\u00ab\u00a0\u00c7a fonctionne depuis deux matchs, on va dans la bonne direction. Mais il faudra voir comment ce syst\u00e8me fonctionne sur des terrains plus difficiles, face \u00e0 des blocs bas. Sans oublier lorsque des joueurs cl\u00e9s comme Jean Grillot, Abou Ba ou l&rsquo;un des deux attaquants ne seront pas l\u00e0. On va dans le bon sens avec cette philosophie de jeu. On agresse l&rsquo;adversaire haut sur le terrain, on combine sur les c\u00f4t\u00e9s pour les attaques plac\u00e9es et on joue la profondeur sur les transitions. \u00c0 voir sur la dur\u00e9e\u00a0\u00bb.<\/p>\n<p>Entretien \u00e0 lire &gt;&gt; <a href=\"https:\/\/www.webgirondins.com\/actualite-girondins-philippe-dessertine-j-ai-rencontre-des-investisseurs-importants-attires-par-bordeaux-et-les-girondins-130885\" target=\"_blank\" rel=\"noopener\"><strong>Philippe Dessertine : \u00ab\u00a0J\u2019ai rencontr\u00e9 des investisseurs importants attir\u00e9s par Bordeaux et les Girondins\u00a0\u00bb<\/strong><\/a><\/p>\n<p style=\"text-align: justify;\">\u00a0<\/p>\n","protected":false},"excerpt":{"rendered":"\u00a9 Iconsport Jonathan D\u2019Agostino : \u201cLe 4-4-2 redonne confiance et \u00e9quilibre aux Girondins\u201d Jonathan D\u2019Agostino salue le retour&hellip;\n","protected":false},"author":2,"featured_media":486693,"comment_status":"","ping_status":"","sticky":false,"template":"","format":"standard","meta":{"footnotes":""},"categories":[2817],"tags":[1111,11,150,3396,1997,3477,1446,1777,674,2823,1011,27,1987,6079,3289,12,2219,2195,25,4256,6689,4071,48191,6006,2546],"class_list":{"0":"post-486692","1":"post","2":"type-post","3":"status-publish","4":"format-standard","5":"has-post-thumbnail","7":"category-bordeaux","8":"tag-actu","9":"tag-actualites","10":"tag-apres","11":"tag-avec","12":"tag-bordeaux","13":"tag-cette","14":"tag-dans","15":"tag-eu","16":"tag-europe","17":"tag-face","18":"tag-fr","19":"tag-france","20":"tag-girondins","21":"tag-leader","22":"tag-leur","23":"tag-news","24":"tag-nouvelle-aquitaine","25":"tag-philosophie","26":"tag-republique-francaise","27":"tag-retrouve","28":"tag-roche","29":"tag-sens","30":"tag-sourire","31":"tag-succes","32":"tag-vendee"},"share_on_mastodon":{"url":"https:\/\/pubeurope.com\/@fr\/115429029629213349","error":""},"_links":{"self":[{"href":"https:\/\/www.europesays.com\/fr\/wp-json\/wp\/v2\/posts\/486692","targetHints":{"allow":["GET"]}}],"collection":[{"href":"https:\/\/www.europesays.com\/fr\/wp-json\/wp\/v2\/posts"}],"about":[{"href":"https:\/\/www.europesays.com\/fr\/wp-json\/wp\/v2\/types\/post"}],"author":[{"embeddable":true,"href":"https:\/\/www.europesays.com\/fr\/wp-json\/wp\/v2\/users\/2"}],"replies":[{"embeddable":true,"href":"https:\/\/www.europesays.com\/fr\/wp-json\/wp\/v2\/comments?post=486692"}],"version-history":[{"count":0,"href":"https:\/\/www.europesays.com\/fr\/wp-json\/wp\/v2\/posts\/486692\/revisions"}],"wp:featuredmedia":[{"embeddable":true,"href":"https:\/\/www.europesays.com\/fr\/wp-json\/wp\/v2\/media\/486693"}],"wp:attachment":[{"href":"https:\/\/www.europesays.com\/fr\/wp-json\/wp\/v2\/media?parent=486692"}],"wp:term":[{"taxonomy":"category","embeddable":true,"href":"https:\/\/www.europesays.com\/fr\/wp-json\/wp\/v2\/categories?post=486692"},{"taxonomy":"post_tag","embeddable":true,"href":"https:\/\/www.europesays.com\/fr\/wp-json\/wp\/v2\/tags?post=486692"}],"curies":[{"name":"wp","href":"https:\/\/api.w.org\/{rel}","templated":true}]}}