{"id":486696,"date":"2025-10-24T12:00:26","date_gmt":"2025-10-24T12:00:26","guid":{"rendered":"https:\/\/www.europesays.com\/fr\/486696\/"},"modified":"2025-10-24T12:00:26","modified_gmt":"2025-10-24T12:00:26","slug":"voici-les-destinations-ouvertes-cet-hiver","status":"publish","type":"post","link":"https:\/\/www.europesays.com\/fr\/486696\/","title":{"rendered":"voici les destinations ouvertes cet hiver"},"content":{"rendered":"<p>            Par<br \/>\n        <strong><br \/>\n            <a href=\"https:\/\/actu.fr\/auteur\/marie-lamarque\" title=\"Consulter tous les articles de Marie Lamarque\" target=\"_blank\" rel=\"noopener\">Marie Lamarque<\/a><br \/>\n        <\/strong><\/p>\n<p>        Publi\u00e9 le<\/p>\n<p>            24 oct. 2025 \u00e0 13h16        <\/p>\n<p>Depuis <a href=\"https:\/\/actu.fr\/meteo\/direct-fortes-rafales-transports-perturbes-la-tempete-benjamin-se-dechaine-sur-la-france-ce-jeudi_63334671.html\" target=\"_blank\" rel=\"noopener\">le passage de la temp\u00eate Benjamin<\/a>, les temp\u00e9ratures sont en baisse <a href=\"https:\/\/actu.fr\/toulouse\/\" target=\"_blank\" rel=\"noopener\">\u00e0 Toulouse<\/a>. <strong>La fin d\u2019un \u00e9t\u00e9 indien<\/strong> dont les habitants ont pu profiter durant toute la premi\u00e8re moiti\u00e9 du mois d\u2019octobre. Avec cette grisaille automnale, les envies de soleil et d\u2019\u00e9vasion se font ressentir. Ceux qui ont des pr\u00e9f\u00e9rences pour des destinations lointaines ont peut-\u00eatre d\u00e9j\u00e0 eu le r\u00e9flexe de regarder les destinations accessibles <a href=\"https:\/\/actu.fr\/tag\/aeroport-toulouse-blagnac\" target=\"_blank\" rel=\"noopener\">depuis l\u2019a\u00e9roport de Toulouse-Blagnac (ATB)<\/a>. Ces derniers mois, les diff\u00e9rentes compagnies ont multipli\u00e9 <strong>les annonces de nouvelles destinations pour l\u2019hiver<\/strong>. Pour quel vol voudrez-vous prendre votre billet ? On fait le point.<\/p>\n<p>Direction les plages idylliques\u2026<\/p>\n<p class=\" wall-content\">L\u2019ATB a d\u00e9voil\u00e9 <strong>son programme complet<\/strong> pour cet hiver, du dimanche 26 octobre au 28 mars 2026.<\/p>\n<p class=\" wall-content\"><strong>La compagnie Transavia<\/strong>, filiale low cost du groupe Air France KLM, avait annonc\u00e9, en septembre dernier, tout son nouveau r\u00e9seau qui a \u00e9t\u00e9 <a href=\"https:\/\/actu.fr\/occitanie\/blagnac_31069\/aeroport-de-toulouse-transavia-annonce-de-nouvelles-destinations-dont-une-totalement-exclusive_63166857.html\" target=\"_blank\" rel=\"noopener\">largement \u00e9tir\u00e9 au d\u00e9part de la Ville rose<\/a>. Elle s\u2019est \u00e9galement positionn\u00e9e pour reprendre <a href=\"https:\/\/actu.fr\/occitanie\/blagnac_31069\/vols-entre-paris-et-toulouse-transavia-devoile-les-horaires-de-sa-nouvelle-navette_63166760.html\" target=\"_blank\" rel=\"noopener\">la tr\u00e8s fr\u00e9quent\u00e9e navette Toulouse-Paris<\/a> <strong>qu\u2019Air France n\u2019assurera plus \u00e0 partir d\u2019avril 2026<\/strong>.<\/p>\n<p class=\" wall-content\">Mais hormis la capitale, elle propose des destinations riches en d\u00e9couverte, comme<strong> ces deux \u00eeles de l\u2019archipel du Cap-Vert<\/strong>, connu pour son climat ensoleill\u00e9 toute l\u2019ann\u00e9e et ses plages idylliques :<\/p>\n<ul class=\" wall-content\">\n<li><strong>Boa Vista <\/strong>: au rythme d\u2019un vol par semaine (tous les vendredis), \u00e0 partir de 120 \u20ac l\u2019aller simple \u2013 1\u1d49\u02b3 vol le 31 octobre ;<\/li>\n<li><strong>l\u2019\u00eele de Sal<\/strong>\u00a0: au rythme d\u2019un vol par semaine (tous les vendredis), \u00e0 partir de 139 \u20ac l\u2019aller simple \u2013 1\u1d49\u02b3 vol le 31 octobre.<\/li>\n<\/ul>\n<p>\u2026et les paysages enneig\u00e9s<\/p>\n<p class=\" wall-content\">C\u2019est une destination r\u00eav\u00e9e de l\u2019hiver, <strong>la Laponie avec ses paysages enneig\u00e9s et ses sorties en chien de tra\u00eeneau<\/strong>. Des vols directs sont ouverts depuis Toulouse. Mais des vols ponctuels seront aussi propos\u00e9s par des tour-op\u00e9rateurs pour un s\u00e9jour d\u2019une semaine en pays lapon entre f\u00e9vrier et mars\u00a0:<\/p>\n<ul class=\" wall-content\">\n<li>trois vols vers la capitale, <strong>Rovaniemi, et son c\u00e9l\u00e8bre village du P\u00e8re No\u00ebl<\/strong>, avec Mondial Tourisme ;<\/li>\n<li>un vol vers<strong> Kittil\u00e4, r\u00e9put\u00e9e pour sa station de ski de Levi,<\/strong> avec Premium Travel ;<\/li>\n<li>un vol vers <strong>Kemi-Tornio<\/strong> avec Fram \/ Promovacances.<\/li>\n<\/ul>\n<p>Votre r\u00e9gion, votre actu !<\/p>\n<p>Recevez chaque jour les infos qui comptent pour vous.<\/p>\n<p>\t<a href=\"https:\/\/actu.fr\/newsletter\" class=\"ac-btn ac-btn--corner ac-btn--medium ac-btn--blue800\" target=\"_blank\" rel=\"noopener\">S&rsquo;incrire<\/a><\/p>\n<p>    <img   decoding=\"async\" loading=\"lazy\" src=\"https:\/\/www.europesays.com\/fr\/wp-content\/uploads\/2025\/10\/central-plaza-santa-claus-village-rovaniemi-lapland-finland-1-960x640.jpg\" alt=\"Le village du P\u00e8re No\u00ebl est ouvert toute l'ann\u00e9e.\" width=\"960\" height=\"640\"\/><br \/>\n    Le village du P\u00e8re No\u00ebl est ouvert toute l\u2019ann\u00e9e \u00e0 Rovaniemi. (\u00a9Visit Rovaniemi.)\u2026et d\u2019autres destinations lointaines<\/p>\n<p class=\" wall-content\">Transavia propose aussi des voyages \u00e0 destination de :<\/p>\n<ul class=\" wall-content\">\n<li><strong>Hurghada<\/strong>, une station baln\u00e9aire \u00e9gyptienne au bord de la mer Rouge, pris\u00e9e des adeptes de plong\u00e9e sous-marine : un vol par semaine sera propos\u00e9, tous les samedis, d\u00e8s le 1\u1d49\u02b3 novembre, \u00e0 partir de 67 \u20ac l\u2019aller simple ;<\/li>\n<li><strong>Djeddah (Arabie Saoudite)<\/strong>, 2\u1d49 ville du royaume saoudien : un vol par semaine, le mercredi, d\u00e8s le 29 octobre, \u00e0 partir de 99 \u20ac l\u2019aller simple ;<\/li>\n<li><strong>Tel Aviv (Isra\u00ebl)<\/strong>, 2e ville du pays : un vol par semaine sera propos\u00e9, tous les lundis, d\u00e8s le 27 octobre, \u00e0 partir de 79 \u20ac l\u2019aller simple ;<\/li>\n<li><strong>Tunis<\/strong>, la capitale tunisienne qui abrite le mus\u00e9e du Bardo et une superbe m\u00e9dina : un vol par semaine, tous les dimanches, d\u00e8s le 26 octobre, \u00e0 partir de 64 \u20ac l\u2019aller simple ;<\/li>\n<li><strong>Agadir<\/strong>, c\u00e9l\u00e8bre station baln\u00e9aire au sud du Maroc : un vol par semaine (les samedis), \u00e0 partir de 49 \u20ac l\u2019aller simple (ouverte depuis le 20 octobre).<\/li>\n<\/ul>\n<p>    <img   decoding=\"async\" loading=\"lazy\" src=\"https:\/\/www.europesays.com\/fr\/wp-content\/uploads\/2025\/10\/hurghada-toulouse-egypte-transavia-960x640.jpeg\" alt=\"Deux destinations de r\u00eave au d\u00e9part de Toulouse-Blagnac cet hiver, notamment une station baln\u00e9aire tr\u00e8s pris\u00e9e\" width=\"960\" height=\"640\"\/><br \/>\n    Hurghada, une station baln\u00e9aire tr\u00e8s pris\u00e9e. (\u00a9AdobeStock)Trois compagnies pour s\u2019envoler vers Marrakech<\/p>\n<p class=\" wall-content\"><strong>Marrakech, la ville ocre du Maroc<\/strong>, est encore plus accessible depuis la Ville rose. Cette \u00ab\u00a0destination embl\u00e9matique et pris\u00e9e des Toulousains\u00a0\u00bb, souligne l\u2019ATB, est maintenant desservie par trois nouvelles compagnies a\u00e9riennes au rythme de :<\/p>\n<ul class=\" wall-content\">\n<li>deux vols par semaine (le jeudi et le dimanche) avec Transavia : \u00e0 partir de 54 \u20ac l\u2019aller simple (ouverte depuis le 19 octobre) ;<\/li>\n<li>\u00a0deux vols par semaine (lundi et vendredi) avec Royal Air Maroc : \u00e0 partir de 74 \u20ac aller-retour ;<\/li>\n<li>trois vols par semaine (mardi, jeudi et samedi) avec easyJet : \u00e0 partir de 74 \u20ac aller-retour.<\/li>\n<\/ul>\n<p>    <img   decoding=\"async\" loading=\"lazy\" src=\"https:\/\/www.europesays.com\/fr\/wp-content\/uploads\/2025\/10\/marrakech-medina-maroc-960x640.jpeg\" alt=\"Transavia ouvre deux nouvelles lignes entre Toulouse-Blagnac et le Maroc en cette ann\u00e9e 2025\" width=\"960\" height=\"640\"\/><br \/>\n    Transavia ouvre deux nouvelles lignes entre Toulouse-Blagnac et le Maroc. (\u00a9Adobe Stock)Et des destinations en Europe\u2026<\/p>\n<p class=\" wall-content\">Plusieurs destinations partout en Europe sont aussi ouvertes :<\/p>\n<ul class=\" wall-content\">\n<li><strong>Londres-Gatwick<\/strong>, \u00e0 nouveau desservie avec easyJet avec deux vols par semaine (lundi et vendredi) et jusqu\u2019\u00e0 six vols hebdomadaires pendant la p\u00e9riode de No\u00ebl ou des vacances d\u2019hiver : \u00e0 partir de 58 \u20ac aller-retour ;<\/li>\n<li><strong>Florence (Italie)<\/strong> avec deux vols par semaine (jeudi et dimanche) avec Volotea : \u00e0 partir de 77 \u20ac aller-retour ;<\/li>\n<li><strong>Venise (Italie)<\/strong> avec deux vols par semaine (jeudi et dimanche) avec Volotea : \u00e0 partir de 72 \u20ac aller-retour ;<\/li>\n<li><strong>Luxembourg<\/strong> avec six vols ponctuels (mardi et vendredi) du 20 f\u00e9vrier 2026 au 10 mars 2026 avec Volotea : \u00e0 partir de 97 \u20ac aller-retour ;<\/li>\n<li>l\u2019offre vers<strong> S\u00e9ville (Espagne)<\/strong> est augment\u00e9e avec un nouvel op\u00e9rateur, Transavia, qui propose deux vols suppl\u00e9mentaires par semaine (jeudi et dimanche) : \u00e0 partir de 31 \u20ac l\u2019aller simple \u2013 1\u1d49\u02b3 vol le 26 octobre ;<\/li>\n<li><strong>Prague<\/strong> est desservie par une toute nouvelle compagnie a\u00e9rienne tch\u00e8que <a href=\"https:\/\/actu.fr\/occitanie\/toulouse_31555\/l-aeroport-toulouse-blagnac-ouvre-une-ligne-vers-une-nouvelle-destination-tres-populaire_62825022.html\" target=\"_blank\" rel=\"noopener\">qui a fait son entr\u00e9e \u00e0 l\u2019a\u00e9roport de Toulouse, Smartwings<\/a>, \u00e0 raison de deux vols par semaine (mardi et vendredi).<\/li>\n<\/ul>\n<p>Des vols sp\u00e9ciaux pour le Tournoi des Six Nations<\/p>\n<p>Nul doute que les dates sont d\u00e9j\u00e0 coch\u00e9es dans les agendas des Toulousains fans de rugby. Le Tournoi des Six Nations 2026 s&rsquo;ouvrira le 5 f\u00e9vrier avec un choc tr\u00e8s attendu France-Irlande. Il se cl\u00f4turera en apoth\u00e9ose avec le traditionnel Crunch, disput\u00e9 cette ann\u00e9e au Stade de France. Un choc, le samedi 14 mars, face au XV de la Rose pour une potentielle finale du Tournoi.<br \/>Et pour suivre les rencontres au plus pr\u00e8s du terrain, l&rsquo;ATB propose quelques vols charters, et donc non r\u00e9guliers, vers Edimbourg et Cardiff.<\/p>\n<p>\u2026mais aussi en France<\/p>\n<p class=\" wall-content\">Pas envie de quitter la fronti\u00e8re durant les vacances ou pour passer un simple week-end ? Plusieurs destinations en France sont \u00e9galement accessibles, <strong>\u00e0 commencer par Paris<\/strong>. La capitale est aussi bien pris\u00e9e par les travailleurs que par les touristes fran\u00e7ais :<\/p>\n<ul class=\" wall-content\">\n<li>Air France renforce sa desserte de Paris-Roissy Charles-de-Gaulle, avec jusqu\u2019\u00e0 quatre vols quotidiens suppl\u00e9mentaires, soit un total de 12 vols par jour ;<\/li>\n<li>easyJet augmente \u00e9galement sa desserte vers Paris-Orly avec un 6e vol quotidien les lundis et vendredis.<\/li>\n<\/ul>\n<p class=\" wall-content\">Par ailleurs, <a href=\"https:\/\/actu.fr\/occitanie\/toulouse_31555\/aeroport-de-toulouse-blagnac-une-nouvelle-ligne-a-destination-d-une-grande-capitale-regionale-ouvre_62923577.html\" target=\"_blank\" rel=\"noopener\">Twinjet lance une nouvelle liaison<\/a> <strong>vers Nantes<\/strong>, avec jusqu\u2019\u00e0 deux vols par semaine (mardi et mercredi). Et une nouvelle liaison a \u00e9t\u00e9 lanc\u00e9e en septembre dernier. <strong>Volotea dessert d\u00e9sormais Rennes<\/strong> avec deux vols par semaine (jeudi et dimanche).<\/p>\n<p class=\" wall-content\">Avec toutes ces possibilit\u00e9s, il n\u2019y a plus qu\u2019\u00e0 faire son choix !<\/p>\n<p class=\" wall-content\">Personnalisez votre actualit\u00e9 en ajoutant vos villes et m\u00e9dias en favori avec <a href=\"https:\/\/moncompte.actu.fr\" title=\"D\u00e9couvez Mon Actu\" rel=\"nofollow noopener\" data-trk=\"{&quot;cta&quot;:{&quot;action&quot;:&quot;https:\\\/\\\/moncompte.actu.fr&quot;,&quot;category&quot;:&quot;mon compte&quot;,&quot;from&quot;:&quot;article footer&quot;,&quot;name&quot;:&quot;Mon actu&quot;,&quot;type&quot;:&quot;cta&quot;}}\" target=\"_blank\">Mon Actu<\/a>.<\/p>\n","protected":false},"excerpt":{"rendered":"Par Marie Lamarque Publi\u00e9 le 24 oct. 2025 \u00e0 13h16 Depuis le passage de la temp\u00eate Benjamin, les&hellip;\n","protected":false},"author":2,"featured_media":486697,"comment_status":"","ping_status":"","sticky":false,"template":"","format":"standard","meta":{"footnotes":""},"categories":[2816],"tags":[1111,11,103,1777,674,1011,27,12,2680,25,104,2312,756],"class_list":{"0":"post-486696","1":"post","2":"type-post","3":"status-publish","4":"format-standard","5":"has-post-thumbnail","7":"category-toulouse","8":"tag-actu","9":"tag-actualites","10":"tag-aeroport-toulouse-blagnac","11":"tag-eu","12":"tag-europe","13":"tag-fr","14":"tag-france","15":"tag-news","16":"tag-occitanie","17":"tag-republique-francaise","18":"tag-societe","19":"tag-toulouse","20":"tag-transavia"},"share_on_mastodon":{"url":"https:\/\/pubeurope.com\/@fr\/115429036858377292","error":""},"_links":{"self":[{"href":"https:\/\/www.europesays.com\/fr\/wp-json\/wp\/v2\/posts\/486696","targetHints":{"allow":["GET"]}}],"collection":[{"href":"https:\/\/www.europesays.com\/fr\/wp-json\/wp\/v2\/posts"}],"about":[{"href":"https:\/\/www.europesays.com\/fr\/wp-json\/wp\/v2\/types\/post"}],"author":[{"embeddable":true,"href":"https:\/\/www.europesays.com\/fr\/wp-json\/wp\/v2\/users\/2"}],"replies":[{"embeddable":true,"href":"https:\/\/www.europesays.com\/fr\/wp-json\/wp\/v2\/comments?post=486696"}],"version-history":[{"count":0,"href":"https:\/\/www.europesays.com\/fr\/wp-json\/wp\/v2\/posts\/486696\/revisions"}],"wp:featuredmedia":[{"embeddable":true,"href":"https:\/\/www.europesays.com\/fr\/wp-json\/wp\/v2\/media\/486697"}],"wp:attachment":[{"href":"https:\/\/www.europesays.com\/fr\/wp-json\/wp\/v2\/media?parent=486696"}],"wp:term":[{"taxonomy":"category","embeddable":true,"href":"https:\/\/www.europesays.com\/fr\/wp-json\/wp\/v2\/categories?post=486696"},{"taxonomy":"post_tag","embeddable":true,"href":"https:\/\/www.europesays.com\/fr\/wp-json\/wp\/v2\/tags?post=486696"}],"curies":[{"name":"wp","href":"https:\/\/api.w.org\/{rel}","templated":true}]}}