{"id":486698,"date":"2025-10-24T12:02:25","date_gmt":"2025-10-24T12:02:25","guid":{"rendered":"https:\/\/www.europesays.com\/fr\/486698\/"},"modified":"2025-10-24T12:02:25","modified_gmt":"2025-10-24T12:02:25","slug":"lille-derange-on-a-mis-la-main-sur-le-texto-de-letang-a-ceferin-24-10-2025-a-1204","status":"publish","type":"post","link":"https:\/\/www.europesays.com\/fr\/486698\/","title":{"rendered":"\u00ab Lille d\u00e9range \u00bb : on a mis la main sur le texto de L\u00e9tang \u00e0 \u010ceferin &#8211; 24\/10\/2025 \u00e0 12:04"},"content":{"rendered":"<p>        <img fetchpriority=\"high\" decoding=\"async\" src=\"https:\/\/www.europesays.com\/fr\/wp-content\/uploads\/2025\/10\/0e4dcdbd2c77127512210b29d279e7a8-760x507.jpg\" alt=\"\u00ab Lille d\u00e9range \u00bb : on a mis la main sur le texto de L\u00e9tang \u00e0 \u010ceferin\" loading=\"eager\" width=\"760\" height=\"507\" style=\"max-width: 100%!important; height: auto;\"\/><\/p>\n<p class=\"c-image-news__legend\">\u00ab Lille d\u00e9range \u00bb : on a mis la main sur le texto de L\u00e9tang \u00e0 \u010ceferin<\/p>\n<p>\n <strong><br \/>\n  Ce jeudi, le pr\u00e9sident du LOSC n&rsquo;a pas appr\u00e9ci\u00e9, mais alors pas du tout, l&rsquo;arbitrage de M. Nikola Dabanovi\u0107 lors du match contre le PAOK Salonique. Au point d&rsquo;envoyer \u00e0 chaud un petit texto au pr\u00e9sident de l&rsquo;UEFA Aleksander \u010ceferin. Dans les grandes lignes, voil\u00e0 \u00e0 quoi il doit ressembler.<br \/>\n <\/strong>\n<\/p>\n<p>\n \u00ab\u202fSalut Aleks\u2019, c\u2019est Olive ! Je te d\u00e9range pas ?\n<\/p>\n<p>\n Bon, je ne suis pas du tout, du tout, du tout content l\u00e0. Je t\u2019\u00e9cris depuis le stade Pierre-Mauroy, ce magnifique \u00e9crin, pour te faire part de mon immense m\u00e9contentement (mais vraiment immense) face \u00e0 la d\u00e9cision ubuesque de ce Dabanovic. Je ne sais pas si tu es devant le match, mais il y avait clairement penalty sur Matias Fernandez-Pardo \u00e0 la 43<\/p>\n<p>  e<\/p>\n<p> minute et 3 secondes\u2026 J\u2019essaie de t\u2019envoyer la vid\u00e9o, mais je gal\u00e8re \u00e0 faire un screen sur MyCanal l\u00e0, bon bref, tout \u00e7a pour te dire que cet arbitre mont\u00e9n\u00e9grin qui n\u2019a tout simplement pas le niveau a pass\u00e9 trois plombes \u00e0 la VAR pour prendre la d\u00e9cision de ne pas accorder de penalty au LOSC.\u2026\n<\/p>\n<p>\n <strong><br \/>\n  Par la cellule enqu\u00eate de So Foot pour SOFOOT.com<br \/>\n <\/strong>\n<\/p>\n<p><a data-tag-commander-click=\"{&quot;label&quot;: &quot;articles::lire_la_suite_site_partenaire::so_foot::lille_derange_on_a_mis_la_main_sur_le_texto_de_letang_a_eferin&quot;, &quot;s2&quot;: 2, &quot;type&quot;: &quot;exit&quot;}\" target=\"_blank\" rel=\"noopener noreferrer canonical nofollow\" class=\"lienExterne c-link c-link--animated u-text-size-lg\" href=\"https:\/\/www.sofoot.com\/articles\/lille-derange-on-a-mis-la-main-sur-le-message-dolivier-letang-a-aleksander-ceferin-pendant-losc-paok\">Lire la suite de l&rsquo;article sur SoFoot.com<\/a><\/p>\n","protected":false},"excerpt":{"rendered":"\u00ab Lille d\u00e9range \u00bb : on a mis la main sur le texto de L\u00e9tang \u00e0 \u010ceferin Ce&hellip;\n","protected":false},"author":2,"featured_media":486699,"comment_status":"","ping_status":"","sticky":false,"template":"","format":"standard","meta":{"footnotes":""},"categories":[2815],"tags":[400,1111,11,398,408,405,1777,674,1011,27,811,403,402,399,1307,404,12,25,401,406,407],"class_list":{"0":"post-486698","1":"post","2":"type-post","3":"status-publish","4":"format-standard","5":"has-post-thumbnail","7":"category-lille","8":"tag-action-cac-40","9":"tag-actu","10":"tag-actualites","11":"tag-bourse-de-paris","12":"tag-boursorama","13":"tag-cotations","14":"tag-eu","15":"tag-europe","16":"tag-fr","17":"tag-france","18":"tag-hauts-de-france","19":"tag-indices-devises","20":"tag-investir","21":"tag-investissement","22":"tag-lille","23":"tag-marche-boursier","24":"tag-news","25":"tag-republique-francaise","26":"tag-sicav","27":"tag-trackers","28":"tag-warrants"},"share_on_mastodon":{"url":"https:\/\/pubeurope.com\/@fr\/115429045164135667","error":""},"_links":{"self":[{"href":"https:\/\/www.europesays.com\/fr\/wp-json\/wp\/v2\/posts\/486698","targetHints":{"allow":["GET"]}}],"collection":[{"href":"https:\/\/www.europesays.com\/fr\/wp-json\/wp\/v2\/posts"}],"about":[{"href":"https:\/\/www.europesays.com\/fr\/wp-json\/wp\/v2\/types\/post"}],"author":[{"embeddable":true,"href":"https:\/\/www.europesays.com\/fr\/wp-json\/wp\/v2\/users\/2"}],"replies":[{"embeddable":true,"href":"https:\/\/www.europesays.com\/fr\/wp-json\/wp\/v2\/comments?post=486698"}],"version-history":[{"count":0,"href":"https:\/\/www.europesays.com\/fr\/wp-json\/wp\/v2\/posts\/486698\/revisions"}],"wp:featuredmedia":[{"embeddable":true,"href":"https:\/\/www.europesays.com\/fr\/wp-json\/wp\/v2\/media\/486699"}],"wp:attachment":[{"href":"https:\/\/www.europesays.com\/fr\/wp-json\/wp\/v2\/media?parent=486698"}],"wp:term":[{"taxonomy":"category","embeddable":true,"href":"https:\/\/www.europesays.com\/fr\/wp-json\/wp\/v2\/categories?post=486698"},{"taxonomy":"post_tag","embeddable":true,"href":"https:\/\/www.europesays.com\/fr\/wp-json\/wp\/v2\/tags?post=486698"}],"curies":[{"name":"wp","href":"https:\/\/api.w.org\/{rel}","templated":true}]}}