{"id":486700,"date":"2025-10-24T12:03:10","date_gmt":"2025-10-24T12:03:10","guid":{"rendered":"https:\/\/www.europesays.com\/fr\/486700\/"},"modified":"2025-10-24T12:03:10","modified_gmt":"2025-10-24T12:03:10","slug":"jusqua-7-ans-ferme-pour-les-proxenetes-lover-boys-juges-a-marseille-pour-avoir-prostitue-60-roumaines","status":"publish","type":"post","link":"https:\/\/www.europesays.com\/fr\/486700\/","title":{"rendered":"Jusqu&rsquo;\u00e0 7 ans ferme pour les prox\u00e9n\u00e8tes \u00ab\u00a0lover boys\u00a0\u00bb, jug\u00e9s \u00e0 Marseille pour avoir prostitu\u00e9 60 Roumaines"},"content":{"rendered":"<p>Quelques soupirs de soulagement sur le banc des pr\u00e9venus, et un sanglot \u00e9touff\u00e9 dans les rangs du public. Ce vendredi matin, le tribunal correctionnel de Marseille a condamn\u00e9 six hommes, dont cinq Roumains et un Fran\u00e7ais \u00e0 des peines allant de quatre ans de prison dont un ferme \u00e0 sept ann\u00e9es d&#8217;emprisonnement.<\/p>\n<p>Jug\u00e9s depuis la semaine derni\u00e8re pour avoir prostitu\u00e9 une soixantaine de jeunes Roumaines, toutes originaires de la m\u00eame r\u00e9gion, les pr\u00e9venus ont \u00e9cop\u00e9 de peines nettement inf\u00e9rieures <a href=\"https:\/\/www.laprovence.com\/article\/faits-divers-justice\/14632635936710\/reseau-international-de-proxenetes-qui-n-ont-de-lover-boys-que-le-nom-jusqua-neuf-ans-de-prison-requis\" target=\"_blank\" rel=\"noopener\">aux r\u00e9quisitions du minist\u00e8re public<\/a>, le tribunal n&rsquo;ayant pas retenu le d\u00e9lit de traite d&rsquo;\u00eatre humain. Consid\u00e9r\u00e9s comme faisant partie du noyau fondateur d&rsquo;un r\u00e9seau de prox\u00e9n\u00e9tisme international, Leonard Mitrea et Razvan-Ionut Calin ont \u00e9t\u00e9 condamn\u00e9s respectivement \u00e0 six et sept ans de prison. Les Zanfir, p\u00e8re et fils, sont repartis du tribunal menottes aux poignets pour purger des peines de cinq et trois ans d&#8217;emprisonnement.<\/p>\n<p>Jusqu&rsquo;\u00e0 30\u00a0000\u00a0\u20ac de b\u00e9n\u00e9fice mensuel<\/p>\n<p>Condamn\u00e9 \u00e0 quatre ann\u00e9es de privation de libert\u00e9, Florin Nicolae a accueilli la peine \u00e9nonc\u00e9e par la pr\u00e9sidente Christel Estienne-Garcia avec un sourire, celle-ci couvrant le temps d\u00e9j\u00e0 effectu\u00e9 en d\u00e9tention provisoire. Comme pour ses comp&#8230;<\/p>\n","protected":false},"excerpt":{"rendered":"Quelques soupirs de soulagement sur le banc des pr\u00e9venus, et un sanglot \u00e9touff\u00e9 dans les rangs du public.&hellip;\n","protected":false},"author":2,"featured_media":486701,"comment_status":"","ping_status":"","sticky":false,"template":"","format":"standard","meta":{"footnotes":""},"categories":[2814],"tags":[17,1111,11,1764,1102,1777,674,274,9095,1011,27,12333,151,60992,884,12,471,882,60991,25],"class_list":{"0":"post-486700","1":"post","2":"type-post","3":"status-publish","4":"format-standard","5":"has-post-thumbnail","7":"category-marseille","8":"tag-17","9":"tag-actu","10":"tag-actualites","11":"tag-ans","12":"tag-breakingnews","13":"tag-eu","14":"tag-europe","15":"tag-faits-divers-justice","16":"tag-ferme","17":"tag-fr","18":"tag-france","19":"tag-jusqua","20":"tag-les","21":"tag-lover","22":"tag-marseille","23":"tag-news","24":"tag-pour","25":"tag-provence-alpes-cote-dazur","26":"tag-proxenetes","27":"tag-republique-francaise"},"share_on_mastodon":{"url":"https:\/\/pubeurope.com\/@fr\/115429048565215446","error":""},"_links":{"self":[{"href":"https:\/\/www.europesays.com\/fr\/wp-json\/wp\/v2\/posts\/486700","targetHints":{"allow":["GET"]}}],"collection":[{"href":"https:\/\/www.europesays.com\/fr\/wp-json\/wp\/v2\/posts"}],"about":[{"href":"https:\/\/www.europesays.com\/fr\/wp-json\/wp\/v2\/types\/post"}],"author":[{"embeddable":true,"href":"https:\/\/www.europesays.com\/fr\/wp-json\/wp\/v2\/users\/2"}],"replies":[{"embeddable":true,"href":"https:\/\/www.europesays.com\/fr\/wp-json\/wp\/v2\/comments?post=486700"}],"version-history":[{"count":0,"href":"https:\/\/www.europesays.com\/fr\/wp-json\/wp\/v2\/posts\/486700\/revisions"}],"wp:featuredmedia":[{"embeddable":true,"href":"https:\/\/www.europesays.com\/fr\/wp-json\/wp\/v2\/media\/486701"}],"wp:attachment":[{"href":"https:\/\/www.europesays.com\/fr\/wp-json\/wp\/v2\/media?parent=486700"}],"wp:term":[{"taxonomy":"category","embeddable":true,"href":"https:\/\/www.europesays.com\/fr\/wp-json\/wp\/v2\/categories?post=486700"},{"taxonomy":"post_tag","embeddable":true,"href":"https:\/\/www.europesays.com\/fr\/wp-json\/wp\/v2\/tags?post=486700"}],"curies":[{"name":"wp","href":"https:\/\/api.w.org\/{rel}","templated":true}]}}