{"id":486710,"date":"2025-10-24T12:08:10","date_gmt":"2025-10-24T12:08:10","guid":{"rendered":"https:\/\/www.europesays.com\/fr\/486710\/"},"modified":"2025-10-24T12:08:10","modified_gmt":"2025-10-24T12:08:10","slug":"du-faux-jambon-pata-negra-trois-entreprises-de-paris-et-du-val-de-marne-accusees-de-tromper-leurs-clients","status":"publish","type":"post","link":"https:\/\/www.europesays.com\/fr\/486710\/","title":{"rendered":"Du faux jambon \u00ab\u00a0pata negra\u00a0\u00bb ? Trois entreprises de Paris et du Val-de-Marne accus\u00e9es de tromper leurs clients"},"content":{"rendered":"<p>            Par<br \/>\n        <strong><br \/>\n            <a href=\"https:\/\/actu.fr\/auteur\/redaction-paris\" title=\"Consulter tous les articles de R\u00e9daction Paris\" target=\"_blank\" rel=\"noopener\">R\u00e9daction Paris<\/a><br \/>\n        <\/strong><\/p>\n<p>        Publi\u00e9 le<\/p>\n<p>            24 oct. 2025 \u00e0 13h26        <\/p>\n<p>De la pata negra qui n\u2019en \u00e9tait pas ? C\u2019est l\u2019accusation qui p\u00e8se contre trois soci\u00e9t\u00e9s de charcuterie, qui encourent chacune <strong>1,5 million d\u2019euros d\u2019amende<\/strong>, a fait savoir le <a href=\"https:\/\/actu.fr\/tag\/tribunal-de-creteil\" target=\"_blank\" rel=\"noopener\">parquet de Cr\u00e9teil<\/a>, qui a engag\u00e9 des poursuites pour pratiques commerciales trompeuses.<\/p>\n<p>\u00ab\u00a0Un pr\u00e9judice important aux int\u00e9r\u00eats des consommateurs\u00a0\u00bb<\/p>\n<p class=\" wall-content\">Les entreprises <strong>Casa Ramon<\/strong>, le <strong>Comptoir du Pata Negra<\/strong> et <strong>ABG Holding<\/strong> sont soup\u00e7onn\u00e9es d\u2019avoir utilis\u00e9 des d\u00e9nominations valorisantes telles que \u00ab\u00a0pata negra\u00a0\u00bb ou \u00ab\u00a0bellota\u00a0\u00bb, des vari\u00e9t\u00e9s haut de gamme de jambons espagnols, sur des produits de charcuterie \u00ab\u00a0qui ne pourraient pas y pr\u00e9tendre\u00a0\u00bb, selon la Direction g\u00e9n\u00e9rale de la concurrence, de la consommation et de la r\u00e9pression des fraudes (DGCCRF).<\/p>\n<p class=\" wall-content\">Toutes trois domicili\u00e9es en Ile-de-France, elles partagent le m\u00eame duo de dirigeants, selon des documents officiels disponibles en ligne. \u00ab\u00a0Mes clients contestent fermement toutes les infractions. Le <strong>dossier est totalement vide<\/strong>, il est fait sur des statistiques, il n\u2019y a jamais eu de contr\u00f4le sur place\u00a0\u00bb, a r\u00e9agi aupr\u00e8s de l\u2019AFP Ivan Itzkovitch, avocat des soci\u00e9t\u00e9s Casa Ramon et Comptoir du Pata Negra.<\/p>\n<p class=\" wall-content\">\u00ab\u00a0Je suis tr\u00e8s \u00e9tonn\u00e9 que le parquet communique sur <strong>une affaire pas encore jug\u00e9e<\/strong>\u00ab\u00a0, a-t-il ajout\u00e9, insistant sur le fait que \u00ab\u00a0les infractions n\u2019avaient pas \u00e9t\u00e9 reconnues par un tribunal\u00a0\u00bb.\u00a0L\u2019audience doit en effet se tenir le 5 janvier 2026 devant la 9e chambre correctionnelle du tribunal correctionnel de Cr\u00e9teil.<\/p>\n<p class=\" wall-content\">La DGCCRF estime que les pratiques des soci\u00e9t\u00e9s pourraient avoir port\u00e9 \u00ab\u00a0un pr\u00e9judice important aux int\u00e9r\u00eats des consommateurs pensant acheter des produits de qualit\u00e9 sup\u00e9rieure\u00a0\u00bb. De plus, les trois entreprises ont<strong> refus\u00e9 de payer des amendes<\/strong> qui leur avaient \u00e9t\u00e9 propos\u00e9es, explique la r\u00e9pression des fraudes, entra\u00eenant ainsi les poursuites du procureur de la R\u00e9publique de Cr\u00e9teil.<\/p>\n<p class=\" wall-content\">Le montant des sanctions peut \u00eatre port\u00e9 \u00ab\u00a0\u00e0 <strong>10 % du chiffre d\u2019affaires moyen<\/strong> annuel\u00a0\u00bb, pr\u00e9cise le gendarme de la consommation.<\/p>\n<p class=\" wall-content\">Avec AFP.<\/p>\n<p class=\" wall-content\">Personnalisez votre actualit\u00e9 en ajoutant vos villes et m\u00e9dias en favori avec <a href=\"https:\/\/moncompte.actu.fr\" title=\"D\u00e9couvez Mon Actu\" rel=\"nofollow noopener\" data-trk=\"{&quot;cta&quot;:{&quot;action&quot;:&quot;https:\\\/\\\/moncompte.actu.fr&quot;,&quot;category&quot;:&quot;mon compte&quot;,&quot;from&quot;:&quot;article footer&quot;,&quot;name&quot;:&quot;Mon actu&quot;,&quot;type&quot;:&quot;cta&quot;}}\" target=\"_blank\">Mon Actu<\/a>.<\/p>\n","protected":false},"excerpt":{"rendered":"Par R\u00e9daction Paris Publi\u00e9 le 24 oct. 2025 \u00e0 13h26 De la pata negra qui n\u2019en \u00e9tait pas&hellip;\n","protected":false},"author":2,"featured_media":486711,"comment_status":"","ping_status":"","sticky":false,"template":"","format":"standard","meta":{"footnotes":""},"categories":[1592],"tags":[1111,11,3514,215,1777,674,1011,27,662,12,626,25,104,4310],"class_list":{"0":"post-486710","1":"post","2":"type-post","3":"status-publish","4":"format-standard","5":"has-post-thumbnail","7":"category-ile-de-france","8":"tag-actu","9":"tag-actualites","10":"tag-arnaque","11":"tag-commerce","12":"tag-eu","13":"tag-europe","14":"tag-fr","15":"tag-france","16":"tag-ile-de-france","17":"tag-news","18":"tag-paris","19":"tag-republique-francaise","20":"tag-societe","21":"tag-tribunal-de-creteil"},"share_on_mastodon":{"url":"https:\/\/pubeurope.com\/@fr\/115429068334105839","error":""},"_links":{"self":[{"href":"https:\/\/www.europesays.com\/fr\/wp-json\/wp\/v2\/posts\/486710","targetHints":{"allow":["GET"]}}],"collection":[{"href":"https:\/\/www.europesays.com\/fr\/wp-json\/wp\/v2\/posts"}],"about":[{"href":"https:\/\/www.europesays.com\/fr\/wp-json\/wp\/v2\/types\/post"}],"author":[{"embeddable":true,"href":"https:\/\/www.europesays.com\/fr\/wp-json\/wp\/v2\/users\/2"}],"replies":[{"embeddable":true,"href":"https:\/\/www.europesays.com\/fr\/wp-json\/wp\/v2\/comments?post=486710"}],"version-history":[{"count":0,"href":"https:\/\/www.europesays.com\/fr\/wp-json\/wp\/v2\/posts\/486710\/revisions"}],"wp:featuredmedia":[{"embeddable":true,"href":"https:\/\/www.europesays.com\/fr\/wp-json\/wp\/v2\/media\/486711"}],"wp:attachment":[{"href":"https:\/\/www.europesays.com\/fr\/wp-json\/wp\/v2\/media?parent=486710"}],"wp:term":[{"taxonomy":"category","embeddable":true,"href":"https:\/\/www.europesays.com\/fr\/wp-json\/wp\/v2\/categories?post=486710"},{"taxonomy":"post_tag","embeddable":true,"href":"https:\/\/www.europesays.com\/fr\/wp-json\/wp\/v2\/tags?post=486710"}],"curies":[{"name":"wp","href":"https:\/\/api.w.org\/{rel}","templated":true}]}}