{"id":486714,"date":"2025-10-24T12:10:22","date_gmt":"2025-10-24T12:10:22","guid":{"rendered":"https:\/\/www.europesays.com\/fr\/486714\/"},"modified":"2025-10-24T12:10:22","modified_gmt":"2025-10-24T12:10:22","slug":"guerlain-celebre-lamour-autour-dune-exposition-en-marge-dart-basel-paris","status":"publish","type":"post","link":"https:\/\/www.europesays.com\/fr\/486714\/","title":{"rendered":"Guerlain c\u00e9l\u00e8bre l&rsquo;amour autour d&rsquo;une exposition en marge d&rsquo;Art Basel Paris"},"content":{"rendered":"<p>Une exposition riche, qui \u00e9veille aussi notre sens olfactif. Delphine Jelk, parfumeure de Guerlain, et le studio sensoriel Magique Studio, ont travaill\u00e9 sur un parcours qui stimule notre odorat en associant des senteurs \u00e0 certaines oeuvres. Le portrait de Louise Bourgeois tenant sa sculpture Fileltte, photographi\u00e9e par Robert Mapplethorpe est associ\u00e9 \u00e0 l&rsquo;odeur de Shalimar, parfum iconique de la maison, qui f\u00eate cette ann\u00e9e ses 100 ans.<\/p>\n<p><strong>Guerlain f\u00eate les 100 ans de Shalimar<\/strong><\/p>\n<p>Cr\u00e9\u00e9e en 1925 par Jacques Guerlain, cette fragrance a \u00e9t\u00e9 inspir\u00e9e par l&rsquo;histoire d&rsquo;amour de Mumtaz et de l&#8217;empereur Shah Jahan au coeur des jardins de Shalimar \u00e0 Agra, en Inde. Ce parfum, v\u00e9ritable embl\u00e8me de la maison Guerlain depuis un si\u00e8cle, \u00e9tait celui de la sculptrice Louise Bourgeois. Elle aimait d&rsquo;ailleurs dire \u00ab\u00a0Les parfums, comme les souvenirs, ils apparaissent et puis ils disparaissent, et ils r\u00e9apparaissent\u2026 C&rsquo;est la preuve que c&rsquo;est la dur\u00e9e du temps. J&rsquo;utilise Shalimar depuis des d\u00e9cennies. Je lui suis fid\u00e8le.\u00a0\u00bb Le parfum s&rsquo;impose facilement comme une madeleine de Proust pour tout un chacun. Au m\u00eame titre que l&rsquo;art visuel, il \u00e9voque bien souvent des souvenirs li\u00e9s \u00e0 l&rsquo;amour, \u00e0 l&rsquo;affection, \u00e0 la tendresse. Guerlain a ainsi su jouer sur ce lien ind\u00e9fectible que le parfum entretien avec l&rsquo;amour.<\/p>\n<p><img decoding=\"async\" alt=\"Exposition Guerlain en plein coeur\" loading=\"lazy\" class=\"ResponsiveImageContainer-eNxvmU cfBbTk responsive-image__image\"   src=\"https:\/\/www.europesays.com\/fr\/wp-content\/uploads\/2025\/10\/_DSF1050-HDR-Modifier%202.jpg\"\/><\/p>\n<p>\u00a9 Max Vm \/ Guerlain<\/p>\n<p><img decoding=\"async\" alt=\"boutique Guerlain avenue des ChampsElyses\" loading=\"lazy\" class=\"ResponsiveImageContainer-eNxvmU cfBbTk responsive-image__image\"   src=\"https:\/\/www.europesays.com\/fr\/wp-content\/uploads\/2025\/10\/_DSF1119-Modifier.jpg\"\/><\/p>\n<p>\u00a9 Max Vm \/ Guerlain<\/p>\n<p>En plein coeur, un si\u00e8cle d&rsquo;amour sans filtre, \u00e0 la Maison Guerlain, 68 avenue des Champs-\u00c9lys\u00e9es, 75008 Paris, jusqu&rsquo;au 16 novembre 2025.<\/p>\n","protected":false},"excerpt":{"rendered":"Une exposition riche, qui \u00e9veille aussi notre sens olfactif. Delphine Jelk, parfumeure de Guerlain, et le studio sensoriel&hellip;\n","protected":false},"author":2,"featured_media":486715,"comment_status":"","ping_status":"","sticky":false,"template":"","format":"standard","meta":{"footnotes":""},"categories":[1888],"tags":[1111,1928,11,1927,7456,1777,674,1349,1011,27,12,1926,626,1925,25],"class_list":{"0":"post-486714","1":"post","2":"type-post","3":"status-publish","4":"format-standard","5":"has-post-thumbnail","7":"category-paris","8":"tag-actu","9":"tag-actu-paris","10":"tag-actualites","11":"tag-actualites-paris","12":"tag-art-basel","13":"tag-eu","14":"tag-europe","15":"tag-expositions","16":"tag-fr","17":"tag-france","18":"tag-news","19":"tag-news-paris","20":"tag-paris","21":"tag-paris-news","22":"tag-republique-francaise"},"share_on_mastodon":{"url":"https:\/\/pubeurope.com\/@fr\/115429076911998686","error":""},"_links":{"self":[{"href":"https:\/\/www.europesays.com\/fr\/wp-json\/wp\/v2\/posts\/486714","targetHints":{"allow":["GET"]}}],"collection":[{"href":"https:\/\/www.europesays.com\/fr\/wp-json\/wp\/v2\/posts"}],"about":[{"href":"https:\/\/www.europesays.com\/fr\/wp-json\/wp\/v2\/types\/post"}],"author":[{"embeddable":true,"href":"https:\/\/www.europesays.com\/fr\/wp-json\/wp\/v2\/users\/2"}],"replies":[{"embeddable":true,"href":"https:\/\/www.europesays.com\/fr\/wp-json\/wp\/v2\/comments?post=486714"}],"version-history":[{"count":0,"href":"https:\/\/www.europesays.com\/fr\/wp-json\/wp\/v2\/posts\/486714\/revisions"}],"wp:featuredmedia":[{"embeddable":true,"href":"https:\/\/www.europesays.com\/fr\/wp-json\/wp\/v2\/media\/486715"}],"wp:attachment":[{"href":"https:\/\/www.europesays.com\/fr\/wp-json\/wp\/v2\/media?parent=486714"}],"wp:term":[{"taxonomy":"category","embeddable":true,"href":"https:\/\/www.europesays.com\/fr\/wp-json\/wp\/v2\/categories?post=486714"},{"taxonomy":"post_tag","embeddable":true,"href":"https:\/\/www.europesays.com\/fr\/wp-json\/wp\/v2\/tags?post=486714"}],"curies":[{"name":"wp","href":"https:\/\/api.w.org\/{rel}","templated":true}]}}