{"id":486725,"date":"2025-10-24T12:16:10","date_gmt":"2025-10-24T12:16:10","guid":{"rendered":"https:\/\/www.europesays.com\/fr\/486725\/"},"modified":"2025-10-24T12:16:10","modified_gmt":"2025-10-24T12:16:10","slug":"jean-philippe-feldman-margaret-thatcher-un-modele-pour-la-france","status":"publish","type":"post","link":"https:\/\/www.europesays.com\/fr\/486725\/","title":{"rendered":"Jean-Philippe Feldman : Margaret Thatcher, un mod\u00e8le pour la France"},"content":{"rendered":"<p>Les Britanniques ont eu Margaret Thatcher, disparue en 2013 et dont on f\u00eate le centenaire de la naissance ce mois d\u2019octobre ; les Fran\u00e7ais ont eu \u00c9dith Cresson et \u00c9lisabeth Borne. Bien s\u00fbr, pour nos m\u00e9dias du service public, l\u2019ancienne Premi\u00e8re ministre du <a href=\"https:\/\/www.valeursactuelles.com\/tag\/royaume-uni\" target=\"_blank\" rel=\"noopener\">Royaume-Uni<\/a> reste synonyme d\u2019\u201cultralib\u00e9ralisme\u201d, de s\u00e9cheresse de c\u0153ur, de toutes les insultes que chantait Renaud dans Miss Maggie. Et pourtant\u2026<\/p>\n<p><a href=\"https:\/\/www.valeursactuelles.com\/clubvaleurs\/monde\/royaume-uni-le-phenomene-reform-uk\" class=\"h-flex h-align-items-center h-border-tb h-ptb-15\" target=\"_blank\" rel=\"noopener\">A\u00a0LIRE\u00a0Royaume-Uni : Le ph\u00e9nom\u00e8ne Reform UK<\/a><\/p>\n<p>\u200bPourtant, lorsque Margaret Thatcher arrive au pouvoir, en 1979, elle lance avant Ronald Reagan ce qu\u2019on appellera la \u201cr\u00e9volution conservatrice\u201d, le terme \u201cconservateur\u201d renvoyant au nom de son parti et non pas \u00e0 la politique qu\u2019elle va mener. Le pays est alors \u201cl\u2019homme malade de l\u2019Europe\u201d : dirig\u00e9 depuis des d\u00e9cennies par des socialistes de droite comme de gauche, conservateurs ou de travaillistes, le Royaume-Uni s\u2019est enfonc\u00e9 dans le n\u00e9okeyn\u00e9sianisme et un \u00c9tat providence scl\u00e9rosant. Le niveau de vie des Britanniques est alors faible par rapport au n\u00f4tre ; le ch\u00f4mage et l\u2019inflation sont \u00e9lev\u00e9s, les imp\u00f4ts \u00e9crasants, ce qui d\u00e9courage l\u2019esprit d\u2019entreprise et fait fuir les talents ; les syndicats prennent le pays en otage. Bref, la nation est en d\u00e9clin.<\/p>\n<p>Anticommunisme virulent, d\u00e9fense de la propri\u00e9t\u00e9 et des principes \u00e9conomiques lib\u00e9raux<\/p>\n<p>\u200bPour arriver au 10, Downing Street, il a fallu que l\u2019ambitieuse, d\u2019origine modeste, s\u2019impose au sein de son propre parti, engonc\u00e9 dans l\u2019interventionnisme. \u00c0 la t\u00eate de l\u2019opposition en 1975, elle devient Premi\u00e8re ministre quatre ann\u00e9es plus tard avec des convictions fortes : un anticommunisme virulent, une d\u00e9fense ardente de la propri\u00e9t\u00e9 et des principes \u00e9conomiques lib\u00e9raux qui lui ont \u00e9t\u00e9 inculqu\u00e9s par les intellectuels et les think tanks qui gravitaient autour d\u2019elle. Elle r\u00e9ussit \u00e0 retourner le caract\u00e8re infamant du surnom de \u201cdame de fer\u201d dont elle est affubl\u00e9e depuis les ann\u00e9es 1970.<\/p>\n<p>\u200bEn effet, c\u2019est avec beaucoup d\u2019abn\u00e9gation qu\u2019elle conduit sa politique de privatisations tous azimuts, de baisse de moiti\u00e9 du taux marginal de l\u2019imp\u00f4t sur le revenu, de suppression des organismes publics et parapublics inutiles. Elle r\u00e9ussit \u00e0 vaincre les nombreux obstacles qui lui sont oppos\u00e9s lors de son premier mandat, en parvenant notamment \u00e0 briser les syndicats qui paralysaient le pays. Ran\u00e7on du succ\u00e8s, elle sera deux fois r\u00e9\u00e9lue lors de ses onze ann\u00e9es et demie de mandat, la dur\u00e9e la plus longue pour un Premier ministre depuis le XIXe si\u00e8cle. M\u00eame si les Britanniques ont commis bien des erreurs depuis son d\u00e9part, ils ont progressivement rattrap\u00e9 notre niveau avant de le d\u00e9passer et ils sont devant en termes de PIB depuis 2014.<\/p>\n<p><a href=\"https:\/\/www.valeursactuelles.com\/monde\/royaume-uni-la-cathedrale-de-canterbury-profanee-et-saccagee-par-une-exposition-dart-moderne-dextreme-gauche\" class=\"h-flex h-align-items-center h-border-tb h-ptb-15\" target=\"_blank\" rel=\"noopener\">A\u00a0LIRE\u00a0Royaume-Uni : la cath\u00e9drale de Canterbury profan\u00e9e et saccag\u00e9e par une exposition d\u2019art moderne d\u2019extr\u00eame gauche<\/a>Nous attendons encore le (ou la) Thatcher fran\u00e7ais<\/p>\n<p>\u200bMargaret Thatcher reste une source d\u2019inspiration pour les femmes et les hommes politiques dans le monde entier. Mar\u00eda Corina Machado, derni\u00e8re Prix Nobel de la paix, n\u2019est-elle pas appel\u00e9e \u201cla Thatcher v\u00e9n\u00e9zu\u00e9lienne\u201d ? Le pr\u00e9sident argentin, <a href=\"https:\/\/www.valeursactuelles.com\/tag\/javier-milei\" target=\"_blank\" rel=\"noopener\">Javier Milei<\/a>, n\u2019a-t-il pas clam\u00e9 \u00e0 de nombreuses reprises son admiration pour l\u2019ancienne Premi\u00e8re ministre, en d\u00e9pit de la cuisante d\u00e9faite des Falklands ?<\/p>\n<p>\u200bEt en d\u00e9finitive, la situation fran\u00e7aise actuelle est-elle si \u00e9loign\u00e9e de celle que Margaret Thatcher a trouv\u00e9e lorsqu\u2019elle est arriv\u00e9e \u00e0 la t\u00eate du gouvernement britannique ? Ne sommes-nous pas dans une soci\u00e9t\u00e9 bloqu\u00e9e, percluse de passe-droits et de privil\u00e8ges, suradministr\u00e9e, sur-impos\u00e9e, bloqu\u00e9e par les syndicats, aux services publics pesants mais gravement d\u00e9faillants, gouvern\u00e9e par des m\u00e9diocres, en bref un pays dans lequel les lions sont men\u00e9s par les \u00e2nes, un pays \u201cqui tombe\u201d, pour paraphraser le titre d\u2019un ouvrage paru il y a douze ans d\u00e9j\u00e0 ? Nous attendons encore le (ou la) Thatcher fran\u00e7ais, non pas comme un homme providentiel mais comme celui qui pourra enfin lib\u00e9rer les \u00e9nergies, comme celui qui permettra enfin \u00e0 la soci\u00e9t\u00e9 civile de prendre le pas sur l\u2019\u00c9tat. Sera-ce pour la prochaine \u00e9lection <a href=\"https:\/\/www.valeursactuelles.com\/tag\/presidentielle\" target=\"_blank\" rel=\"noopener\">pr\u00e9sidentielle<\/a> ? Il y a tant de talents brid\u00e9s dans notre pays par la cohorte de ceux que le grand \u00e9conomiste Fr\u00e9d\u00e9ric Bastiat appelait les \u00ab enrayeurs \u00bb.<\/p>\n<p>\u200b* Jean-Philippe Feldman est agr\u00e9g\u00e9 des facult\u00e9s de droit, ancien professeur des universit\u00e9s et chercheur \u00e0 l\u2019Institut de recherches \u00e9conomiques et fiscales (Iref).<\/p>\n","protected":false},"excerpt":{"rendered":"Les Britanniques ont eu Margaret Thatcher, disparue en 2013 et dont on f\u00eate le centenaire de la naissance&hellip;\n","protected":false},"author":2,"featured_media":486726,"comment_status":"","ping_status":"","sticky":false,"template":"","format":"standard","meta":{"footnotes":""},"categories":[1588],"tags":[11,60994,1777,674,38033,12,316,473,1853,2549,1851,1850,1852],"class_list":{"0":"post-486725","1":"post","2":"type-post","3":"status-publish","4":"format-standard","5":"has-post-thumbnail","7":"category-royaume-uni","8":"tag-actualites","9":"tag-conservatisme","10":"tag-eu","11":"tag-europe","12":"tag-liberalisme","13":"tag-news","14":"tag-politique","15":"tag-royaume-uni","16":"tag-royaume-uni-de-grande-bretagne-et-dirlande-du-nord","17":"tag-taxe","18":"tag-uk","19":"tag-united-kingdom","20":"tag-united-kingdom-of-great-britain-and-northern-ireland"},"share_on_mastodon":{"url":"https:\/\/pubeurope.com\/@fr\/115429100162367154","error":""},"_links":{"self":[{"href":"https:\/\/www.europesays.com\/fr\/wp-json\/wp\/v2\/posts\/486725","targetHints":{"allow":["GET"]}}],"collection":[{"href":"https:\/\/www.europesays.com\/fr\/wp-json\/wp\/v2\/posts"}],"about":[{"href":"https:\/\/www.europesays.com\/fr\/wp-json\/wp\/v2\/types\/post"}],"author":[{"embeddable":true,"href":"https:\/\/www.europesays.com\/fr\/wp-json\/wp\/v2\/users\/2"}],"replies":[{"embeddable":true,"href":"https:\/\/www.europesays.com\/fr\/wp-json\/wp\/v2\/comments?post=486725"}],"version-history":[{"count":0,"href":"https:\/\/www.europesays.com\/fr\/wp-json\/wp\/v2\/posts\/486725\/revisions"}],"wp:featuredmedia":[{"embeddable":true,"href":"https:\/\/www.europesays.com\/fr\/wp-json\/wp\/v2\/media\/486726"}],"wp:attachment":[{"href":"https:\/\/www.europesays.com\/fr\/wp-json\/wp\/v2\/media?parent=486725"}],"wp:term":[{"taxonomy":"category","embeddable":true,"href":"https:\/\/www.europesays.com\/fr\/wp-json\/wp\/v2\/categories?post=486725"},{"taxonomy":"post_tag","embeddable":true,"href":"https:\/\/www.europesays.com\/fr\/wp-json\/wp\/v2\/tags?post=486725"}],"curies":[{"name":"wp","href":"https:\/\/api.w.org\/{rel}","templated":true}]}}