{"id":486727,"date":"2025-10-24T12:17:35","date_gmt":"2025-10-24T12:17:35","guid":{"rendered":"https:\/\/www.europesays.com\/fr\/486727\/"},"modified":"2025-10-24T12:17:35","modified_gmt":"2025-10-24T12:17:35","slug":"lallemagne-est-le-partenaire-strategique-du-vietnam-en-matiere-de-developpement-des-ressources-humaines","status":"publish","type":"post","link":"https:\/\/www.europesays.com\/fr\/486727\/","title":{"rendered":"L\u2019Allemagne est le partenaire strat\u00e9gique du Vietnam en mati\u00e8re de d\u00e9veloppement des ressources humaines."},"content":{"rendered":"<p> L&rsquo;atelier de coop\u00e9ration Vietnam &#8211; Allemagne sur la formation et le d\u00e9veloppement des ressources humaines pour les \u00e9tudes universitaires et professionnelles en Allemagne a eu lieu le 24 octobre \u00e0 Hanoi, \u00e0 l&rsquo;occasion du 50e anniversaire de l&rsquo;\u00e9tablissement des relations <a class=\"data-link\" data-org-href=\"https:\/\/www.vietnam.vn\/category\/ngoai-giao\" href=\"https:\/\/www.vietnam.vn\/category\/ngoai-giao\" title=\"diplomatique\" target=\"_blank\" rel=\"noopener\">diplomatiques<\/a> entre le Vietnam et la R\u00e9publique f\u00e9d\u00e9rale d&rsquo;Allemagne (1975-2025). <\/p>\n<p><img decoding=\"async\" data-author=\"\" src=\"https:\/\/www.europesays.com\/fr\/wp-content\/uploads\/2025\/10\/1761303804257_anh-chup-man-hinh-2025-10-24-luc-170455-17613006600221812566566.png\" id=\"img_186163052804513792\" w=\"906\" h=\"565\" alt=\"\u0110\u1ee9c l\u00e0 \u0111\u1ed1i t\u00e1c chi\u1ebfn l\u01b0\u1ee3c c\u1ee7a Vi\u1ec7t Nam trong ph\u00e1t tri\u1ec3n ngu\u1ed3n nh\u00e2n l\u1ef1c - \u1ea2nh 1.\" title=\"\" rel=\"lightbox\" photoid=\"186163052804513792\" data-original=\"https:\/\/nld.mediacdn.vn\/291774122806476800\/2025\/10\/24\/anh-chup-man-hinh-2025-10-24-luc-170455-17613006600221812566566.png\" type=\"photo\" style=\"max-width:100%;\" width=\"906\" height=\"565\" loading=\"lazy\"\/><\/p>\n<p data-placeholder=\"Nh\u1eadp ch\u00fa th\u00edch \u1ea3nh\"> Lancement officiel de l&rsquo;Association <a class=\"data-link\" data-org-href=\"https:\/\/www.vietnam.vn\/category\/giao-duc\" href=\"https:\/\/www.vietnam.vn\/category\/giao-duc\" title=\"\u00c9ducation\" target=\"_blank\" rel=\"noopener\">pour l&rsquo;\u00e9ducation<\/a> et l&#8217;emploi Vietnam-Allemagne<\/p>\n<p> L&rsquo;\u00e9v\u00e9nement a attir\u00e9 l&rsquo;attention de pr\u00e8s de 200 d\u00e9l\u00e9gu\u00e9s, dont des repr\u00e9sentants d&rsquo;agences allemandes telles que le DAAD, l&rsquo;AHK, le Goethe-Institut, la GIZ&#8230; ainsi que des particuliers et des organisations li\u00e9s \u00e0 la formation en langue allemande et au conseil en \u00e9tudes allemandes \u00e0 l&rsquo;\u00e9tranger. <\/p>\n<p> Au cours de la derni\u00e8re d\u00e9cennie, des milliers d&rsquo;\u00e9tudiants et de travailleurs vietnamiens ont \u00e9tudi\u00e9 et travaill\u00e9 en Allemagne dans le cadre de programmes de formation professionnelle, de conversion de dipl\u00f4mes et de travail hautement qualifi\u00e9, contribuant activement au d\u00e9veloppement socio- <a class=\"data-link\" data-org-href=\"https:\/\/www.vietnam.vn\/category\/kinh-te\" href=\"https:\/\/www.vietnam.vn\/category\/kinh-te\" title=\"\u00e9conomie\" target=\"_blank\" rel=\"noopener\">\u00e9conomique<\/a> des deux pays. <\/p>\n<p><img decoding=\"async\" data-author=\"\" src=\"https:\/\/www.europesays.com\/fr\/wp-content\/uploads\/2025\/10\/1761303804723_tett2327-1761300597603298329464.jpeg\" id=\"img_186162928970915840\" w=\"2560\" h=\"1707\" alt=\"\u0110\u1ee9c l\u00e0 \u0111\u1ed1i t\u00e1c chi\u1ebfn l\u01b0\u1ee3c c\u1ee7a Vi\u1ec7t Nam trong ph\u00e1t tri\u1ec3n ngu\u1ed3n nh\u00e2n l\u1ef1c - \u1ea2nh 2.\" title=\"\" rel=\"lightbox\" photoid=\"186162928970915840\" data-original=\"https:\/\/nld.mediacdn.vn\/291774122806476800\/2025\/10\/24\/tett2327-1761300597603298329464.jpg\" type=\"photo\" style=\"max-width:100%;\" width=\"2560\" height=\"1707\" loading=\"lazy\"\/><\/p>\n<p data-placeholder=\"Nh\u1eadp ch\u00fa th\u00edch \u1ea3nh\"> L\u2019Allemagne est le partenaire strat\u00e9gique du Vietnam en mati\u00e8re de d\u00e9veloppement des ressources humaines.<\/p>\n<p> Selon les experts, l&rsquo;Allemagne est actuellement le principal partenaire europ\u00e9en du Vietnam, avec une coop\u00e9ration approfondie dans de nombreux domaines, notamment l&rsquo;\u00e9ducation, la formation professionnelle et le d\u00e9veloppement d&rsquo;une main-d&rsquo;\u0153uvre hautement qualifi\u00e9e. Dans un contexte o\u00f9 l&rsquo;\u00e9conomie allemande a besoin d&rsquo;importants apports de ressources humaines \u00e9trang\u00e8res pour maintenir sa croissance et r\u00e9pondre aux besoins de son d\u00e9veloppement industriel, le Vietnam est devenu un partenaire fiable pour fournir des ressources humaines de qualit\u00e9.<\/p>\n<p> L&rsquo;environnement d&rsquo;apprentissage et de travail en Allemagne est consid\u00e9r\u00e9 comme moderne, professionnel et rigoureux, et offre de nombreuses opportunit\u00e9s de d\u00e9veloppement \u00e0 long terme, ce qui en fait une destination attractive pour les jeunes Vietnamiens. La demande allemande en ressources humaines continuera de cro\u00eetre au cours de la prochaine d\u00e9cennie. <\/p>\n<p><img decoding=\"async\" data-author=\"\" src=\"https:\/\/www.europesays.com\/fr\/wp-content\/uploads\/2025\/10\/1761303805059_36cf84f1c20f4f51161e-1761300602827761130935.jpeg\" id=\"img_186162933427363840\" w=\"1290\" h=\"837\" alt=\"\u0110\u1ee9c l\u00e0 \u0111\u1ed1i t\u00e1c chi\u1ebfn l\u01b0\u1ee3c c\u1ee7a Vi\u1ec7t Nam trong ph\u00e1t tri\u1ec3n ngu\u1ed3n nh\u00e2n l\u1ef1c - \u1ea2nh 3.\" title=\"\" rel=\"lightbox\" photoid=\"186162933427363840\" data-original=\"https:\/\/nld.mediacdn.vn\/291774122806476800\/2025\/10\/24\/36cf84f1c20f4f51161e-1761300602827761130935.jpg\" type=\"photo\" style=\"max-width:100%;\" width=\"1290\" height=\"837\" loading=\"lazy\"\/><\/p>\n<p data-placeholder=\"Nh\u1eadp ch\u00fa th\u00edch \u1ea3nh\"> M. Nguyen Toan Thang, vice-pr\u00e9sident permanent de l&rsquo;Association d&rsquo;amiti\u00e9 Vietnam-Allemagne, a pris la parole lors de l&rsquo;atelier.<\/p>\n<p> L&rsquo;Allemagne est devenue plus ouverte et de nombreux programmes acceptent les dipl\u00f4m\u00e9s issus d&rsquo;une formation vietnamienne pour travailler imm\u00e9diatement en Allemagne ou raccourcir la dur\u00e9e de la formation. Le gouvernement allemand m\u00e8ne une politique d&rsquo;ouverture permettant l&rsquo;installation permanente et la citoyennet\u00e9 des \u00e9tudiants internationaux ainsi que des travailleurs \u00e9trangers travaillant en Allemagne.<\/p>\n<p> A cette occasion, l&rsquo;Association pour l&rsquo;\u00e9ducation et l&#8217;emploi Vietnam &#8211; Allemagne (VGECA) a \u00e9t\u00e9 officiellement lanc\u00e9e dans l&rsquo;espoir d&rsquo;int\u00e9grer les \u00e9tudes \u00e0 l&rsquo;\u00e9tranger et les activit\u00e9s d&#8217;emploi en Allemagne dans un cadre transparent, professionnel et efficace, r\u00e9pondant aux attentes du Vietnam et de l&rsquo;Allemagne. <\/p>\n<p><img decoding=\"async\" data-author=\"\" src=\"https:\/\/www.europesays.com\/fr\/wp-content\/uploads\/2025\/10\/1761303805448_3114200356645564408-176130060221847245271.jpeg\" id=\"img_186162931056451584\" w=\"1290\" h=\"816\" alt=\"\u0110\u1ee9c l\u00e0 \u0111\u1ed1i t\u00e1c chi\u1ebfn l\u01b0\u1ee3c c\u1ee7a Vi\u1ec7t Nam trong ph\u00e1t tri\u1ec3n ngu\u1ed3n nh\u00e2n l\u1ef1c - \u1ea2nh 4.\" title=\"\" rel=\"lightbox\" photoid=\"186162931056451584\" data-original=\"https:\/\/nld.mediacdn.vn\/291774122806476800\/2025\/10\/24\/3114200356645564408-176130060221847245271.jpg\" type=\"photo\" style=\"max-width:100%;\" width=\"1290\" height=\"816\" loading=\"lazy\"\/><\/p>\n<p data-placeholder=\"Nh\u1eadp ch\u00fa th\u00edch \u1ea3nh\"> Dr Nguyen Tuan Nam, directeur de l&rsquo;Association d&rsquo;enseignement professionnel Vietnam-Allemagne<\/p>\n<p> L&rsquo;objectif de la VGECA est de standardiser l&rsquo;enseignement de la langue et de la culture allemandes, de fournir des informations pr\u00e9cises et fiables aux \u00e9tudiants, aux parents et aux employ\u00e9s\u00a0; d&rsquo;am\u00e9liorer les capacit\u00e9s op\u00e9rationnelles des unit\u00e9s membres en mati\u00e8re de conseil, d&rsquo;enseignement de l&rsquo;allemand et de soutien \u00e0 l&rsquo;int\u00e9gration. Parall\u00e8lement, elle repr\u00e9sente la voix commune des entreprises du secteur et coordonne ses activit\u00e9s avec les agences, organisations et filiales vietnamiennes et allemandes afin de promouvoir un d\u00e9veloppement durable dans les domaines de l&rsquo;\u00e9ducation et de l&#8217;emploi.<\/p>\n<p> L&rsquo;association est \u00e9galement un pont entre les organisations, les entreprises et les soci\u00e9t\u00e9s allemandes ayant besoin de ressources humaines au Vietnam et les membres de l&rsquo;association. <\/p>\n<p><img decoding=\"async\" data-author=\"\" src=\"https:\/\/www.europesays.com\/fr\/wp-content\/uploads\/2025\/10\/1761303806162_tett2066-1761300600347212795595.jpeg\" id=\"img_186162936141078528\" w=\"2560\" h=\"1707\" alt=\"\u0110\u1ee9c l\u00e0 \u0111\u1ed1i t\u00e1c chi\u1ebfn l\u01b0\u1ee3c c\u1ee7a Vi\u1ec7t Nam trong ph\u00e1t tri\u1ec3n ngu\u1ed3n nh\u00e2n l\u1ef1c - \u1ea2nh 5.\" title=\"\" rel=\"lightbox\" photoid=\"186162936141078528\" data-original=\"https:\/\/nld.mediacdn.vn\/291774122806476800\/2025\/10\/24\/tett2066-1761300600347212795595.jpg\" type=\"photo\" style=\"max-width:100%;\" width=\"2560\" height=\"1707\" loading=\"lazy\"\/><\/p>\n<p data-placeholder=\"Nh\u1eadp ch\u00fa th\u00edch \u1ea3nh\" class=\"\"> L&rsquo;atelier a attir\u00e9 plus de 200 d\u00e9l\u00e9gu\u00e9s<\/p>\n<p> La VGECA a soulign\u00e9 les d\u00e9fis actuels, tels que la faiblesse des comp\u00e9tences en allemand et des orientations professionnelles, la lenteur des proc\u00e9dures administratives et la qualit\u00e9 in\u00e9gale des conseils. L&rsquo;association s&rsquo;engage \u00e0 collaborer avec ses partenaires allemands pour construire un espace de coop\u00e9ration \u00e9quitable, efficace et durable en mati\u00e8re de ressources humaines, favorisant ainsi un march\u00e9 du travail transparent et une meilleure protection des droits des apprenants vietnamiens. <\/p>\n<p class=\"mb-0\">Source: https:\/\/nld.com.vn\/duc-la-doi-tac-chien-luoc-cua-viet-nam-trong-phat-trien-nguon-nhan-luc-196251024172048821.htm<\/p>\n","protected":false},"excerpt":{"rendered":"L&rsquo;atelier de coop\u00e9ration Vietnam &#8211; Allemagne sur la formation et le d\u00e9veloppement des ressources humaines pour les \u00e9tudes&hellip;\n","protected":false},"author":2,"featured_media":486728,"comment_status":"","ping_status":"","sticky":false,"template":"","format":"standard","meta":{"footnotes":""},"categories":[1587],"tags":[11,672,1804,1805,1803,1777,674,1801,12,1802,8322,60995],"class_list":{"0":"post-486727","1":"post","2":"type-post","3":"status-publish","4":"format-standard","5":"has-post-thumbnail","7":"category-allemagne","8":"tag-actualites","9":"tag-allemagne","10":"tag-bundesrepublik-deutschland","11":"tag-de","12":"tag-deutschland","13":"tag-eu","14":"tag-europe","15":"tag-germany","16":"tag-news","17":"tag-republique-federale-dallemagne","18":"tag-ressources-humaines","19":"tag-vietnamien-allemand"},"share_on_mastodon":{"url":"https:\/\/pubeurope.com\/@fr\/115429104402781013","error":""},"_links":{"self":[{"href":"https:\/\/www.europesays.com\/fr\/wp-json\/wp\/v2\/posts\/486727","targetHints":{"allow":["GET"]}}],"collection":[{"href":"https:\/\/www.europesays.com\/fr\/wp-json\/wp\/v2\/posts"}],"about":[{"href":"https:\/\/www.europesays.com\/fr\/wp-json\/wp\/v2\/types\/post"}],"author":[{"embeddable":true,"href":"https:\/\/www.europesays.com\/fr\/wp-json\/wp\/v2\/users\/2"}],"replies":[{"embeddable":true,"href":"https:\/\/www.europesays.com\/fr\/wp-json\/wp\/v2\/comments?post=486727"}],"version-history":[{"count":0,"href":"https:\/\/www.europesays.com\/fr\/wp-json\/wp\/v2\/posts\/486727\/revisions"}],"wp:featuredmedia":[{"embeddable":true,"href":"https:\/\/www.europesays.com\/fr\/wp-json\/wp\/v2\/media\/486728"}],"wp:attachment":[{"href":"https:\/\/www.europesays.com\/fr\/wp-json\/wp\/v2\/media?parent=486727"}],"wp:term":[{"taxonomy":"category","embeddable":true,"href":"https:\/\/www.europesays.com\/fr\/wp-json\/wp\/v2\/categories?post=486727"},{"taxonomy":"post_tag","embeddable":true,"href":"https:\/\/www.europesays.com\/fr\/wp-json\/wp\/v2\/tags?post=486727"}],"curies":[{"name":"wp","href":"https:\/\/api.w.org\/{rel}","templated":true}]}}