{"id":486729,"date":"2025-10-24T12:18:33","date_gmt":"2025-10-24T12:18:33","guid":{"rendered":"https:\/\/www.europesays.com\/fr\/486729\/"},"modified":"2025-10-24T12:18:33","modified_gmt":"2025-10-24T12:18:33","slug":"bientot-la-fin-du-changement-dheure-en-europe","status":"publish","type":"post","link":"https:\/\/www.europesays.com\/fr\/486729\/","title":{"rendered":"Bient\u00f4t la fin du changement d&rsquo;heure en Europe ?"},"content":{"rendered":"<p>Le passage tous les six mois \u00e0 l&rsquo;heure d&rsquo;hiver ou d&rsquo;\u00e9t\u00e9 a \u00e9t\u00e9 mis en place en Europe dans les ann\u00e9es 1970 pour r\u00e9aliser des \u00e9conomies d&rsquo;\u00e9nergie en pleine crise p\u00e9troli\u00e8re.<\/p>\n<p>La Commission europ\u00e9enne avait propos\u00e9 d\u00e8s 2018 de l&rsquo;abolir \u00e0 la suite d&rsquo;une vaste consultation \u00e0 travers l&rsquo;Europe. 84 % des participants, soit pr\u00e8s de 4 millions de personnes, s&rsquo;\u00e9taient prononc\u00e9es pour mettre fin \u00e0 cet usage, puis le Parlement avait donn\u00e9 son feu vert.<\/p>\n<p>Les partisans de sa suppression soulignent les impacts n\u00e9gatifs du changement d&rsquo;heure en mati\u00e8re de sant\u00e9 ou d&rsquo;accidents de la route, pour des <a href=\"https:\/\/www.geo.fr\/environnement\/changement-dheure-une-chercheuse-calcule-les-economies-denergie-realisees-si-on-gardait-lheure-dete-212236\" target=\"_blank\" rel=\"noopener\">\u00e9conomies d&rsquo;\u00e9nergies<\/a> devenues\u00a0modestes, du fait notamment de la g\u00e9n\u00e9ralisation des \u00e9clairages \u00e0 basse consommation.<\/p>\n<p>Mais la mesure n&rsquo;a jamais \u00e9t\u00e9 mise en place, faute d&rsquo;accord entre les 27.<\/p>\n<p>\u00c0 l&rsquo;occasion du passage \u00e0 l&rsquo;heure d&rsquo;hiver, les eurod\u00e9put\u00e9s ont remis le sujet sur le tapis, \u00e0 l&rsquo;occasion d&rsquo;un d\u00e9bat dans l&rsquo;h\u00e9micycle de Strasbourg.<\/p>\n<p>Un syst\u00e8me d\u00e9suet<\/p>\n<p>\u00ab\u00a0Le temps est venu de mettre enfin un coup d&rsquo;arr\u00eat au <a href=\"https:\/\/www.geo.fr\/histoire\/changement-heure-2024-date-passage-heure-hiver-vraiment-derniere-fois-206844\" target=\"_blank\" rel=\"noopener\">changement d&rsquo;heure<\/a>\u00ab\u00a0, a plaid\u00e9 le commissaire aux Transports Apostolos Tzitzikostas, confirmant que l&rsquo;ex\u00e9cutif europ\u00e9en n&rsquo;avait pas abandonn\u00e9 le combat.<\/p>\n<p>Ce syst\u00e8me \u00ab\u00a0nous concerne tous, agace la plupart d&rsquo;entre nous, et je dirais m\u00eame plus, nous fait du mal\u00a0\u00bb, alors qu&rsquo;il \u00ab\u00a0ne g\u00e9n\u00e8re m\u00eame plus d&rsquo;\u00e9conomies d&rsquo;\u00e9nergie\u00a0\u00bb, a-t-il expliqu\u00e9.<\/p>\n<p>La Commission a command\u00e9 une nouvelle analyse, pour conforter ses efforts en vue de l&rsquo;abolition du changement d&rsquo;heure.<\/p>\n<p>L&rsquo;Espagne a \u00e9galement lanc\u00e9 un nouvel appel \u00e0 supprimer le changement d&rsquo;heure, lors d&rsquo;une r\u00e9union lundi des ministres de l&rsquo;\u00c9nergie. Selon une source diplomatique europ\u00e9enne, la Pologne et la Finlande ont apport\u00e9 leur soutien \u00e0 cette d\u00e9marche.<\/p>\n<p>\u00ab\u00a0Changer d&rsquo;heure deux fois par an n&rsquo;a plus aucun sens. Cela contribue \u00e0 peine \u00e0 faire des \u00e9conomies d&rsquo;\u00e9nergie, mais \u00e7a a des effets n\u00e9gatifs sur la sant\u00e9 et la vie des gens\u00a0\u00bb, a d\u00e9fendu le Premier ministre espagnol Pedro Sanchez, sur le r\u00e9seau social X.<\/p>\n","protected":false},"excerpt":{"rendered":"Le passage tous les six mois \u00e0 l&rsquo;heure d&rsquo;hiver ou d&rsquo;\u00e9t\u00e9 a \u00e9t\u00e9 mis en place en Europe&hellip;\n","protected":false},"author":2,"featured_media":486730,"comment_status":"","ping_status":"","sticky":false,"template":"","format":"standard","meta":{"footnotes":""},"categories":[1586],"tags":[11,312,1777,674,1011,27,3838,12,25,8904,1778,2475],"class_list":{"0":"post-486729","1":"post","2":"type-post","3":"status-publish","4":"format-standard","5":"has-post-thumbnail","7":"category-europe","8":"tag-actualites","9":"tag-diplomatie","10":"tag-eu","11":"tag-europe","12":"tag-fr","13":"tag-france","14":"tag-heure","15":"tag-news","16":"tag-republique-francaise","17":"tag-u00e9nergie","18":"tag-ue","19":"tag-union-europu00e9enne"},"share_on_mastodon":{"url":"https:\/\/pubeurope.com\/@fr\/115429107564432326","error":""},"_links":{"self":[{"href":"https:\/\/www.europesays.com\/fr\/wp-json\/wp\/v2\/posts\/486729","targetHints":{"allow":["GET"]}}],"collection":[{"href":"https:\/\/www.europesays.com\/fr\/wp-json\/wp\/v2\/posts"}],"about":[{"href":"https:\/\/www.europesays.com\/fr\/wp-json\/wp\/v2\/types\/post"}],"author":[{"embeddable":true,"href":"https:\/\/www.europesays.com\/fr\/wp-json\/wp\/v2\/users\/2"}],"replies":[{"embeddable":true,"href":"https:\/\/www.europesays.com\/fr\/wp-json\/wp\/v2\/comments?post=486729"}],"version-history":[{"count":0,"href":"https:\/\/www.europesays.com\/fr\/wp-json\/wp\/v2\/posts\/486729\/revisions"}],"wp:featuredmedia":[{"embeddable":true,"href":"https:\/\/www.europesays.com\/fr\/wp-json\/wp\/v2\/media\/486730"}],"wp:attachment":[{"href":"https:\/\/www.europesays.com\/fr\/wp-json\/wp\/v2\/media?parent=486729"}],"wp:term":[{"taxonomy":"category","embeddable":true,"href":"https:\/\/www.europesays.com\/fr\/wp-json\/wp\/v2\/categories?post=486729"},{"taxonomy":"post_tag","embeddable":true,"href":"https:\/\/www.europesays.com\/fr\/wp-json\/wp\/v2\/tags?post=486729"}],"curies":[{"name":"wp","href":"https:\/\/api.w.org\/{rel}","templated":true}]}}